{"id":32982,"date":"2022-08-08T21:43:51","date_gmt":"2022-08-08T18:43:51","guid":{"rendered":"https:\/\/www.adanaseshaber.com\/?p=32982"},"modified":"2022-08-08T21:44:29","modified_gmt":"2022-08-08T18:44:29","slug":"rusyada-sonmeyen-ates-anitina-iseyen-3-turk-tutuklandi","status":"publish","type":"post","link":"https:\/\/adanaseshaber.com.tr\/?p=32982","title":{"rendered":"Rusya\u2019da S\u00f6nmeyen Ate\u015f An\u0131t\u0131\u2019na i\u015feyen 3 T\u00fcrk tutukland\u0131"},"content":{"rendered":"<p>Rusya\u2019da S\u00f6nmeyen Ate\u015f An\u0131t\u0131\u2019na idrar\u0131n\u0131 yapan 3 T\u00fcrk turistin olay\u0131 d\u00fcnya g\u00fcndemine yerle\u015fti. 2. D\u00fcnya Sava\u015f\u0131 an\u0131s\u0131na yap\u0131lan \u2018S\u00f6nmeyen Ate\u015f\u2019 an\u0131t\u0131na idrar\u0131n\u0131 yapan 3 T\u00fcrk, video g\u00f6r\u00fcnt\u00fcs\u00fcyle tespit edilerek tutukland\u0131. Sayg\u0131s\u0131zl\u0131k yapan 3 T\u00fcrk turistin g\u00f6r\u00fcnt\u00fclerde tespit edildikten sonra tutuklanarak cezaevine g\u00f6nderildikleri \u00f6\u011frenildi. G\u00f6r\u00fcnt\u00fcler ise d\u00fcnya g\u00fcndemine yerle\u015fti. 2. D\u00fcnya Sava\u015f\u0131 an\u0131s\u0131na yap\u0131lan \u2018S\u00f6nmeyen Ate\u015f\u2019 an\u0131t\u0131na tuvaletini yapan 3 T\u00fcrk\u2019\u00fcn tutuklanarak cezaevine g\u00f6nderilmesi d\u00fcnya g\u00fcndeminde geni\u015f yer buldu. G\u00fcndeme yerle\u015fen g\u00f6r\u00fcnt\u00fcler sosyal medyada da \u00e7ok konu\u015fuldu. Video g\u00f6r\u00fcnt\u00fclerinden tespit edilen 3 T\u00fcrk, sayg\u0131s\u0131z davran\u0131\u015flar\u0131n\u0131n ard\u0131ndan tutuklanarak cezaevine g\u00f6nderildi. \u0130\u015fte olay\u0131n detaylar\u0131\u2026<\/p>\n<p><strong>S\u00d6NMEYEN ATE\u015e ANITI\u2019NA \u0130DRARINI YAPAN 3 T\u00dcRK G\u00dcNDEMDE<\/strong><\/p>\n<p>Rusya Federasyonu\u2019nun Mari El Cumhuriyeti\u2019nde 2. D\u00fcnya Sava\u015f\u0131 an\u0131s\u0131na yap\u0131lan \u2018S\u00f6nmeyen Ate\u015f\u2019 an\u0131t\u0131na tuvaletini yapan ve video g\u00f6r\u00fcnt\u00fcs\u00fcyle tespit edilen 3 T\u00fcrk turist olay\u0131 d\u00fcnya g\u00fcndemine yerle\u015fti. Zafer Park\u0131\u2019nda yer alan \u2018S\u00f6nmeyen Ate\u015f\u2019 an\u0131t\u0131na tuvaletini yapan 3 T\u00fcrk, olay\u0131n ard\u0131ndan g\u00f6zalt\u0131na al\u0131nd\u0131.<\/p>\n<p><img loading=\"lazy\" decoding=\"async\" class=\"aligncenter wp-image-32986 size-full\" src=\"https:\/\/adanaseshaber.com.tr\/wp-content\/uploads\/2022\/08\/rusyada-sonmeyen-ates-anitina-iseyen-3-turk-tutuklandi.jpeg\" alt=\"\" width=\"1280\" height=\"720\" srcset=\"https:\/\/adanaseshaber.com.tr\/wp-content\/uploads\/2022\/08\/rusyada-sonmeyen-ates-anitina-iseyen-3-turk-tutuklandi.jpeg 1280w, https:\/\/adanaseshaber.com.tr\/wp-content\/uploads\/2022\/08\/rusyada-sonmeyen-ates-anitina-iseyen-3-turk-tutuklandi-300x169.jpeg 300w, https:\/\/adanaseshaber.com.tr\/wp-content\/uploads\/2022\/08\/rusyada-sonmeyen-ates-anitina-iseyen-3-turk-tutuklandi-1024x576.jpeg 1024w, https:\/\/adanaseshaber.com.tr\/wp-content\/uploads\/2022\/08\/rusyada-sonmeyen-ates-anitina-iseyen-3-turk-tutuklandi-768x432.jpeg 768w, https:\/\/adanaseshaber.com.tr\/wp-content\/uploads\/2022\/08\/rusyada-sonmeyen-ates-anitina-iseyen-3-turk-tutuklandi-390x220.jpeg 390w\" sizes=\"auto, (max-width: 1280px) 100vw, 1280px\" \/><\/p>\n<p><strong>TUTUKLANDILAR<\/strong><\/p>\n<p>Olay, \u015eubat ay\u0131nda Yo\u015fkar Ola\u2019da meydana geldi. Al\u0131nan bilgilere g\u00f6re, \u015fehre turist olarak giden ve ya\u015flar\u0131 35, 40, 45 olan, isimleri a\u00e7\u0131klanmayan 3 T\u00fcrk, Zafer Park\u0131\u2019ndaki \u2018S\u00f6nmeyen Ate\u015f\u2019 an\u0131t\u0131na i\u015fedi. 2. D\u00fcnya Sava\u015f\u0131 an\u0131s\u0131na yap\u0131lan \u2018S\u00f6nmeyen Ate\u015f\u2019 an\u0131t\u0131na tuvaletini yapt\u0131klar\u0131 gerek\u00e7esiyle g\u00f6zalt\u0131na al\u0131nan ve Cuma g\u00fcn\u00fc duru\u015fmalar\u0131 g\u00f6r\u00fclen 3 T\u00fcrk, \u2018Ahlaki de\u011ferleri hi\u00e7e sayarak sava\u015f \u015fehitleri ve gazilerin manevi an\u0131s\u0131na sayg\u0131s\u0131zl\u0131k yapmaktan\u2019 su\u00e7lu bulundu ve 1\u2019er y\u0131l hapis cezas\u0131 alarak cezaevine g\u00f6nderildi.<\/p>\n","protected":false},"excerpt":{"rendered":"<p>Rusya\u2019da S\u00f6nmeyen Ate\u015f An\u0131t\u0131\u2019na idrar\u0131n\u0131 yapan 3 T\u00fcrk turistin olay\u0131 d\u00fcnya g\u00fcndemine yerle\u015fti. 2. D\u00fcnya Sava\u015f\u0131 an\u0131s\u0131na yap\u0131lan \u2018S\u00f6nmeyen Ate\u015f\u2019 an\u0131t\u0131na idrar\u0131n\u0131 yapan 3 T\u00fcrk, video g\u00f6r\u00fcnt\u00fcs\u00fcyle tespit edilerek tutukland\u0131. Sayg\u0131s\u0131zl\u0131k yapan 3 T\u00fcrk turistin g\u00f6r\u00fcnt\u00fclerde tespit edildikten sonra tutuklanarak cezaevine g\u00f6nderildikleri \u00f6\u011frenildi. G\u00f6r\u00fcnt\u00fcler ise d\u00fcnya g\u00fcndemine yerle\u015fti. 2. D\u00fcnya Sava\u015f\u0131 an\u0131s\u0131na yap\u0131lan \u2018S\u00f6nmeyen Ate\u015f\u2019 &hellip;<\/p>\n","protected":false},"author":6,"featured_media":32983,"comment_status":"closed","ping_status":"closed","sticky":false,"template":"","format":"standard","meta":{"footnotes":""},"categories":[1],"tags":[],"class_list":["post-32982","post","type-post","status-publish","format-standard","has-post-thumbnail","hentry","category-genel"],"amp_enabled":true,"_links":{"self":[{"href":"https:\/\/adanaseshaber.com.tr\/index.php?rest_route=\/wp\/v2\/posts\/32982","targetHints":{"allow":["GET"]}}],"collection":[{"href":"https:\/\/adanaseshaber.com.tr\/index.php?rest_route=\/wp\/v2\/posts"}],"about":[{"href":"https:\/\/adanaseshaber.com.tr\/index.php?rest_route=\/wp\/v2\/types\/post"}],"author":[{"embeddable":true,"href":"https:\/\/adanaseshaber.com.tr\/index.php?rest_route=\/wp\/v2\/users\/6"}],"replies":[{"embeddable":true,"href":"https:\/\/adanaseshaber.com.tr\/index.php?rest_route=%2Fwp%2Fv2%2Fcomments&post=32982"}],"version-history":[{"count":4,"href":"https:\/\/adanaseshaber.com.tr\/index.php?rest_route=\/wp\/v2\/posts\/32982\/revisions"}],"predecessor-version":[{"id":32988,"href":"https:\/\/adanaseshaber.com.tr\/index.php?rest_route=\/wp\/v2\/posts\/32982\/revisions\/32988"}],"wp:featuredmedia":[{"embeddable":true,"href":"https:\/\/adanaseshaber.com.tr\/index.php?rest_route=\/wp\/v2\/media\/32983"}],"wp:attachment":[{"href":"https:\/\/adanaseshaber.com.tr\/index.php?rest_route=%2Fwp%2Fv2%2Fmedia&parent=32982"}],"wp:term":[{"taxonomy":"category","embeddable":true,"href":"https:\/\/adanaseshaber.com.tr\/index.php?rest_route=%2Fwp%2Fv2%2Fcategories&post=32982"},{"taxonomy":"post_tag","embeddable":true,"href":"https:\/\/adanaseshaber.com.tr\/index.php?rest_route=%2Fwp%2Fv2%2Ftags&post=32982"}],"curies":[{"name":"wp","href":"https:\/\/api.w.org\/{rel}","templated":true}]}}