{"id":32989,"date":"2022-08-08T22:14:11","date_gmt":"2022-08-08T19:14:11","guid":{"rendered":"https:\/\/www.adanaseshaber.com\/?p=32989"},"modified":"2022-08-08T22:15:06","modified_gmt":"2022-08-08T19:15:06","slug":"cumhurbaskani-erdogan-huseyin-gazi-cemevinde-iftar-yapti","status":"publish","type":"post","link":"https:\/\/adanaseshaber.com.tr\/?p=32989","title":{"rendered":"Cumhurba\u015fkan\u0131 Erdo\u011fan, H\u00fcseyin Gazi Cemevi\u2019nde iftar yapt\u0131"},"content":{"rendered":"<p>Cumhurba\u015fkan\u0131 Recep Tayyip Erdo\u011fan, H\u00fcseyin Gazi Cemevi\u2019ni ziyaret etti ve burada Alevi dedeleriyle beraber Muharrem ay\u0131 iftar\u0131 yapt\u0131. Cumhurba\u015fkan\u0131 Erdo\u011fan\u2019\u0131n kat\u0131ld\u0131\u011f\u0131 iftarda Cumhurba\u015fkan\u0131 Yard\u0131mc\u0131s\u0131 Fuat Oktay, \u0130\u00e7i\u015fleri Bakan\u0131 S\u00fcleyman Soylu ve K\u00fclt\u00fcr ve Turizm Bakan\u0131 Mehmet Nuri Ersoy da yer ald\u0131. Son olarak bundan 15 y\u0131l \u00f6nce 2007 y\u0131l\u0131nda Ba\u015fbakan oldu\u011fu d\u00f6nemde Kazl\u0131\u00e7e\u015fme Cemevi\u2019ne giden Erdo\u011fan, 15 y\u0131l aradan sonra bug\u00fcn H\u00fcsetin Gazi Cemevi\u2019ne giderek Alevi dedeleriyle birlikte Muharrem ay\u0131 iftar\u0131 yapt\u0131. Erdo\u011fan\u2019\u0131n cemevi ziyareti, 15 y\u0131l aradan sonra ikinci ziyaret olarak kay\u0131tlara ge\u00e7ti.<\/p>\n<p><strong>CEMEV\u0130\u2019NDE MUHARREM AYI \u0130FTARI<\/strong><\/p>\n<p>Cumhurba\u015fkan\u0131 Recep Tayyip Erdo\u011fan, Ankara Mamak\u2019taki H\u00fcseyin Gazi Cemevi\u2019ne ziyarette bulundu. H\u00fcseyin Gazi T\u00fcrbesi ve Cemevi\u2019ni ziyaret eden Erdo\u011fan, Alevi dedelerle Muharrem ay\u0131 iftar\u0131 yapt\u0131.<\/p>\n<p><strong>BAKANLAR DA E\u015eL\u0130K ETT\u0130<\/strong><\/p>\n<p>Bilindi\u011fi gibi geride b\u0131rakt\u0131\u011f\u0131m\u0131z haftalarda Ankara\u2019da cemevine d\u00fczenlenen sald\u0131r\u0131 b\u00fcy\u00fck tepki \u00e7ekmi\u015f ve g\u00fcnlerce g\u00fcndemden d\u00fc\u015fmemi\u015fti. Bu sald\u0131r\u0131 sonras\u0131nda cemevini ziyaret etme karar\u0131 alan Erdo\u011fan, H\u00fcseyin Gazi Cemevi\u2019ne ziyarette bulundu ve burada iftar yapt\u0131. Erdo\u011fan\u2019\u0131n cemevi ziyaretinde kendisine Cumhurba\u015fkan\u0131 Yard\u0131mc\u0131s\u0131 Fuat Oktay, \u0130\u00e7i\u015flri Bakan\u0131 S\u00fcleyman Soylu ile K\u00fclt\u00fcr ve Turizm Bakan\u0131 Mehmet Nuri Ersoy e\u015flik etti.<\/p>\n<p><img loading=\"lazy\" decoding=\"async\" class=\"aligncenter wp-image-32991 size-full\" src=\"https:\/\/adanaseshaber.com.tr\/wp-content\/uploads\/2022\/08\/cumhurbaskani-erdogan-huseyin-gazi-cemevinde-iftar-yapti-1.jpg\" alt=\"\" width=\"1280\" height=\"720\" srcset=\"https:\/\/adanaseshaber.com.tr\/wp-content\/uploads\/2022\/08\/cumhurbaskani-erdogan-huseyin-gazi-cemevinde-iftar-yapti-1.jpg 1280w, https:\/\/adanaseshaber.com.tr\/wp-content\/uploads\/2022\/08\/cumhurbaskani-erdogan-huseyin-gazi-cemevinde-iftar-yapti-1-300x169.jpg 300w, https:\/\/adanaseshaber.com.tr\/wp-content\/uploads\/2022\/08\/cumhurbaskani-erdogan-huseyin-gazi-cemevinde-iftar-yapti-1-1024x576.jpg 1024w, https:\/\/adanaseshaber.com.tr\/wp-content\/uploads\/2022\/08\/cumhurbaskani-erdogan-huseyin-gazi-cemevinde-iftar-yapti-1-768x432.jpg 768w, https:\/\/adanaseshaber.com.tr\/wp-content\/uploads\/2022\/08\/cumhurbaskani-erdogan-huseyin-gazi-cemevinde-iftar-yapti-1-390x220.jpg 390w\" sizes=\"auto, (max-width: 1280px) 100vw, 1280px\" \/><\/p>\n<p><strong>15 YIL ARADAN SONRA \u0130K\u0130NC\u0130 Z\u0130YARET<\/strong><\/p>\n<p>\u0130lk cemevi ziyaretini bundan 15 y\u0131l \u00f6nce 2007 y\u0131l\u0131nda Ba\u015fbakan oldu\u011fu d\u00f6nemde ger\u00e7ekle\u015ftiren Cumhurba\u015fkan\u0131 Recep Tayyip Erdo\u011fan, 15 y\u0131l aradan sonra ikinci kez cemevi ziyaretinde bulundu. Erdo\u011fan, son olarak 2017 y\u0131l\u0131nda Alevi dedeleriyle Hali\u00e7 Kongre Merkezi\u2019nde bir araya gelmi\u015fti.<\/p>\n","protected":false},"excerpt":{"rendered":"<p>Cumhurba\u015fkan\u0131 Recep Tayyip Erdo\u011fan, H\u00fcseyin Gazi Cemevi\u2019ni ziyaret etti ve burada Alevi dedeleriyle beraber Muharrem ay\u0131 iftar\u0131 yapt\u0131. Cumhurba\u015fkan\u0131 Erdo\u011fan\u2019\u0131n kat\u0131ld\u0131\u011f\u0131 iftarda Cumhurba\u015fkan\u0131 Yard\u0131mc\u0131s\u0131 Fuat Oktay, \u0130\u00e7i\u015fleri Bakan\u0131 S\u00fcleyman Soylu ve K\u00fclt\u00fcr ve Turizm Bakan\u0131 Mehmet Nuri Ersoy da yer ald\u0131. Son olarak bundan 15 y\u0131l \u00f6nce 2007 y\u0131l\u0131nda Ba\u015fbakan oldu\u011fu d\u00f6nemde Kazl\u0131\u00e7e\u015fme Cemevi\u2019ne giden &hellip;<\/p>\n","protected":false},"author":6,"featured_media":32990,"comment_status":"closed","ping_status":"closed","sticky":false,"template":"","format":"standard","meta":{"footnotes":""},"categories":[1],"tags":[],"class_list":["post-32989","post","type-post","status-publish","format-standard","has-post-thumbnail","hentry","category-genel"],"amp_enabled":true,"_links":{"self":[{"href":"https:\/\/adanaseshaber.com.tr\/index.php?rest_route=\/wp\/v2\/posts\/32989","targetHints":{"allow":["GET"]}}],"collection":[{"href":"https:\/\/adanaseshaber.com.tr\/index.php?rest_route=\/wp\/v2\/posts"}],"about":[{"href":"https:\/\/adanaseshaber.com.tr\/index.php?rest_route=\/wp\/v2\/types\/post"}],"author":[{"embeddable":true,"href":"https:\/\/adanaseshaber.com.tr\/index.php?rest_route=\/wp\/v2\/users\/6"}],"replies":[{"embeddable":true,"href":"https:\/\/adanaseshaber.com.tr\/index.php?rest_route=%2Fwp%2Fv2%2Fcomments&post=32989"}],"version-history":[{"count":2,"href":"https:\/\/adanaseshaber.com.tr\/index.php?rest_route=\/wp\/v2\/posts\/32989\/revisions"}],"predecessor-version":[{"id":32993,"href":"https:\/\/adanaseshaber.com.tr\/index.php?rest_route=\/wp\/v2\/posts\/32989\/revisions\/32993"}],"wp:featuredmedia":[{"embeddable":true,"href":"https:\/\/adanaseshaber.com.tr\/index.php?rest_route=\/wp\/v2\/media\/32990"}],"wp:attachment":[{"href":"https:\/\/adanaseshaber.com.tr\/index.php?rest_route=%2Fwp%2Fv2%2Fmedia&parent=32989"}],"wp:term":[{"taxonomy":"category","embeddable":true,"href":"https:\/\/adanaseshaber.com.tr\/index.php?rest_route=%2Fwp%2Fv2%2Fcategories&post=32989"},{"taxonomy":"post_tag","embeddable":true,"href":"https:\/\/adanaseshaber.com.tr\/index.php?rest_route=%2Fwp%2Fv2%2Ftags&post=32989"}],"curies":[{"name":"wp","href":"https:\/\/api.w.org\/{rel}","templated":true}]}}