{"id":32995,"date":"2022-08-08T23:41:57","date_gmt":"2022-08-08T20:41:57","guid":{"rendered":"https:\/\/www.adanaseshaber.com\/?p=32995"},"modified":"2022-08-08T23:41:09","modified_gmt":"2022-08-08T20:41:09","slug":"masterchef-somer-sefin-kiyafeti-bu-kez-de-kilime-benzetildi","status":"publish","type":"post","link":"https:\/\/adanaseshaber.com.tr\/?p=32995","title":{"rendered":"MasterChef Somer \u015eef\u2019in k\u0131yafeti bu kez de kilime benzetildi"},"content":{"rendered":"<p>TV8 ekranlar\u0131nda yay\u0131nlanan fenomen yemek yar\u0131\u015fmas\u0131 MasterChef\u2019in j\u00fcri \u00fcyelerinden biri olan Somer Sivrio\u011flu, tarz\u0131yla da s\u0131k s\u0131k ad\u0131ndan bahsettiriyor. Son olarak k\u0131yafet tercihiyle sosyal medyan\u0131n diline d\u00fc\u015fen Somer Sivrio\u011flu ile ilgili binlerce yorum yap\u0131lm\u0131\u015f ve k\u0131yafet tercihiyle ilgili mizahlar y\u00fczleri g\u00fcld\u00fcrm\u00fc\u015ft\u00fc. MasterChef\u2019in yeni b\u00f6l\u00fcm\u00fcnde bir kez daha farkl\u0131 bir k\u0131yafet se\u00e7imiyle ekranda olan Somer \u015eef\u2019in k\u0131yafeti bu kez de kilime benzetildi. K\u0131yafet tercihi ve se\u00e7ti\u011fi tak\u0131larla s\u0131k s\u0131k g\u00fcndem olan MasterChef j\u00fcri \u00fcyesi Somer Sivrio\u011flu, program\u0131n bu ak\u015fam ekrana gelen yeni b\u00f6l\u00fcm\u00fcnde tercih etti\u011fi k\u0131yafetle bir kez daha sosyal medyan\u0131n g\u00fcndemine oturdu. S\u0131kl\u0131kla bohem tarzda k\u0131yafetler tercih eden Somer \u015eef\u2019in yeni b\u00f6l\u00fcmde tercih etti\u011fi k\u0131yafet ise kilime benzetildi.<\/p>\n<p><strong>SOMER S\u0130VR\u0130O\u011eLU VE KIYAFETLER\u0130 G\u00dcNDEMDE<\/strong><\/p>\n<p>TV8 ekranlar\u0131n\u0131n izlenme rekorlar\u0131 k\u0131ran yemek yar\u0131\u015fmas\u0131 MasterChef T\u00fcrkiye\u2019de yeni sezon t\u00fcm h\u0131z\u0131yla devam ediyor. Yar\u0131\u015fmac\u0131lar kadar j\u00fcri \u00fcyeleri ile de g\u00fcndeme gelen yar\u0131\u015fma program\u0131nda heyecan dolu anlar ya\u015fan\u0131yor. Sosyal medyan\u0131n da g\u00fcndeminden d\u00fc\u015fmeyen program\u0131n j\u00fcri \u00fcyelerinden biri olan Somer Sivrio\u011flu ise k\u0131yafet tercihleriyle s\u0131k s\u0131k g\u00fcndeme geliyor. Se\u00e7ti\u011fi k\u0131yafetler ve tak\u0131larla sosyal medyan\u0131n diline d\u00fc\u015fen Sivrio\u011flu ile ilgili \u2018Y\u0131llard\u0131r tesett\u00fcrl\u00fcy\u00fcm b\u00f6ylesini ben bile bulam\u0131yorum\u2019 \u015feklinde yorumlar yap\u0131ld\u0131. Giydi\u011fi uzun tunik ve bol pantolonlarla g\u00fcndem olan Somer \u015eef\u2019in bu ak\u015fam ekrana gelen yeni b\u00f6l\u00fcmde tercih etti\u011fi k\u0131yafet yine g\u00fcndem oldu.<\/p>\n<p><img loading=\"lazy\" decoding=\"async\" class=\"aligncenter wp-image-32997 size-full\" src=\"https:\/\/adanaseshaber.com.tr\/wp-content\/uploads\/2022\/08\/masterchef-somer-sefin-kiyafeti-bu-kez-de-kilime-benzetildi-1.jpg\" alt=\"\" width=\"1280\" height=\"720\" srcset=\"https:\/\/adanaseshaber.com.tr\/wp-content\/uploads\/2022\/08\/masterchef-somer-sefin-kiyafeti-bu-kez-de-kilime-benzetildi-1.jpg 1280w, https:\/\/adanaseshaber.com.tr\/wp-content\/uploads\/2022\/08\/masterchef-somer-sefin-kiyafeti-bu-kez-de-kilime-benzetildi-1-300x169.jpg 300w, https:\/\/adanaseshaber.com.tr\/wp-content\/uploads\/2022\/08\/masterchef-somer-sefin-kiyafeti-bu-kez-de-kilime-benzetildi-1-1024x576.jpg 1024w, https:\/\/adanaseshaber.com.tr\/wp-content\/uploads\/2022\/08\/masterchef-somer-sefin-kiyafeti-bu-kez-de-kilime-benzetildi-1-768x432.jpg 768w, https:\/\/adanaseshaber.com.tr\/wp-content\/uploads\/2022\/08\/masterchef-somer-sefin-kiyafeti-bu-kez-de-kilime-benzetildi-1-390x220.jpg 390w\" sizes=\"auto, (max-width: 1280px) 100vw, 1280px\" \/><\/p>\n<p><strong>KIYAFET\u0130 K\u0130L\u0130ME BENZET\u0130LD\u0130<\/strong><\/p>\n<p>Ekranlar\u0131n fenomen yar\u0131\u015fmas\u0131 MasterChef T\u00fcrkiye\u2019nin j\u00fcri koltu\u011funda Somer Sivrio\u011flu, Mehmet Yal\u00e7\u0131nkaya ve Danilo Zanna oturuyor. Yar\u0131\u015fman\u0131n j\u00fcri \u00fcyeleri aras\u0131nda yer alan Somer Sivrio\u011flu ise s\u0131k s\u0131k k\u0131yafet tercihiyle g\u00fcndeme geliyor. \u00dcnl\u00fc \u015eef Somer Sivrio\u011flu, program\u0131n bu ak\u015fam ekrana gelen yeni b\u00f6l\u00fcm\u00fcnde tercih etti\u011fi k\u0131yafetle yine g\u00fcndem oldu. Somer \u015eef\u2019in k\u0131yafeti kilime benzetildi ve yine sosyal medyan\u0131n diline d\u00fc\u015ft\u00fc.<\/p>\n","protected":false},"excerpt":{"rendered":"<p>TV8 ekranlar\u0131nda yay\u0131nlanan fenomen yemek yar\u0131\u015fmas\u0131 MasterChef\u2019in j\u00fcri \u00fcyelerinden biri olan Somer Sivrio\u011flu, tarz\u0131yla da s\u0131k s\u0131k ad\u0131ndan bahsettiriyor. Son olarak k\u0131yafet tercihiyle sosyal medyan\u0131n diline d\u00fc\u015fen Somer Sivrio\u011flu ile ilgili binlerce yorum yap\u0131lm\u0131\u015f ve k\u0131yafet tercihiyle ilgili mizahlar y\u00fczleri g\u00fcld\u00fcrm\u00fc\u015ft\u00fc. MasterChef\u2019in yeni b\u00f6l\u00fcm\u00fcnde bir kez daha farkl\u0131 bir k\u0131yafet se\u00e7imiyle ekranda olan Somer \u015eef\u2019in &hellip;<\/p>\n","protected":false},"author":6,"featured_media":32996,"comment_status":"closed","ping_status":"closed","sticky":false,"template":"","format":"standard","meta":{"footnotes":""},"categories":[15431],"tags":[],"class_list":["post-32995","post","type-post","status-publish","format-standard","has-post-thumbnail","hentry","category-medya"],"amp_enabled":true,"_links":{"self":[{"href":"https:\/\/adanaseshaber.com.tr\/index.php?rest_route=\/wp\/v2\/posts\/32995","targetHints":{"allow":["GET"]}}],"collection":[{"href":"https:\/\/adanaseshaber.com.tr\/index.php?rest_route=\/wp\/v2\/posts"}],"about":[{"href":"https:\/\/adanaseshaber.com.tr\/index.php?rest_route=\/wp\/v2\/types\/post"}],"author":[{"embeddable":true,"href":"https:\/\/adanaseshaber.com.tr\/index.php?rest_route=\/wp\/v2\/users\/6"}],"replies":[{"embeddable":true,"href":"https:\/\/adanaseshaber.com.tr\/index.php?rest_route=%2Fwp%2Fv2%2Fcomments&post=32995"}],"version-history":[{"count":2,"href":"https:\/\/adanaseshaber.com.tr\/index.php?rest_route=\/wp\/v2\/posts\/32995\/revisions"}],"predecessor-version":[{"id":32999,"href":"https:\/\/adanaseshaber.com.tr\/index.php?rest_route=\/wp\/v2\/posts\/32995\/revisions\/32999"}],"wp:featuredmedia":[{"embeddable":true,"href":"https:\/\/adanaseshaber.com.tr\/index.php?rest_route=\/wp\/v2\/media\/32996"}],"wp:attachment":[{"href":"https:\/\/adanaseshaber.com.tr\/index.php?rest_route=%2Fwp%2Fv2%2Fmedia&parent=32995"}],"wp:term":[{"taxonomy":"category","embeddable":true,"href":"https:\/\/adanaseshaber.com.tr\/index.php?rest_route=%2Fwp%2Fv2%2Fcategories&post=32995"},{"taxonomy":"post_tag","embeddable":true,"href":"https:\/\/adanaseshaber.com.tr\/index.php?rest_route=%2Fwp%2Fv2%2Ftags&post=32995"}],"curies":[{"name":"wp","href":"https:\/\/api.w.org\/{rel}","templated":true}]}}