{"id":33000,"date":"2022-08-08T23:58:24","date_gmt":"2022-08-08T20:58:24","guid":{"rendered":"https:\/\/www.adanaseshaber.com\/?p=33000"},"modified":"2022-08-09T00:11:49","modified_gmt":"2022-08-08T21:11:49","slug":"fenerbahceliler-ali-koc-istifa-tagi-ile-gundemin-ilk-sirasinda","status":"publish","type":"post","link":"https:\/\/adanaseshaber.com.tr\/?p=33000","title":{"rendered":"Fenerbah\u00e7eliler Ali Ko\u00e7 istifa tag\u0131 ile g\u00fcndemin ilk s\u0131ras\u0131nda"},"content":{"rendered":"<p>Spor Toto S\u00fcper Lig\u2019in ilk haftas\u0131nda kendi evinde \u00dcmraniyespor\u2019u a\u011f\u0131rlayan Fenerbah\u00e7e\u2019de i\u015fler yolunda gitmiyor. Yabanc\u0131 hoca transferi ve futbolcu transferleriyle spor man\u015fetlerinin \u00fcst s\u0131ralar\u0131nda yer alan Fenerbah\u00e7e, yeni sezona \u00dcmraniyespor kar\u015f\u0131la\u015fmas\u0131yla ba\u015flad\u0131. Kad\u0131k\u00f6y\u2019de devam eden kar\u015f\u0131la\u015fmada \u00dcmraniyespor\u2019un 3-2\u2019lik \u00fcst\u00fcnl\u00fc\u011f\u00fc bulunuyor. Rakip tak\u0131m\u0131n 3-2\u2019lik \u00fcst\u00fcnl\u00fc\u011f\u00fc sonras\u0131nda Fenerbah\u00e7e taraftar\u0131 sosyal medyay\u0131 aya\u011fa kald\u0131rd\u0131. 3-2\u2019lik skorla kar\u015f\u0131la\u015fmada geride olan Fenerbah\u00e7e, yeni sezonun ilk ma\u00e7\u0131nda kendi evinde b\u00fcy\u00fck bir \u015fok ya\u015fad\u0131. Kar\u015f\u0131la\u015fma devam ederken bu skor Fenerbah\u00e7e taraftar\u0131n\u0131 da bir hayli k\u0131zd\u0131rd\u0131. Skor kar\u015f\u0131s\u0131nda \u00f6fkeden \u00e7\u0131lg\u0131na d\u00f6nen Fenerbah\u00e7e taraftar\u0131, Ba\u015fkan Ali Ko\u00e7\u2019a y\u00fcklendi. Sar\u0131-lacivertli taraftarlar, #AliKoc\u0130stifa\u2019 etiketini Twitter g\u00fcndeminin ilk s\u0131ralar\u0131na ta\u015f\u0131d\u0131.<\/p>\n<p><strong>FENERBAH\u00c7E 3-2 GER\u0130DE<\/strong><\/p>\n<p>Yeni sezonun ilk ma\u00e7\u0131n\u0131 kendi evinde \u00dcmraniyespor\u2019a kar\u015f\u0131 oynayan Fenerbah\u00e7e\u2019de i\u015fler yolunda gitmiyor. Kar\u015f\u0131la\u015fmaya 1-0 \u00f6nde ba\u015flayan Fenerbah\u00e7e, gelen beraberlik gol\u00fcn\u00fcn ard\u0131ndan skoru yeniden de\u011fi\u015ftirmi\u015f ve \u00f6ne ge\u00e7mi\u015fti. Ancak ilerleyen dakikalarda i\u015fler yolunda gitmedi ve \u00dcmraniyespor 3-2\u2019lik skorla \u00f6ne ge\u00e7meyi ba\u015fard\u0131. Kad\u0131k\u00f6y\u2019de \u00dcmraniyespor\u2019un \u00fcst\u00fcnl\u00fc\u011f\u00fcyle devam eden kar\u015f\u0131la\u015fma Fenerbah\u00e7eli, taraftarlar\u0131 adeta \u00e7\u0131lg\u0131na \u00e7evirdi.<\/p>\n<p><img loading=\"lazy\" decoding=\"async\" class=\"aligncenter wp-image-33007 size-full\" src=\"https:\/\/adanaseshaber.com.tr\/wp-content\/uploads\/2022\/08\/fenerbahceliler-ali-koc-istifa-tagi-ile-gundemin-ilk-sirasinda-2.jpg\" alt=\"\" width=\"1280\" height=\"720\" srcset=\"https:\/\/adanaseshaber.com.tr\/wp-content\/uploads\/2022\/08\/fenerbahceliler-ali-koc-istifa-tagi-ile-gundemin-ilk-sirasinda-2.jpg 1280w, https:\/\/adanaseshaber.com.tr\/wp-content\/uploads\/2022\/08\/fenerbahceliler-ali-koc-istifa-tagi-ile-gundemin-ilk-sirasinda-2-300x169.jpg 300w, https:\/\/adanaseshaber.com.tr\/wp-content\/uploads\/2022\/08\/fenerbahceliler-ali-koc-istifa-tagi-ile-gundemin-ilk-sirasinda-2-1024x576.jpg 1024w, https:\/\/adanaseshaber.com.tr\/wp-content\/uploads\/2022\/08\/fenerbahceliler-ali-koc-istifa-tagi-ile-gundemin-ilk-sirasinda-2-768x432.jpg 768w, https:\/\/adanaseshaber.com.tr\/wp-content\/uploads\/2022\/08\/fenerbahceliler-ali-koc-istifa-tagi-ile-gundemin-ilk-sirasinda-2-390x220.jpg 390w\" sizes=\"auto, (max-width: 1280px) 100vw, 1280px\" \/><\/p>\n<p><strong>AL\u0130 KO\u00c7 \u0130ST\u0130FA TAGI G\u00dcNDEMDE<\/strong><\/p>\n<p>Fenerbah\u00e7e\u2019nin yeni sezonun ilk ma\u00e7\u0131nda \u00dcmraniyespor\u2019la oynad\u0131\u011f\u0131 ma\u00e7ta 3-2\u2019lik skorla geriye d\u00fc\u015fmesine sinirlenen Fenerbah\u00e7eli taraftarlar, #AliKoc\u0130stifa tag\u0131n\u0131 g\u00fcndemin \u00fcst s\u0131ralar\u0131na ta\u015f\u0131d\u0131. Sosyal medyay\u0131 aya\u011fa kald\u0131ran ma\u00e7 skoruna sar\u0131-lacivertli taraftarlardan tepki ya\u011farken g\u00f6zler kar\u015f\u0131la\u015fman\u0131n son d\u00fcd\u00fc\u011f\u00fcne \u00e7evrildi. Hen\u00fcz kar\u015f\u0131la\u015fma devam ederken ma\u00e7 sonu skorun ne olaca\u011f\u0131 merak edilmeye ba\u015fland\u0131.<\/p>\n<p><img loading=\"lazy\" decoding=\"async\" class=\"aligncenter wp-image-33006 size-full\" src=\"https:\/\/adanaseshaber.com.tr\/wp-content\/uploads\/2022\/08\/fenerbahceliler-ali-koc-istifa-tagi-ile-gundemin-ilk-sirasinda-1.jpg\" alt=\"\" width=\"1280\" height=\"720\" srcset=\"https:\/\/adanaseshaber.com.tr\/wp-content\/uploads\/2022\/08\/fenerbahceliler-ali-koc-istifa-tagi-ile-gundemin-ilk-sirasinda-1.jpg 1280w, https:\/\/adanaseshaber.com.tr\/wp-content\/uploads\/2022\/08\/fenerbahceliler-ali-koc-istifa-tagi-ile-gundemin-ilk-sirasinda-1-300x169.jpg 300w, https:\/\/adanaseshaber.com.tr\/wp-content\/uploads\/2022\/08\/fenerbahceliler-ali-koc-istifa-tagi-ile-gundemin-ilk-sirasinda-1-1024x576.jpg 1024w, https:\/\/adanaseshaber.com.tr\/wp-content\/uploads\/2022\/08\/fenerbahceliler-ali-koc-istifa-tagi-ile-gundemin-ilk-sirasinda-1-768x432.jpg 768w, https:\/\/adanaseshaber.com.tr\/wp-content\/uploads\/2022\/08\/fenerbahceliler-ali-koc-istifa-tagi-ile-gundemin-ilk-sirasinda-1-390x220.jpg 390w\" sizes=\"auto, (max-width: 1280px) 100vw, 1280px\" \/><\/p>\n<p><strong>BERABERL\u0130K GOL\u00dc GELD\u0130<\/strong><\/p>\n<p>Kad\u0131k\u00f6y&#8217;de oynanan Fenerbah\u00e7e-\u00dcmraniyespor kar\u015f\u0131la\u015fmas\u0131n\u0131n ikinci yar\u0131s\u0131nda \u00dcmraniyespor&#8217;un \u00fcst\u00fcnl\u00fc\u011f\u00fc vard\u0131. Dakika 73&#8217;te \u00dcmraniyesporlu futbolcu Antonio Mrsic penalt\u0131dan att\u0131\u011f\u0131 golle tak\u0131m\u0131n\u0131 3-2 \u00f6ne ge\u00e7irdi. 90+2&#8217;de ise Fenerbah\u00e7e, Berisha&#8217;n\u0131n gol\u00fcyle skoru 3-3&#8217;e ta\u015f\u0131d\u0131 ve beraberli\u011fi yakalad\u0131. Kad\u0131k\u00f6y&#8217;de oynanan Fenerbah\u00e7e-\u00dcmraniyespor kar\u015f\u0131la\u015fmas\u0131 3-3 skorla berabere bitti.<\/p>\n","protected":false},"excerpt":{"rendered":"<p>Spor Toto S\u00fcper Lig\u2019in ilk haftas\u0131nda kendi evinde \u00dcmraniyespor\u2019u a\u011f\u0131rlayan Fenerbah\u00e7e\u2019de i\u015fler yolunda gitmiyor. Yabanc\u0131 hoca transferi ve futbolcu transferleriyle spor man\u015fetlerinin \u00fcst s\u0131ralar\u0131nda yer alan Fenerbah\u00e7e, yeni sezona \u00dcmraniyespor kar\u015f\u0131la\u015fmas\u0131yla ba\u015flad\u0131. Kad\u0131k\u00f6y\u2019de devam eden kar\u015f\u0131la\u015fmada \u00dcmraniyespor\u2019un 3-2\u2019lik \u00fcst\u00fcnl\u00fc\u011f\u00fc bulunuyor. Rakip tak\u0131m\u0131n 3-2\u2019lik \u00fcst\u00fcnl\u00fc\u011f\u00fc sonras\u0131nda Fenerbah\u00e7e taraftar\u0131 sosyal medyay\u0131 aya\u011fa kald\u0131rd\u0131. 3-2\u2019lik skorla kar\u015f\u0131la\u015fmada geride &hellip;<\/p>\n","protected":false},"author":6,"featured_media":33001,"comment_status":"closed","ping_status":"closed","sticky":false,"template":"","format":"standard","meta":{"footnotes":""},"categories":[5],"tags":[],"class_list":["post-33000","post","type-post","status-publish","format-standard","has-post-thumbnail","hentry","category-spor"],"amp_enabled":true,"_links":{"self":[{"href":"https:\/\/adanaseshaber.com.tr\/index.php?rest_route=\/wp\/v2\/posts\/33000","targetHints":{"allow":["GET"]}}],"collection":[{"href":"https:\/\/adanaseshaber.com.tr\/index.php?rest_route=\/wp\/v2\/posts"}],"about":[{"href":"https:\/\/adanaseshaber.com.tr\/index.php?rest_route=\/wp\/v2\/types\/post"}],"author":[{"embeddable":true,"href":"https:\/\/adanaseshaber.com.tr\/index.php?rest_route=\/wp\/v2\/users\/6"}],"replies":[{"embeddable":true,"href":"https:\/\/adanaseshaber.com.tr\/index.php?rest_route=%2Fwp%2Fv2%2Fcomments&post=33000"}],"version-history":[{"count":5,"href":"https:\/\/adanaseshaber.com.tr\/index.php?rest_route=\/wp\/v2\/posts\/33000\/revisions"}],"predecessor-version":[{"id":33008,"href":"https:\/\/adanaseshaber.com.tr\/index.php?rest_route=\/wp\/v2\/posts\/33000\/revisions\/33008"}],"wp:featuredmedia":[{"embeddable":true,"href":"https:\/\/adanaseshaber.com.tr\/index.php?rest_route=\/wp\/v2\/media\/33001"}],"wp:attachment":[{"href":"https:\/\/adanaseshaber.com.tr\/index.php?rest_route=%2Fwp%2Fv2%2Fmedia&parent=33000"}],"wp:term":[{"taxonomy":"category","embeddable":true,"href":"https:\/\/adanaseshaber.com.tr\/index.php?rest_route=%2Fwp%2Fv2%2Fcategories&post=33000"},{"taxonomy":"post_tag","embeddable":true,"href":"https:\/\/adanaseshaber.com.tr\/index.php?rest_route=%2Fwp%2Fv2%2Ftags&post=33000"}],"curies":[{"name":"wp","href":"https:\/\/api.w.org\/{rel}","templated":true}]}}