{"id":33078,"date":"2022-08-09T11:42:38","date_gmt":"2022-08-09T08:42:38","guid":{"rendered":"https:\/\/www.adanaseshaber.com\/?p=33078"},"modified":"2022-08-09T11:42:52","modified_gmt":"2022-08-09T08:42:52","slug":"nihat-doganin-esi-arzu-kimdir-arzu-dogan-hamile-mi-iranli-arzu-kimdir-instagram-adresi-nedir","status":"publish","type":"post","link":"https:\/\/adanaseshaber.com.tr\/?p=33078","title":{"rendered":"Nihat Do\u011fan\u2019\u0131n e\u015fi Arzu kimdir? Arzu Do\u011fan hamile mi? \u0130ranl\u0131 Arzu kimdir, Instagram adresi nedir?"},"content":{"rendered":"<p>Bir s\u00fcredir birlikte oldu\u011fu Sevim Alan ile ili\u015fkisini noktalayan \u00fcnl\u00fc t\u00fcrk\u00fcc\u00fc Nihat Do\u011fan, s\u00fcrpriz bir \u015fekilde evlendi. \u0130ranl\u0131 hayran\u0131 Arzu ile sessiz sedas\u0131z nikah masas\u0131na oturan Nihat Do\u011fan\u2019\u0131n e\u015fi Arzu merak konusu oldu. \u00c7iftin bebek bekledi\u011fi ve bu sebepten apar topar nikah masas\u0131na oturduklar\u0131 iddia edildi. Nihat Do\u011fan\u2019\u0131n e\u015fi \u0130ranl\u0131 Arzu hakk\u0131nda ise merak edilenler t\u00fcm detaylar\u0131yla ara\u015ft\u0131r\u0131lmaya ba\u015fland\u0131. \u00dcnl\u00fc t\u00fcrk\u00fcc\u00fc Nihat Do\u011fan, yapt\u0131\u011f\u0131 \u00e7\u0131k\u0131\u015flar ve \u00f6zel hayat\u0131yla s\u0131k s\u0131k magazin man\u015fetlerinin en \u00fcst s\u0131ralar\u0131nda yer al\u0131yor. Sevim Alan ile uzun s\u00fcredir devam eden ili\u015fkisini noktalayan Do\u011fan, \u0130ranl\u0131 hayran\u0131 Arzu ile d\u00fcnya evine girdi. Nihat Do\u011fan\u2019\u0131n ns\u00fcrpriz evlili\u011fi magazin g\u00fcndemine bomba gibi d\u00fc\u015ft\u00fc. Peki, Nihat Do\u011fan\u2019\u0131n e\u015fi Arzu kimdir? \u0130ranl\u0131 Arzu Instagram adresi nedir? Nihat Do\u011fan evlendi mi? Arzu Do\u011fan hamile mi? \u0130\u015fte t\u00fcm merak edilenler\u2026<\/p>\n<p><strong>N\u0130HAT DO\u011eAN EVLEND\u0130<\/strong><\/p>\n<p>\u00d6zel hayat\u0131 ve yapt\u0131\u011f\u0131 a\u00e7\u0131klamalarla s\u0131k s\u0131k g\u00fcndeme gelen \u00fcnl\u00fc t\u00fcrk\u00fcc\u00fc Nihat Do\u011fan, uzun bir s\u00fcredir Sevim Alan ile a\u015fk ya\u015f\u0131yordu. Sevim Alan ile ili\u015fkisini noktalayan Do\u011fan, g\u00fczellik merkezi sahibi olan Sevim Alan\u2019dan ald\u0131\u011f\u0131 Atak\u00f6y\u2019deki \u015fubesini geri iade etti. Nihat Do\u011fan\u2019\u0131n \u0130ranl\u0131 hayran\u0131 Arzu ile sessiz sedas\u0131z nikah masas\u0131na oturdu\u011fu \u00f6\u011frenildi.<\/p>\n<p><img loading=\"lazy\" decoding=\"async\" class=\"aligncenter wp-image-33080 size-full\" src=\"https:\/\/adanaseshaber.com.tr\/wp-content\/uploads\/2022\/08\/nihat-doganin-esi-arzu-kimdir-arzu-dogan-hamile-mi-iranli-arzu-kimdir-instagram-adresi-nedir-1.jpg\" alt=\"\" width=\"1280\" height=\"720\" srcset=\"https:\/\/adanaseshaber.com.tr\/wp-content\/uploads\/2022\/08\/nihat-doganin-esi-arzu-kimdir-arzu-dogan-hamile-mi-iranli-arzu-kimdir-instagram-adresi-nedir-1.jpg 1280w, https:\/\/adanaseshaber.com.tr\/wp-content\/uploads\/2022\/08\/nihat-doganin-esi-arzu-kimdir-arzu-dogan-hamile-mi-iranli-arzu-kimdir-instagram-adresi-nedir-1-300x169.jpg 300w, https:\/\/adanaseshaber.com.tr\/wp-content\/uploads\/2022\/08\/nihat-doganin-esi-arzu-kimdir-arzu-dogan-hamile-mi-iranli-arzu-kimdir-instagram-adresi-nedir-1-1024x576.jpg 1024w, https:\/\/adanaseshaber.com.tr\/wp-content\/uploads\/2022\/08\/nihat-doganin-esi-arzu-kimdir-arzu-dogan-hamile-mi-iranli-arzu-kimdir-instagram-adresi-nedir-1-768x432.jpg 768w, https:\/\/adanaseshaber.com.tr\/wp-content\/uploads\/2022\/08\/nihat-doganin-esi-arzu-kimdir-arzu-dogan-hamile-mi-iranli-arzu-kimdir-instagram-adresi-nedir-1-390x220.jpg 390w\" sizes=\"auto, (max-width: 1280px) 100vw, 1280px\" \/><\/p>\n<p><strong>EROL K\u00d6SE A\u00c7IKLADI<\/strong><\/p>\n<p>Sessiz sedas\u0131z k\u0131y\u0131lan nikaha \u015fahit oldu\u011funu s\u00f6yleyen m\u00fczisyen Erol K\u00f6se, sosyal medya hesab\u0131ndan yapt\u0131\u011f\u0131 a\u00e7\u0131klamada \u2018Nihat Do\u011fan, \u0130ranl\u0131 Arzu ile evlendi. Gelinin 3 ayl\u0131k hamile iddias\u0131 var. Bu da ayr\u0131 bir sevin\u00e7 yaratt\u0131. Siyasete soyunan ve benim y\u0131llarca alb\u00fcm yap\u0131p me\u015fhur etti\u011fim Nihat, \u00e7o\u011fu okumu\u015ftan k\u00fclt\u00fcrl\u00fc bir adamd\u0131r. Umar\u0131m h\u0131zl\u0131ca baba olur.\u2019 ifadelerini kulland\u0131.<\/p>\n<p><strong>ARZU DO\u011eAN HAM\u0130LE M\u0130?<\/strong><\/p>\n<p>Nihat Do\u011fan\u2019\u0131n \u0130ranl\u0131 hayran\u0131 Arzu ile s\u00fcrpriz bir \u015fekilde evlenmesi magazin man\u015fetlerine bomba gibi d\u00fc\u015ferken hamilelik iddialar\u0131 da \u00e7ok konu\u015fuldu. Nihat Do\u011fan\u2019\u0131n ge\u00e7ti\u011fimiz g\u00fcnlerde annesi ile birlikte \u0130ran\u2019a gitti\u011fi \u00f6\u011frenilirken kendisi hen\u00fcz evlilik ve hamilelik haberleri hakk\u0131nda herhangi bir a\u00e7\u0131klama yapmad\u0131.<\/p>\n","protected":false},"excerpt":{"rendered":"<p>Bir s\u00fcredir birlikte oldu\u011fu Sevim Alan ile ili\u015fkisini noktalayan \u00fcnl\u00fc t\u00fcrk\u00fcc\u00fc Nihat Do\u011fan, s\u00fcrpriz bir \u015fekilde evlendi. \u0130ranl\u0131 hayran\u0131 Arzu ile sessiz sedas\u0131z nikah masas\u0131na oturan Nihat Do\u011fan\u2019\u0131n e\u015fi Arzu merak konusu oldu. \u00c7iftin bebek bekledi\u011fi ve bu sebepten apar topar nikah masas\u0131na oturduklar\u0131 iddia edildi. Nihat Do\u011fan\u2019\u0131n e\u015fi \u0130ranl\u0131 Arzu hakk\u0131nda ise merak edilenler &hellip;<\/p>\n","protected":false},"author":6,"featured_media":33079,"comment_status":"closed","ping_status":"closed","sticky":false,"template":"","format":"standard","meta":{"footnotes":""},"categories":[15431],"tags":[],"class_list":["post-33078","post","type-post","status-publish","format-standard","has-post-thumbnail","hentry","category-medya"],"amp_enabled":true,"_links":{"self":[{"href":"https:\/\/adanaseshaber.com.tr\/index.php?rest_route=\/wp\/v2\/posts\/33078","targetHints":{"allow":["GET"]}}],"collection":[{"href":"https:\/\/adanaseshaber.com.tr\/index.php?rest_route=\/wp\/v2\/posts"}],"about":[{"href":"https:\/\/adanaseshaber.com.tr\/index.php?rest_route=\/wp\/v2\/types\/post"}],"author":[{"embeddable":true,"href":"https:\/\/adanaseshaber.com.tr\/index.php?rest_route=\/wp\/v2\/users\/6"}],"replies":[{"embeddable":true,"href":"https:\/\/adanaseshaber.com.tr\/index.php?rest_route=%2Fwp%2Fv2%2Fcomments&post=33078"}],"version-history":[{"count":2,"href":"https:\/\/adanaseshaber.com.tr\/index.php?rest_route=\/wp\/v2\/posts\/33078\/revisions"}],"predecessor-version":[{"id":33082,"href":"https:\/\/adanaseshaber.com.tr\/index.php?rest_route=\/wp\/v2\/posts\/33078\/revisions\/33082"}],"wp:featuredmedia":[{"embeddable":true,"href":"https:\/\/adanaseshaber.com.tr\/index.php?rest_route=\/wp\/v2\/media\/33079"}],"wp:attachment":[{"href":"https:\/\/adanaseshaber.com.tr\/index.php?rest_route=%2Fwp%2Fv2%2Fmedia&parent=33078"}],"wp:term":[{"taxonomy":"category","embeddable":true,"href":"https:\/\/adanaseshaber.com.tr\/index.php?rest_route=%2Fwp%2Fv2%2Fcategories&post=33078"},{"taxonomy":"post_tag","embeddable":true,"href":"https:\/\/adanaseshaber.com.tr\/index.php?rest_route=%2Fwp%2Fv2%2Ftags&post=33078"}],"curies":[{"name":"wp","href":"https:\/\/api.w.org\/{rel}","templated":true}]}}