{"id":33088,"date":"2022-08-09T12:13:08","date_gmt":"2022-08-09T09:13:08","guid":{"rendered":"https:\/\/www.adanaseshaber.com\/?p=33088"},"modified":"2022-08-09T12:14:37","modified_gmt":"2022-08-09T09:14:37","slug":"sokak-roportajinda-kari-koca-tartismasi-cebinde-yol-paran-bile-yok","status":"publish","type":"post","link":"https:\/\/adanaseshaber.com.tr\/?p=33088","title":{"rendered":"Sokak r\u00f6portaj\u0131nda kar\u0131-koca tart\u0131\u015fmas\u0131: Cebinde yol paran bile yok"},"content":{"rendered":"<p>Sokak r\u00f6portaj\u0131nda ekonomik durumu tart\u0131\u015fan bir ailenin a\u00e7\u0131klamalar\u0131 g\u00fcndem oldu. Birbirleriyle fikir ayr\u0131l\u0131\u011f\u0131 ya\u015fayan kar\u0131-kocan\u0131n yorumlar\u0131 sosyal medyan\u0131n g\u00fcndemine oturdu. Ekonominin durumunu de\u011ferlendiren kar\u0131-kocan\u0131n tart\u0131\u015fma an\u0131nda birbirlerini ele\u015ftirmesi de dikkat \u00e7ekti. G\u00fcn\u00fcn en \u00e7ok konu\u015fulan konular\u0131ndan biri olan olayla ilgili \u00e7ok say\u0131da yorum geldi. E\u015fiyle fikir ayr\u0131l\u0131\u011f\u0131 ya\u015fad\u0131\u011f\u0131n\u0131 ve oldubitti ayn\u0131 d\u00fc\u015f\u00fcnceye sahip olmad\u0131\u011f\u0131n\u0131 s\u00f6yleyen kad\u0131n, \u2018\u2019Nakit param\u0131z olmuyor. Kredi kart\u0131yla al\u0131yoruz. Yalansa beni d\u00fczeltsin\u2019\u2019 diyerek son d\u00f6nemde ekonomideki olumsuz duruma de\u011findi. E\u015fi ise tam tersi ifadelerle \u2018\u2019Ama f\u0131rsat\u00e7\u0131lar var. O f\u0131rsat\u00e7\u0131lardan Allah bizi korusun\u2019\u2019 diyerek tart\u0131\u015fmay\u0131 daha da alevlendirdi.<\/p>\n<p><strong>\u2018NAK\u0130T PARAMIZ OLMUYOR\u2019<\/strong><\/p>\n<p>Halk\u0131n Haberi YouTube kanal\u0131n\u0131n yapt\u0131\u011f\u0131 sokak r\u00f6portaj\u0131nda kendilerine mikrofon uzat\u0131lan bir aile yapt\u0131\u011f\u0131 a\u00e7\u0131klamalarla g\u00fcndem oldu. Sokak r\u00f6portaj\u0131nda ekonominin durumunu de\u011ferlendiren kar\u0131-koca fikir ayr\u0131l\u0131\u011f\u0131 ya\u015fad\u0131. \u2018\u2019Benim d\u00fc\u015f\u00fcncem devlet yapaca\u011f\u0131 her \u015feyi yapt\u0131, yap\u0131yor da. Devlet yan\u0131m\u0131zda, ba\u015f\u0131m\u0131zda. Allah eksik etmesin. Ama f\u0131rsat\u00e7\u0131lar var, o f\u0131rsat\u00e7\u0131lardan Allah bizi korusun\u2019\u2019 ifadelerini kullanan e\u015fine itiraz eden kad\u0131n, e\u015fiyle oldubitti ayn\u0131 d\u00fc\u015f\u00fcncede olmad\u0131klar\u0131n\u0131 s\u00f6yledi ve \u2018Kendisi al\u0131\u015fveri\u015f yapm\u0131yor. Ben gidiyorum al\u0131\u015fveri\u015fi yapan benim. O bilmiyor fiyatlar\u0131. Nakit param\u0131z olmuyor, kredi kart\u0131yla al\u0131yoruz. Yalansa beni d\u00fczeltsin\u2019 yan\u0131t\u0131n\u0131 verdi. Bunun \u00fczerine \u2018\u2019Her \u015feyimiz var\u2019\u2019 yan\u0131t\u0131n\u0131 alan kad\u0131n, \u2018\u2019Neyimiz var? A\u00e7ay\u0131m c\u00fczdan\u0131m\u0131 5 liram var. Kendisinin de paras\u0131 akbilinde yoktu, benden para istedi\u2019\u2019 ifadelerini kulland\u0131.<\/p>\n<p><img loading=\"lazy\" decoding=\"async\" class=\"aligncenter wp-image-33094 size-full\" src=\"https:\/\/adanaseshaber.com.tr\/wp-content\/uploads\/2022\/08\/sokak-roportajinda-kari-koca-tartismasi-cebinde-yol-paran-bile-yok-1.jpg\" alt=\"\" width=\"1280\" height=\"720\" srcset=\"https:\/\/adanaseshaber.com.tr\/wp-content\/uploads\/2022\/08\/sokak-roportajinda-kari-koca-tartismasi-cebinde-yol-paran-bile-yok-1.jpg 1280w, https:\/\/adanaseshaber.com.tr\/wp-content\/uploads\/2022\/08\/sokak-roportajinda-kari-koca-tartismasi-cebinde-yol-paran-bile-yok-1-300x169.jpg 300w, https:\/\/adanaseshaber.com.tr\/wp-content\/uploads\/2022\/08\/sokak-roportajinda-kari-koca-tartismasi-cebinde-yol-paran-bile-yok-1-1024x576.jpg 1024w, https:\/\/adanaseshaber.com.tr\/wp-content\/uploads\/2022\/08\/sokak-roportajinda-kari-koca-tartismasi-cebinde-yol-paran-bile-yok-1-768x432.jpg 768w, https:\/\/adanaseshaber.com.tr\/wp-content\/uploads\/2022\/08\/sokak-roportajinda-kari-koca-tartismasi-cebinde-yol-paran-bile-yok-1-390x220.jpg 390w\" sizes=\"auto, (max-width: 1280px) 100vw, 1280px\" \/><\/p>\n<p><strong>\u2018B\u0130R S\u0130M\u0130T B\u0130LE ALMIYORUZ\u2019<\/strong><\/p>\n<p>D\u00fc\u015f\u00fcncelerini aktarmaya devam eden kad\u0131n, \u2018\u2019Tasarruf zaten ediyorduk \u015fimdi tamamen s\u0131kt\u0131k. D\u0131\u015far\u0131 gitti\u011fimizde kendisi de s\u00f6ylesin bir su bile almak istemiyorum. Art\u0131k suyun bile fiyat\u0131 ne kadar olmu\u015f Lokantaya falan hi\u00e7 giden insan de\u011fildik, bir tek \u00e7ocuklar\u0131m\u0131za tavuk d\u00f6ner al\u0131rd\u0131k. Art\u0131k kendisi s\u00f6ylesin onu da alamaz olduk. \u015eimdi d\u0131\u015far\u0131 gitsek ben hesap yap\u0131yorum evden ne koysam g\u00f6t\u00fcrsem diye, aman \u00e7ocuklar d\u0131\u015far\u0131da a\u00e7\u0131m demesin diye. Bir simit bile alm\u0131yoruz. Ama e\u015fim \u2018Allah devlete zeval vermesin\u2019 diyor ba\u015fka bir \u015fey s\u00f6ylemiyor. Tamam biz de ayn\u0131 \u015feyi s\u00f6yl\u00fcyoruz. Ama b\u00f6yle olmaz\u2019 dedi.<\/p>\n","protected":false},"excerpt":{"rendered":"<p>Sokak r\u00f6portaj\u0131nda ekonomik durumu tart\u0131\u015fan bir ailenin a\u00e7\u0131klamalar\u0131 g\u00fcndem oldu. Birbirleriyle fikir ayr\u0131l\u0131\u011f\u0131 ya\u015fayan kar\u0131-kocan\u0131n yorumlar\u0131 sosyal medyan\u0131n g\u00fcndemine oturdu. Ekonominin durumunu de\u011ferlendiren kar\u0131-kocan\u0131n tart\u0131\u015fma an\u0131nda birbirlerini ele\u015ftirmesi de dikkat \u00e7ekti. G\u00fcn\u00fcn en \u00e7ok konu\u015fulan konular\u0131ndan biri olan olayla ilgili \u00e7ok say\u0131da yorum geldi. E\u015fiyle fikir ayr\u0131l\u0131\u011f\u0131 ya\u015fad\u0131\u011f\u0131n\u0131 ve oldubitti ayn\u0131 d\u00fc\u015f\u00fcnceye sahip olmad\u0131\u011f\u0131n\u0131 s\u00f6yleyen &hellip;<\/p>\n","protected":false},"author":6,"featured_media":33090,"comment_status":"closed","ping_status":"closed","sticky":false,"template":"","format":"standard","meta":{"footnotes":""},"categories":[1],"tags":[],"class_list":["post-33088","post","type-post","status-publish","format-standard","has-post-thumbnail","hentry","category-genel"],"amp_enabled":true,"_links":{"self":[{"href":"https:\/\/adanaseshaber.com.tr\/index.php?rest_route=\/wp\/v2\/posts\/33088","targetHints":{"allow":["GET"]}}],"collection":[{"href":"https:\/\/adanaseshaber.com.tr\/index.php?rest_route=\/wp\/v2\/posts"}],"about":[{"href":"https:\/\/adanaseshaber.com.tr\/index.php?rest_route=\/wp\/v2\/types\/post"}],"author":[{"embeddable":true,"href":"https:\/\/adanaseshaber.com.tr\/index.php?rest_route=\/wp\/v2\/users\/6"}],"replies":[{"embeddable":true,"href":"https:\/\/adanaseshaber.com.tr\/index.php?rest_route=%2Fwp%2Fv2%2Fcomments&post=33088"}],"version-history":[{"count":3,"href":"https:\/\/adanaseshaber.com.tr\/index.php?rest_route=\/wp\/v2\/posts\/33088\/revisions"}],"predecessor-version":[{"id":33099,"href":"https:\/\/adanaseshaber.com.tr\/index.php?rest_route=\/wp\/v2\/posts\/33088\/revisions\/33099"}],"wp:featuredmedia":[{"embeddable":true,"href":"https:\/\/adanaseshaber.com.tr\/index.php?rest_route=\/wp\/v2\/media\/33090"}],"wp:attachment":[{"href":"https:\/\/adanaseshaber.com.tr\/index.php?rest_route=%2Fwp%2Fv2%2Fmedia&parent=33088"}],"wp:term":[{"taxonomy":"category","embeddable":true,"href":"https:\/\/adanaseshaber.com.tr\/index.php?rest_route=%2Fwp%2Fv2%2Fcategories&post=33088"},{"taxonomy":"post_tag","embeddable":true,"href":"https:\/\/adanaseshaber.com.tr\/index.php?rest_route=%2Fwp%2Fv2%2Ftags&post=33088"}],"curies":[{"name":"wp","href":"https:\/\/api.w.org\/{rel}","templated":true}]}}