{"id":33148,"date":"2022-08-09T14:06:57","date_gmt":"2022-08-09T11:06:57","guid":{"rendered":"https:\/\/www.adanaseshaber.com\/?p=33148"},"modified":"2022-08-09T14:07:38","modified_gmt":"2022-08-09T11:07:38","slug":"bursada-damada-kadin-ic-camasiri-giydirip-tasma-taktilar","status":"publish","type":"post","link":"https:\/\/adanaseshaber.com.tr\/?p=33148","title":{"rendered":"Bursa\u2019da damada kad\u0131n i\u00e7 \u00e7ama\u015f\u0131r\u0131 giydirip tasma takt\u0131lar"},"content":{"rendered":"<p>Bursa\u2019da bir d\u00fc\u011f\u00fcnde ilgin\u00e7 anlar ya\u015fand\u0131. Damada kad\u0131n i\u00e7 \u00e7ama\u015f\u0131r\u0131 giydirerek tasma tak\u0131lmas\u0131 sosyal medyan\u0131n g\u00fcndemine oturdu. Mehmet Y. isimli bir damada d\u00fc\u011f\u00fcn\u00fcnde yap\u0131lanlar sosyal medyay\u0131 ikiye b\u00f6ld\u00fc. Baz\u0131 sosyal medya kullan\u0131c\u0131lar\u0131 bunun bir gelenek oldu\u011funu s\u00f6ylerken baz\u0131lar\u0131 ise olaya tepki g\u00f6sterdi. Sosyal medyada payla\u015f\u0131m rekorlar\u0131 k\u0131ran g\u00f6r\u00fcnt\u00fclere yorum ya\u011fd\u0131. Bursa\u2019da damada yap\u0131lanlar g\u00fcndeme bomba gibi d\u00fc\u015ft\u00fc. Bir d\u00fc\u011f\u00fcnde Mehmet Y. isimli damada jartiyer giydirilerek boynuna tasma tak\u0131lmas\u0131 g\u00fcndem oldu. G\u00f6r\u00fcnt\u00fcler k\u0131sa s\u00fcrede sosyal medyada payla\u015f\u0131m rekorlar\u0131 k\u0131rarken damad\u0131n arkada\u015flar\u0131 taraf\u0131ndan damada yap\u0131lanlar tepki \u00e7ekti.<\/p>\n<p><strong>\u0130\u00c7 \u00c7AMA\u015eIRI G\u0130YD\u0130R\u0130P TASMA TAKTILAR<\/strong><\/p>\n<p>Bursa\u2019n\u0131n Nil\u00fcfer il\u00e7esinde bir d\u00fc\u011f\u00fcnde Mehmet Y. isimli damada arkada\u015flar\u0131 taraf\u0131ndan yap\u0131lan \u015fakalar g\u00fcndem oldu. Ak\u00e7alar Mahallesi\u2019nde d\u00fczenlendi\u011fi \u00f6\u011frenilen bir d\u00fc\u011f\u00fcnde damada yap\u0131lanlar g\u00f6renleri hayrete d\u00fc\u015f\u00fcrd\u00fc. Arkada\u015flar\u0131 taraf\u0131ndan kad\u0131n i\u00e7 \u00e7ama\u015far\u0131 giydirilerek boynuna tasma tak\u0131lan damat Mehmet Y. sosyal medyan\u0131n g\u00fcndemine oturdu.<\/p>\n<p><strong>TEPK\u0130 \u00c7EKT\u0130<\/strong><\/p>\n<p>Bursa\u2019da arkada\u015flar\u0131 taraf\u0131ndan kad\u0131n i\u00e7 \u00e7ama\u015f\u0131r\u0131 giydirilerek boynuna tasma tak\u0131lan damat Mehmet Y.\u2019nin g\u00f6r\u00fcnt\u00fcleri sosyal medyada payla\u015f\u0131ld\u0131. D\u00fc\u011f\u00fcne kat\u0131lan bir ki\u015fi taraf\u0131ndan cep telefonu kameras\u0131yla kay\u0131t alt\u0131na al\u0131nan o anlar sosyal medyada payla\u015f\u0131ld\u0131. K\u0131sa s\u00fcrede g\u00fcndem olan g\u00f6r\u00fcnt\u00fclere tepki ya\u011fd\u0131. Baz\u0131 sosyal medya kullan\u0131c\u0131lar\u0131 bunun bir gelenek oldu\u011funu s\u00f6yledi. Baz\u0131 kullan\u0131c\u0131lar ise d\u00fc\u011f\u00fcnde yap\u0131lan bu \u015fakan\u0131n ho\u015f olmad\u0131\u011f\u0131n\u0131 s\u00f6yleyerek tepkilerini dile getirdi.<\/p>\n<p><img loading=\"lazy\" decoding=\"async\" class=\"aligncenter wp-image-33152 size-full\" src=\"https:\/\/adanaseshaber.com.tr\/wp-content\/uploads\/2022\/08\/bursada-damada-kadin-ic-camasiri-giydirip-tasma-taktilar-1.jpg\" alt=\"\" width=\"1280\" height=\"720\" srcset=\"https:\/\/adanaseshaber.com.tr\/wp-content\/uploads\/2022\/08\/bursada-damada-kadin-ic-camasiri-giydirip-tasma-taktilar-1.jpg 1280w, https:\/\/adanaseshaber.com.tr\/wp-content\/uploads\/2022\/08\/bursada-damada-kadin-ic-camasiri-giydirip-tasma-taktilar-1-300x169.jpg 300w, https:\/\/adanaseshaber.com.tr\/wp-content\/uploads\/2022\/08\/bursada-damada-kadin-ic-camasiri-giydirip-tasma-taktilar-1-1024x576.jpg 1024w, https:\/\/adanaseshaber.com.tr\/wp-content\/uploads\/2022\/08\/bursada-damada-kadin-ic-camasiri-giydirip-tasma-taktilar-1-768x432.jpg 768w, https:\/\/adanaseshaber.com.tr\/wp-content\/uploads\/2022\/08\/bursada-damada-kadin-ic-camasiri-giydirip-tasma-taktilar-1-390x220.jpg 390w\" sizes=\"auto, (max-width: 1280px) 100vw, 1280px\" \/><\/p>\n<p><strong>\u2018BU B\u0130R GELENEK\u2019<\/strong><\/p>\n<p>D\u00fc\u011f\u00fcn\u00fcnde arkada\u015flar\u0131 taraf\u0131ndan \u015faka amac\u0131yla kendisine kad\u0131n i\u00e7 \u00e7ama\u015f\u0131r\u0131 giydirilerek boynuna tasma tak\u0131lan damat Mehmet Y. ise mahallelerinde damada her t\u00fcrl\u00fc \u015fakan\u0131n yap\u0131ld\u0131\u011f\u0131n\u0131 s\u00f6yledi ve bu durumun y\u0131llard\u0131r s\u00fcren bir gelenek oldu\u011funu aktard\u0131.<\/p>\n","protected":false},"excerpt":{"rendered":"<p>Bursa\u2019da bir d\u00fc\u011f\u00fcnde ilgin\u00e7 anlar ya\u015fand\u0131. Damada kad\u0131n i\u00e7 \u00e7ama\u015f\u0131r\u0131 giydirerek tasma tak\u0131lmas\u0131 sosyal medyan\u0131n g\u00fcndemine oturdu. Mehmet Y. isimli bir damada d\u00fc\u011f\u00fcn\u00fcnde yap\u0131lanlar sosyal medyay\u0131 ikiye b\u00f6ld\u00fc. Baz\u0131 sosyal medya kullan\u0131c\u0131lar\u0131 bunun bir gelenek oldu\u011funu s\u00f6ylerken baz\u0131lar\u0131 ise olaya tepki g\u00f6sterdi. Sosyal medyada payla\u015f\u0131m rekorlar\u0131 k\u0131ran g\u00f6r\u00fcnt\u00fclere yorum ya\u011fd\u0131. Bursa\u2019da damada yap\u0131lanlar g\u00fcndeme bomba &hellip;<\/p>\n","protected":false},"author":6,"featured_media":33149,"comment_status":"closed","ping_status":"closed","sticky":false,"template":"","format":"standard","meta":{"footnotes":""},"categories":[1],"tags":[],"class_list":["post-33148","post","type-post","status-publish","format-standard","has-post-thumbnail","hentry","category-genel"],"amp_enabled":true,"_links":{"self":[{"href":"https:\/\/adanaseshaber.com.tr\/index.php?rest_route=\/wp\/v2\/posts\/33148","targetHints":{"allow":["GET"]}}],"collection":[{"href":"https:\/\/adanaseshaber.com.tr\/index.php?rest_route=\/wp\/v2\/posts"}],"about":[{"href":"https:\/\/adanaseshaber.com.tr\/index.php?rest_route=\/wp\/v2\/types\/post"}],"author":[{"embeddable":true,"href":"https:\/\/adanaseshaber.com.tr\/index.php?rest_route=\/wp\/v2\/users\/6"}],"replies":[{"embeddable":true,"href":"https:\/\/adanaseshaber.com.tr\/index.php?rest_route=%2Fwp%2Fv2%2Fcomments&post=33148"}],"version-history":[{"count":2,"href":"https:\/\/adanaseshaber.com.tr\/index.php?rest_route=\/wp\/v2\/posts\/33148\/revisions"}],"predecessor-version":[{"id":33153,"href":"https:\/\/adanaseshaber.com.tr\/index.php?rest_route=\/wp\/v2\/posts\/33148\/revisions\/33153"}],"wp:featuredmedia":[{"embeddable":true,"href":"https:\/\/adanaseshaber.com.tr\/index.php?rest_route=\/wp\/v2\/media\/33149"}],"wp:attachment":[{"href":"https:\/\/adanaseshaber.com.tr\/index.php?rest_route=%2Fwp%2Fv2%2Fmedia&parent=33148"}],"wp:term":[{"taxonomy":"category","embeddable":true,"href":"https:\/\/adanaseshaber.com.tr\/index.php?rest_route=%2Fwp%2Fv2%2Fcategories&post=33148"},{"taxonomy":"post_tag","embeddable":true,"href":"https:\/\/adanaseshaber.com.tr\/index.php?rest_route=%2Fwp%2Fv2%2Ftags&post=33148"}],"curies":[{"name":"wp","href":"https:\/\/api.w.org\/{rel}","templated":true}]}}