{"id":33176,"date":"2022-08-09T15:03:51","date_gmt":"2022-08-09T12:03:51","guid":{"rendered":"https:\/\/www.adanaseshaber.com\/?p=33176"},"modified":"2022-08-09T15:19:06","modified_gmt":"2022-08-09T12:19:06","slug":"amerika-beni-dinliyor-beynimde-cip-var-diyen-hasta-doktora-saldirdi","status":"publish","type":"post","link":"https:\/\/adanaseshaber.com.tr\/?p=33176","title":{"rendered":"Amerika beni dinliyor, beynimde \u00e7ip var diyen hasta doktora sald\u0131rd\u0131"},"content":{"rendered":"<p>Sa\u011fl\u0131kta \u015fiddet olay\u0131 maalesef son bulmuyor. Bu kez sa\u011fl\u0131kta \u015fiddetin adresi Elaz\u0131\u011f oldu. Bir hasta, Amerika beni dinliyor, beynimde \u00e7ip var, beynimdeki \u00e7ipi \u00e7\u0131kar diyerek doktora silah \u00e7ekti ve tehditler savurdu. Doktorun yard\u0131m istemesi \u00fczerine kap\u0131daki hasta ve hasta yak\u0131nlar\u0131 olaya m\u00fcdahale etti. Tehditlerine devam eden \u015fah\u0131s hastaneye gelen polis ekipleri taraf\u0131ndan g\u00f6zalt\u0131na al\u0131nd\u0131. Beyninde \u00e7ip oldu\u011funu s\u00f6yleyen Serhan Duman isimli bir hasta, doktordan MR talep etti. Doktorun bu talebi reddetmesi \u00fczerine adeta \u00e7\u0131lg\u0131na d\u00f6nen Duman, silah\u0131n\u0131 \u00e7\u0131kard\u0131 ve doktora tehditler savurmaya ba\u015flad\u0131. Dr. Oktay Kapan ise silah\u0131n\u0131 \u00e7\u0131karan \u015fahs\u0131n \u00fczerine f\u0131rlayarak etkisiz hale getirmeye \u00e7al\u0131\u015ft\u0131. Daha sonra d\u0131\u015far\u0131dan yard\u0131m isteyen doktorun yard\u0131m\u0131na kap\u0131daki hasta ve hasta yak\u0131nlar\u0131 ko\u015ftu.<\/p>\n<p><b>BEYN\u0130NDE \u00c7\u0130P OLDU\u011eUNU S\u00d6YLED\u0130<\/b><\/p>\n<p>Olay, d\u00fcn \u00f6\u011fle saatlerinde Elaz\u0131\u011f&#8217;da bir \u00f6zel hastanede meydana geldi. Al\u0131nan bilgilere g\u00f6re, hastaneye gelen ve beyninde \u00e7ip oldu\u011funu s\u00f6yleyen Serhan Duman isimli bir ki\u015fi Dr. Oktay Kapan&#8217;dan MR talep etti. Dr. Kapan ise hastas\u0131na kendisine benzer \u015fikayetten daha \u00f6nce MR \u00e7ekildi\u011fini ve beyninde bir \u015fey olmad\u0131\u011f\u0131n\u0131 s\u00f6yleyerek MR talebini reddetti. Bunun \u00fczerine silah\u0131n\u0131 \u00e7\u0131karan Serhan Duman, doktora tehditler ya\u011fd\u0131rd\u0131. Silah\u0131n \u00fczerine atlayan doktor ve \u015fah\u0131s aras\u0131nda 15 dakikal\u0131k bir bo\u011fu\u015fma ya\u015fand\u0131. Kap\u0131daki hasta ve hasta yak\u0131nlar\u0131n\u0131n yard\u0131m\u0131na ko\u015ftu\u011fu doktor can\u0131n\u0131 son anda kurtard\u0131.<\/p>\n<p><img loading=\"lazy\" decoding=\"async\" class=\"aligncenter wp-image-33194 size-full\" src=\"https:\/\/adanaseshaber.com.tr\/wp-content\/uploads\/2022\/08\/amerika-beni-dinliyor-beynimde-cip-var-diyen-hasta-doktora-saldirdi-2.jpg\" alt=\"\" width=\"1280\" height=\"720\" srcset=\"https:\/\/adanaseshaber.com.tr\/wp-content\/uploads\/2022\/08\/amerika-beni-dinliyor-beynimde-cip-var-diyen-hasta-doktora-saldirdi-2.jpg 1280w, https:\/\/adanaseshaber.com.tr\/wp-content\/uploads\/2022\/08\/amerika-beni-dinliyor-beynimde-cip-var-diyen-hasta-doktora-saldirdi-2-300x169.jpg 300w, https:\/\/adanaseshaber.com.tr\/wp-content\/uploads\/2022\/08\/amerika-beni-dinliyor-beynimde-cip-var-diyen-hasta-doktora-saldirdi-2-1024x576.jpg 1024w, https:\/\/adanaseshaber.com.tr\/wp-content\/uploads\/2022\/08\/amerika-beni-dinliyor-beynimde-cip-var-diyen-hasta-doktora-saldirdi-2-768x432.jpg 768w, https:\/\/adanaseshaber.com.tr\/wp-content\/uploads\/2022\/08\/amerika-beni-dinliyor-beynimde-cip-var-diyen-hasta-doktora-saldirdi-2-390x220.jpg 390w\" sizes=\"auto, (max-width: 1280px) 100vw, 1280px\" \/><\/p>\n<p><strong>TEHD\u0130TLER SAVURDU<\/strong><\/p>\n<p>N\u00f6roloji Uzman\u0131 Dr. Oktay Kapan, ya\u015fad\u0131\u011f\u0131 olay\u0131 g\u00f6zleri dolu dolu anlatt\u0131. Hastan\u0131n kendisine silah \u00e7ekerek tehditler savurdu\u011funu s\u00f6yleyen Dr. Kapan, &#8216;Hayati ve \u00fcz\u00fcc\u00fc bir olayd\u0131. Bu \u015fah\u0131s daha \u00f6nce de gelmi\u015fti. Beynimde \u00e7ip var \u00e7\u0131karman\u0131 istiyorum demi\u015fti. Biz de kendisine yard\u0131mc\u0131 olduk. Beyin MR&#8217;\u0131nda \u00e7ip veya benzeri bir \u015fey g\u00f6rmedik. \u00c7ip nereden \u00e7\u0131kt\u0131 diye sordum. Takip ve dinleme i\u00e7in takt\u0131klar\u0131n\u0131 s\u00f6yledi. Kim takt\u0131 diye sordum. D\u0131\u015f \u00fclkelerin takt\u0131\u011f\u0131n\u0131 s\u00f6yledi. Kendisine anlay\u0131\u015f g\u00f6sterdik ve yard\u0131mc\u0131 olmak istedik. MR&#8217;\u0131nda da hi\u00e7bir \u015fey yoktu. Kendisine bunu anlatt\u0131\u011f\u0131mda \u00e7ok b\u00fcy\u00fck tepkiler g\u00f6sterdi. Sonra beni s\u00fcrekli tehdit etmeye ba\u015flad\u0131. Sosyal medya \u00fczerinden tehdit mesajlar\u0131 atmaya ba\u015flad\u0131. D\u00fcn geldi\u011finde de \u00e7ipi \u00e7\u0131karmam i\u00e7in tehdit etti ve elini silah\u0131na atarak bana mermileri beynine bo\u015faltaca\u011f\u0131m dedi. Silah\u0131n\u0131 \u00e7\u0131kar\u0131nca \u00fczerine f\u0131rlad\u0131m. 15 dakika bo\u011fu\u015ftuk. Her an silah patlayabilirdi. \u0130kimizden biri de \u00f6lebilirdi. \u00c7ok zor bir durum, elindeki silah\u0131 almay\u0131 ba\u015fard\u0131m. Bu durumlar s\u0131k s\u0131k ya\u015fan\u0131yor. Duyuyorduk ama ba\u015fa gelince k\u00f6t\u00fc oldu\u011funu daha iyi anl\u0131yorsun. \u00d6lebilirdim.&#8217; ifadelerine yer verdi.<\/p>\n<p><strong>TUTUKLANDI<\/strong><\/p>\n<p>Etkisiz hale getirilen Serhan Duman&#8217;\u0131n doktora tehditler savurmaya devam etti\u011fi \u00f6\u011frenilirken hastaneye gelen polis ekipleri taraf\u0131ndan g\u00f6zalt\u0131na al\u0131nd\u0131\u011f\u0131 bilgisine ula\u015f\u0131ld\u0131. Emniyetteki i\u015flemlerin ard\u0131ndan adliyeye sevk edilen Duman, \u00e7\u0131kar\u0131ld\u0131\u011f\u0131 mahkemece tutuklanarak cezaevine g\u00f6nderildi. \u015eahs\u0131n 3 farkl\u0131 su\u00e7 kayd\u0131n\u0131n oldu\u011fu \u00f6\u011frenildi. Olayla ilgili ba\u015flat\u0131lan soru\u015fturman\u0131n ise devam etti\u011fi bilgisine yer verildi.<\/p>\n<p>&nbsp;<\/p>\n<p>&nbsp;<\/p>\n<p>&nbsp;<\/p>\n","protected":false},"excerpt":{"rendered":"<p>Sa\u011fl\u0131kta \u015fiddet olay\u0131 maalesef son bulmuyor. Bu kez sa\u011fl\u0131kta \u015fiddetin adresi Elaz\u0131\u011f oldu. Bir hasta, Amerika beni dinliyor, beynimde \u00e7ip var, beynimdeki \u00e7ipi \u00e7\u0131kar diyerek doktora silah \u00e7ekti ve tehditler savurdu. Doktorun yard\u0131m istemesi \u00fczerine kap\u0131daki hasta ve hasta yak\u0131nlar\u0131 olaya m\u00fcdahale etti. Tehditlerine devam eden \u015fah\u0131s hastaneye gelen polis ekipleri taraf\u0131ndan g\u00f6zalt\u0131na al\u0131nd\u0131. Beyninde &hellip;<\/p>\n","protected":false},"author":6,"featured_media":33193,"comment_status":"closed","ping_status":"closed","sticky":false,"template":"","format":"standard","meta":{"footnotes":""},"categories":[1],"tags":[],"class_list":["post-33176","post","type-post","status-publish","format-standard","has-post-thumbnail","hentry","category-genel"],"amp_enabled":true,"_links":{"self":[{"href":"https:\/\/adanaseshaber.com.tr\/index.php?rest_route=\/wp\/v2\/posts\/33176","targetHints":{"allow":["GET"]}}],"collection":[{"href":"https:\/\/adanaseshaber.com.tr\/index.php?rest_route=\/wp\/v2\/posts"}],"about":[{"href":"https:\/\/adanaseshaber.com.tr\/index.php?rest_route=\/wp\/v2\/types\/post"}],"author":[{"embeddable":true,"href":"https:\/\/adanaseshaber.com.tr\/index.php?rest_route=\/wp\/v2\/users\/6"}],"replies":[{"embeddable":true,"href":"https:\/\/adanaseshaber.com.tr\/index.php?rest_route=%2Fwp%2Fv2%2Fcomments&post=33176"}],"version-history":[{"count":8,"href":"https:\/\/adanaseshaber.com.tr\/index.php?rest_route=\/wp\/v2\/posts\/33176\/revisions"}],"predecessor-version":[{"id":33195,"href":"https:\/\/adanaseshaber.com.tr\/index.php?rest_route=\/wp\/v2\/posts\/33176\/revisions\/33195"}],"wp:featuredmedia":[{"embeddable":true,"href":"https:\/\/adanaseshaber.com.tr\/index.php?rest_route=\/wp\/v2\/media\/33193"}],"wp:attachment":[{"href":"https:\/\/adanaseshaber.com.tr\/index.php?rest_route=%2Fwp%2Fv2%2Fmedia&parent=33176"}],"wp:term":[{"taxonomy":"category","embeddable":true,"href":"https:\/\/adanaseshaber.com.tr\/index.php?rest_route=%2Fwp%2Fv2%2Fcategories&post=33176"},{"taxonomy":"post_tag","embeddable":true,"href":"https:\/\/adanaseshaber.com.tr\/index.php?rest_route=%2Fwp%2Fv2%2Ftags&post=33176"}],"curies":[{"name":"wp","href":"https:\/\/api.w.org\/{rel}","templated":true}]}}