{"id":33223,"date":"2022-08-09T16:00:35","date_gmt":"2022-08-09T13:00:35","guid":{"rendered":"https:\/\/www.adanaseshaber.com\/?p=33223"},"modified":"2022-08-09T16:00:09","modified_gmt":"2022-08-09T13:00:09","slug":"popstar-evren-kimdir-popstar-evren-evinin-onunde-darp-edildi","status":"publish","type":"post","link":"https:\/\/adanaseshaber.com.tr\/?p=33223","title":{"rendered":"Popstar Evren kimdir? Popstar Evren evinin \u00f6n\u00fcnde darp edildi"},"content":{"rendered":"<p>Bir d\u00f6nemin fenomen yar\u0131\u015fma programlar\u0131ndan biri olan Popstar\u2019a kat\u0131lan Evren Mevlano\u011flu, ya\u015fad\u0131\u011f\u0131 darp olay\u0131yla g\u00fcndeme geldi. Mu\u011fla\u2019n\u0131n K\u00f6yce\u011fiz il\u00e7esinde ikamet eden eski Popstar yar\u0131\u015fmac\u0131s\u0131 Evren, evinin \u00f6n\u00fcnde tan\u0131mad\u0131\u011f\u0131 bir erke\u011fin sald\u0131r\u0131s\u0131na u\u011frad\u0131. Sald\u0131r\u0131n\u0131n ard\u0131ndan y\u00fcz\u00fcnde ve g\u00f6z\u00fcnde morluklar olu\u015fan Evren, hastaneye giderek darp raporu ald\u0131. Eski Popstar yar\u0131\u015fmac\u0131s\u0131 Evren, darp edildi. Evinin \u00f6n\u00fcnde tan\u0131mad\u0131\u011f\u0131 bir erkek taraf\u0131ndan darp edilen Evren Mevlano\u011flu, ba\u015f\u0131na ve y\u00fcz\u00fcne ald\u0131\u011f\u0131 darbelerin ard\u0131ndan y\u00fcz\u00fcnde olu\u015fan morluklar sonras\u0131nda hemen hastaneye giderek darp raporu ald\u0131. Olayla ilgili soru\u015fturma ba\u015flat\u0131ld\u0131\u011f\u0131 \u00f6\u011frenildi. \u0130\u015fte detaylar\u2026<\/p>\n<p><strong>POPSTAR EVREN\u2019E SALDIRI<\/strong><\/p>\n<p>Y\u0131llar \u00f6nce ekrana gelen Popstar yar\u0131\u015fmas\u0131yla tan\u0131nan Evren Mevlanao\u011flu, Mu\u011fla\u2019daki evinin \u00f6n\u00fcnde tan\u0131mad\u0131\u011f\u0131 bir erke\u011fin fiziksel sald\u0131r\u0131s\u0131na u\u011frad\u0131. Kendisini darp eden \u015fahs\u0131 tan\u0131mad\u0131\u011f\u0131n\u0131 belirten Popstar Evren, ald\u0131\u011f\u0131 darbeler sonras\u0131nda y\u00fcz\u00fcnde ve g\u00f6z\u00fcnde olu\u015fan morluklarla hastaneye giderek darp raporu ald\u0131.<\/p>\n<p><strong>KAFA ATTI<\/strong><\/p>\n<p>Darp olay\u0131n\u0131 anlatan Evren Mevlano\u011flu, \u2018Sahne ald\u0131\u011f\u0131m mekandan \u00e7\u0131karak eve do\u011fru y\u00fcr\u00fcrken birinin motorla yan\u0131mdan ge\u00e7ti\u011fini fark ettim ancak \u00f6nemsemedim. Ad\u0131n\u0131 sonradan \u00f6\u011frendi\u011fim U.U. isimli \u015fah\u0131s motoruyla d\u00f6nerek evimin \u00f6n\u00fcndeki banka oturdu ve y\u00fcksek sesle m\u00fczik dinlemeye ba\u015flad\u0131. Kendisini m\u00fczi\u011fin esini k\u0131smas\u0131 i\u00e7in kibar bir dille uyard\u0131m. Ancak bana k\u00fcf\u00fcrler ile kar\u015f\u0131l\u0131k verdi. Daha sonra beni tehdit ederek m\u00fczi\u011fin sesini k\u0131s diyemezsin diyerek bana kafa att\u0131. \u00d6nce sersemledim ne oldu\u011funu anlayamad\u0131m. Hemen 112 acil yard\u0131m hatt\u0131n\u0131 arayarak polise durumu bildirdim. Polisin gelece\u011fini anlay\u0131nca olay yerinden ka\u00e7t\u0131. Gelen polisler hemen beni hastaneye g\u00f6t\u00fcrd\u00fc. Hastanede r\u00f6ntgen \u00e7ekildi, darp raporu verildi. Sald\u0131rgandan \u015fikayet\u00e7i oldum.\u2019 dedi.<\/p>\n<p><img loading=\"lazy\" decoding=\"async\" class=\"aligncenter wp-image-33225 size-full\" src=\"https:\/\/adanaseshaber.com.tr\/wp-content\/uploads\/2022\/08\/popstar-evren-kimdir-popstar-evren-evinin-onunde-darp-edildi-1.jpg\" alt=\"\" width=\"1280\" height=\"720\" srcset=\"https:\/\/adanaseshaber.com.tr\/wp-content\/uploads\/2022\/08\/popstar-evren-kimdir-popstar-evren-evinin-onunde-darp-edildi-1.jpg 1280w, https:\/\/adanaseshaber.com.tr\/wp-content\/uploads\/2022\/08\/popstar-evren-kimdir-popstar-evren-evinin-onunde-darp-edildi-1-300x169.jpg 300w, https:\/\/adanaseshaber.com.tr\/wp-content\/uploads\/2022\/08\/popstar-evren-kimdir-popstar-evren-evinin-onunde-darp-edildi-1-1024x576.jpg 1024w, https:\/\/adanaseshaber.com.tr\/wp-content\/uploads\/2022\/08\/popstar-evren-kimdir-popstar-evren-evinin-onunde-darp-edildi-1-768x432.jpg 768w, https:\/\/adanaseshaber.com.tr\/wp-content\/uploads\/2022\/08\/popstar-evren-kimdir-popstar-evren-evinin-onunde-darp-edildi-1-390x220.jpg 390w\" sizes=\"auto, (max-width: 1280px) 100vw, 1280px\" \/><\/p>\n<p><strong>OLAYLA \u0130LG\u0130L\u0130 SORU\u015eTURMA BA\u015eLATILDI<\/strong><\/p>\n<p>Ya\u015fad\u0131\u011f\u0131 olaydan sonra psikolojisinin bozuldu\u011funu s\u00f6yleyen Popstar Evren, olayla ilgili soru\u015fturma ba\u015flat\u0131ld\u0131\u011f\u0131n\u0131 belirtti ve kimli\u011fi polis taraf\u0131ndan tespit edilen sald\u0131rgan\u0131n bir an \u00f6nce yakalanarak adalete teslim edilmesini istedi\u011fini s\u00f6yledi.<\/p>\n","protected":false},"excerpt":{"rendered":"<p>Bir d\u00f6nemin fenomen yar\u0131\u015fma programlar\u0131ndan biri olan Popstar\u2019a kat\u0131lan Evren Mevlano\u011flu, ya\u015fad\u0131\u011f\u0131 darp olay\u0131yla g\u00fcndeme geldi. Mu\u011fla\u2019n\u0131n K\u00f6yce\u011fiz il\u00e7esinde ikamet eden eski Popstar yar\u0131\u015fmac\u0131s\u0131 Evren, evinin \u00f6n\u00fcnde tan\u0131mad\u0131\u011f\u0131 bir erke\u011fin sald\u0131r\u0131s\u0131na u\u011frad\u0131. Sald\u0131r\u0131n\u0131n ard\u0131ndan y\u00fcz\u00fcnde ve g\u00f6z\u00fcnde morluklar olu\u015fan Evren, hastaneye giderek darp raporu ald\u0131. Eski Popstar yar\u0131\u015fmac\u0131s\u0131 Evren, darp edildi. Evinin \u00f6n\u00fcnde tan\u0131mad\u0131\u011f\u0131 bir &hellip;<\/p>\n","protected":false},"author":6,"featured_media":33224,"comment_status":"closed","ping_status":"closed","sticky":false,"template":"","format":"standard","meta":{"footnotes":""},"categories":[15431],"tags":[],"class_list":["post-33223","post","type-post","status-publish","format-standard","has-post-thumbnail","hentry","category-medya"],"amp_enabled":true,"_links":{"self":[{"href":"https:\/\/adanaseshaber.com.tr\/index.php?rest_route=\/wp\/v2\/posts\/33223","targetHints":{"allow":["GET"]}}],"collection":[{"href":"https:\/\/adanaseshaber.com.tr\/index.php?rest_route=\/wp\/v2\/posts"}],"about":[{"href":"https:\/\/adanaseshaber.com.tr\/index.php?rest_route=\/wp\/v2\/types\/post"}],"author":[{"embeddable":true,"href":"https:\/\/adanaseshaber.com.tr\/index.php?rest_route=\/wp\/v2\/users\/6"}],"replies":[{"embeddable":true,"href":"https:\/\/adanaseshaber.com.tr\/index.php?rest_route=%2Fwp%2Fv2%2Fcomments&post=33223"}],"version-history":[{"count":2,"href":"https:\/\/adanaseshaber.com.tr\/index.php?rest_route=\/wp\/v2\/posts\/33223\/revisions"}],"predecessor-version":[{"id":33227,"href":"https:\/\/adanaseshaber.com.tr\/index.php?rest_route=\/wp\/v2\/posts\/33223\/revisions\/33227"}],"wp:featuredmedia":[{"embeddable":true,"href":"https:\/\/adanaseshaber.com.tr\/index.php?rest_route=\/wp\/v2\/media\/33224"}],"wp:attachment":[{"href":"https:\/\/adanaseshaber.com.tr\/index.php?rest_route=%2Fwp%2Fv2%2Fmedia&parent=33223"}],"wp:term":[{"taxonomy":"category","embeddable":true,"href":"https:\/\/adanaseshaber.com.tr\/index.php?rest_route=%2Fwp%2Fv2%2Fcategories&post=33223"},{"taxonomy":"post_tag","embeddable":true,"href":"https:\/\/adanaseshaber.com.tr\/index.php?rest_route=%2Fwp%2Fv2%2Ftags&post=33223"}],"curies":[{"name":"wp","href":"https:\/\/api.w.org\/{rel}","templated":true}]}}