{"id":33240,"date":"2022-08-09T16:48:36","date_gmt":"2022-08-09T13:48:36","guid":{"rendered":"https:\/\/www.adanaseshaber.com\/?p=33240"},"modified":"2022-08-09T16:50:38","modified_gmt":"2022-08-09T13:50:38","slug":"muge-anli-ne-zaman-baslayacak-muge-anli-yeni-sezon-ne-zaman-basliyor-2022","status":"publish","type":"post","link":"https:\/\/adanaseshaber.com.tr\/?p=33240","title":{"rendered":"M\u00fcge Anl\u0131 ne zaman ba\u015flayacak? M\u00fcge Anl\u0131 yeni sezon ne zaman ba\u015fl\u0131yor 2022?"},"content":{"rendered":"<p>ATV ekranlar\u0131n\u0131n sevilen g\u00fcnd\u00fcz ku\u015fa\u011f\u0131 program\u0131 M\u00fcge Anl\u0131 ile Tatl\u0131 Sert ge\u00e7ti\u011fimiz aylarda sezon finaline girerek ekrana k\u0131sa bir ara vermi\u015fti. \u015eimdilerde yeni sezonuyla geri d\u00f6nmeye haz\u0131rlanan M\u00fcge Anl\u0131\u2019n\u0131n yay\u0131n tarihi merak konusu oldu. M\u00fcge Anl\u0131 ile Tatl\u0131 Sert program\u0131n\u0131n ne zaman ba\u015flayaca\u011f\u0131 merak edilirken program\u0131n ba\u015flayaca\u011f\u0131 tarih a\u00e7\u0131kland\u0131. \u015eimdi g\u00f6zler yeni sezonun ilk yay\u0131n\u0131na \u00e7evrildi. Ekranlar\u0131n sevilen ismi M\u00fcge Anl\u0131, yepyeni bir sezonla geri d\u00f6n\u00fcyor. K\u0131sa bir tatilin ard\u0131ndan ekrana geri d\u00f6nmeye haz\u0131rlanan M\u00fcge Anl\u0131 ile Tatl\u0131 Sert\u2019in yay\u0131n tarihi a\u00e7\u0131kland\u0131. Peki, M\u00fcge Anl\u0131 ne zaman ba\u015flayacak 2022? M\u00fcge Anl\u0131 yeni sezon ne zaman? M\u00fcge Anl\u0131 ba\u015flad\u0131 m\u0131? M\u00fcge Anl\u0131 yeni sezon olacak m\u0131? \u0130\u015fte detaylar\u2026<\/p>\n<p><strong>M\u00dcGE ANLI YEN\u0130 SEZON BA\u015eLIYOR<\/strong><\/p>\n<p>ATV ekranlar\u0131nda hafta i\u00e7i her g\u00fcn canl\u0131 yay\u0131nla izleyicinin kar\u015f\u0131s\u0131na \u00e7\u0131kan M\u00fcge Anl\u0131 ile Tatl\u0131 Sert program\u0131n\u0131n yeni sezonu i\u00e7in geri say\u0131m ba\u015flad\u0131. Geride b\u0131rakt\u0131\u011f\u0131m\u0131z aylarda ekrana k\u0131sa bir ara vererek sezon finaline giren program\u0131n yeni sezon i\u00e7in yay\u0131n tarihi belli oldu.<\/p>\n<p><img loading=\"lazy\" decoding=\"async\" class=\"aligncenter wp-image-33244 size-full\" src=\"https:\/\/adanaseshaber.com.tr\/wp-content\/uploads\/2022\/08\/muge-anli-ne-zaman-baslayacak-muge-anli-yeni-sezon-ne-zaman-basliyor-2022-1.jpg\" alt=\"\" width=\"1280\" height=\"720\" srcset=\"https:\/\/adanaseshaber.com.tr\/wp-content\/uploads\/2022\/08\/muge-anli-ne-zaman-baslayacak-muge-anli-yeni-sezon-ne-zaman-basliyor-2022-1.jpg 1280w, https:\/\/adanaseshaber.com.tr\/wp-content\/uploads\/2022\/08\/muge-anli-ne-zaman-baslayacak-muge-anli-yeni-sezon-ne-zaman-basliyor-2022-1-300x169.jpg 300w, https:\/\/adanaseshaber.com.tr\/wp-content\/uploads\/2022\/08\/muge-anli-ne-zaman-baslayacak-muge-anli-yeni-sezon-ne-zaman-basliyor-2022-1-1024x576.jpg 1024w, https:\/\/adanaseshaber.com.tr\/wp-content\/uploads\/2022\/08\/muge-anli-ne-zaman-baslayacak-muge-anli-yeni-sezon-ne-zaman-basliyor-2022-1-768x432.jpg 768w, https:\/\/adanaseshaber.com.tr\/wp-content\/uploads\/2022\/08\/muge-anli-ne-zaman-baslayacak-muge-anli-yeni-sezon-ne-zaman-basliyor-2022-1-390x220.jpg 390w\" sizes=\"auto, (max-width: 1280px) 100vw, 1280px\" \/><\/p>\n<p><strong>YEN\u0130 SEZON 29 A\u011eUSTOS\u2019TA BA\u015eLIYOR<\/strong><\/p>\n<p>Yeni sezonu heyecanla beklenen M\u00fcge Anl\u0131\u2019n\u0131n yeni sezon yay\u0131n tarihi belli oldu. Ba\u015far\u0131l\u0131 sunucu M\u00fcge Anl\u0131, sosyal medya hesab\u0131 \u00fczerinden yapt\u0131\u011f\u0131 payla\u015f\u0131mla M\u00fcge Anl\u0131 ile Tatl\u0131 Sert program\u0131n\u0131n 29 A\u011fustos 2022 Pazartesi g\u00fcn\u00fc ba\u015flayaca\u011f\u0131n\u0131 duyurdu. Program\u0131n yeni sezon tan\u0131t\u0131m\u0131 da ekrana gelmeye ba\u015flad\u0131. M\u00fcge Anl\u0131 ile Tatl\u0131 Sert, ba\u015far\u0131l\u0131 sunucu M\u00fcge Anl\u0131\u2019n\u0131n sunumuyla 29 A\u011fustos 2022 Pazartesi g\u00fcn\u00fcnden itibaren yeni sezonda da evlerinize konuk olmaya devam edecek.<\/p>\n","protected":false},"excerpt":{"rendered":"<p>ATV ekranlar\u0131n\u0131n sevilen g\u00fcnd\u00fcz ku\u015fa\u011f\u0131 program\u0131 M\u00fcge Anl\u0131 ile Tatl\u0131 Sert ge\u00e7ti\u011fimiz aylarda sezon finaline girerek ekrana k\u0131sa bir ara vermi\u015fti. \u015eimdilerde yeni sezonuyla geri d\u00f6nmeye haz\u0131rlanan M\u00fcge Anl\u0131\u2019n\u0131n yay\u0131n tarihi merak konusu oldu. M\u00fcge Anl\u0131 ile Tatl\u0131 Sert program\u0131n\u0131n ne zaman ba\u015flayaca\u011f\u0131 merak edilirken program\u0131n ba\u015flayaca\u011f\u0131 tarih a\u00e7\u0131kland\u0131. \u015eimdi g\u00f6zler yeni sezonun ilk yay\u0131n\u0131na &hellip;<\/p>\n","protected":false},"author":6,"featured_media":33241,"comment_status":"closed","ping_status":"closed","sticky":false,"template":"","format":"standard","meta":{"footnotes":""},"categories":[1],"tags":[],"class_list":["post-33240","post","type-post","status-publish","format-standard","has-post-thumbnail","hentry","category-genel"],"amp_enabled":true,"_links":{"self":[{"href":"https:\/\/adanaseshaber.com.tr\/index.php?rest_route=\/wp\/v2\/posts\/33240","targetHints":{"allow":["GET"]}}],"collection":[{"href":"https:\/\/adanaseshaber.com.tr\/index.php?rest_route=\/wp\/v2\/posts"}],"about":[{"href":"https:\/\/adanaseshaber.com.tr\/index.php?rest_route=\/wp\/v2\/types\/post"}],"author":[{"embeddable":true,"href":"https:\/\/adanaseshaber.com.tr\/index.php?rest_route=\/wp\/v2\/users\/6"}],"replies":[{"embeddable":true,"href":"https:\/\/adanaseshaber.com.tr\/index.php?rest_route=%2Fwp%2Fv2%2Fcomments&post=33240"}],"version-history":[{"count":4,"href":"https:\/\/adanaseshaber.com.tr\/index.php?rest_route=\/wp\/v2\/posts\/33240\/revisions"}],"predecessor-version":[{"id":33246,"href":"https:\/\/adanaseshaber.com.tr\/index.php?rest_route=\/wp\/v2\/posts\/33240\/revisions\/33246"}],"wp:featuredmedia":[{"embeddable":true,"href":"https:\/\/adanaseshaber.com.tr\/index.php?rest_route=\/wp\/v2\/media\/33241"}],"wp:attachment":[{"href":"https:\/\/adanaseshaber.com.tr\/index.php?rest_route=%2Fwp%2Fv2%2Fmedia&parent=33240"}],"wp:term":[{"taxonomy":"category","embeddable":true,"href":"https:\/\/adanaseshaber.com.tr\/index.php?rest_route=%2Fwp%2Fv2%2Fcategories&post=33240"},{"taxonomy":"post_tag","embeddable":true,"href":"https:\/\/adanaseshaber.com.tr\/index.php?rest_route=%2Fwp%2Fv2%2Ftags&post=33240"}],"curies":[{"name":"wp","href":"https:\/\/api.w.org\/{rel}","templated":true}]}}