{"id":33259,"date":"2022-08-09T17:37:16","date_gmt":"2022-08-09T14:37:16","guid":{"rendered":"https:\/\/www.adanaseshaber.com\/?p=33259"},"modified":"2022-08-09T17:40:19","modified_gmt":"2022-08-09T14:40:19","slug":"eksi-elmalar-filmi-konusu-ne-oyunculari-kim-eksi-elmalar-filmi-gercek-mi-eksi-elmalar-nerede-cekildi","status":"publish","type":"post","link":"https:\/\/adanaseshaber.com.tr\/?p=33259","title":{"rendered":"Ek\u015fi Elmalar filmi konusu ne, oyuncular\u0131 kim? Ek\u015fi Elmalar filmi ger\u00e7ek mi? Ek\u015fi Elmalar nerede \u00e7ekildi?"},"content":{"rendered":"<p>Bu ak\u015fam Star TV ekranlar\u0131nda yay\u0131nlanacak olan Ek\u015fi Elmalar filmiyle ilgili ara\u015ft\u0131rmalar h\u0131z kazand\u0131. Bu ak\u015fam bir kez daha T\u2019de izleyiciyle bulu\u015facak olan Ek\u015fi Elmalar filminin konusu ve oyuncu kadrosu yo\u011fun bir \u015fekilde ara\u015ft\u0131r\u0131l\u0131yor. Filmin \u00e7ekimlerinin yap\u0131ld\u0131\u011f\u0131 yerler ve vizyona girdi\u011fi tarihle ilgili de ara\u015ft\u0131rmalar devam ediyor. Ek\u015fi Elmalar filminin yay\u0131nlanaca\u011f\u0131 saatte merak edilen bir di\u011fer konu olarak kar\u015f\u0131m\u0131za \u00e7\u0131k\u0131yor. Y\u0131lmaz Erdo\u011fan\u2019\u0131n y\u00f6netti\u011fi ve oyuncu kadrosunda yer ald\u0131\u011f\u0131 Ek\u015fi Elmalar filmi bu ak\u015fam Star TV ekranlar\u0131nda yay\u0131nlanacak. Y\u0131lmaz Erdo\u011fan\u2019\u0131n ba\u015frol\u00fcnde oldu\u011fu filmle ilgili merak edilen pek \u00e7ok konu var. Peki, Ek\u015fi Elmalar filmi konusu ne? Ek\u015fi Elmalar filmi oyuncu kadrosunda kimler var? Ek\u015fi Elmalar filmi ger\u00e7ek mi? Ek\u015fi Elmalar filmi nerede \u00e7ekildi? Ek\u015fi Elmalar ne zaman vizyona girdi? \u0130\u015fte detaylar\u2026<\/p>\n<p><strong>EK\u015e\u0130 ELMALAR F\u0130LM\u0130 KONUSU<\/strong><\/p>\n<p>Belediye Reisi Aziz \u00d6zay, sert mizac\u0131yla tan\u0131nmaktad\u0131r. Kent \u00e7ap\u0131nda me\u015fhur olan iki \u00f6zelli\u011fi bulunan Aziz \u00d6zay, herkesin imrendi\u011fi meyve bah\u00e7esi ve evlilik \u00e7a\u011f\u0131na gelmi\u015f olan 3 g\u00fczel k\u0131z\u0131yla me\u015fhurdur. Birbirinden g\u00fczel ve taliplisi \u00e7ok olan bu k\u0131zlar kasaba merkezine inmez ve insan i\u00e7ine \u00e7ok \u00e7\u0131kmaz. Belediye Reisi Aziz Bey\u2019in e\u015fi Ayda ve k\u0131zlar\u0131 Muazzez, T\u00fcrkan ve Safiye\u2019nin 1970\u2019li y\u0131llarda Hakkari\u2019de ba\u015flayan \u00f6yk\u00fcleri, 1990\u2019l\u0131 y\u0131llar\u0131n sonunda Antalya\u2019ya kadar uzan\u0131r.<\/p>\n<p><img loading=\"lazy\" decoding=\"async\" class=\"aligncenter wp-image-33262 size-full\" src=\"https:\/\/adanaseshaber.com.tr\/wp-content\/uploads\/2022\/08\/eksi-elmalar-filmi-konusu-ne-oyunculari-kim-eksi-elmalar-filmi-gercek-mi-eksi-elmalar-nerede-cekildi-1.jpg\" alt=\"\" width=\"1280\" height=\"720\" srcset=\"https:\/\/adanaseshaber.com.tr\/wp-content\/uploads\/2022\/08\/eksi-elmalar-filmi-konusu-ne-oyunculari-kim-eksi-elmalar-filmi-gercek-mi-eksi-elmalar-nerede-cekildi-1.jpg 1280w, https:\/\/adanaseshaber.com.tr\/wp-content\/uploads\/2022\/08\/eksi-elmalar-filmi-konusu-ne-oyunculari-kim-eksi-elmalar-filmi-gercek-mi-eksi-elmalar-nerede-cekildi-1-300x169.jpg 300w, https:\/\/adanaseshaber.com.tr\/wp-content\/uploads\/2022\/08\/eksi-elmalar-filmi-konusu-ne-oyunculari-kim-eksi-elmalar-filmi-gercek-mi-eksi-elmalar-nerede-cekildi-1-1024x576.jpg 1024w, https:\/\/adanaseshaber.com.tr\/wp-content\/uploads\/2022\/08\/eksi-elmalar-filmi-konusu-ne-oyunculari-kim-eksi-elmalar-filmi-gercek-mi-eksi-elmalar-nerede-cekildi-1-768x432.jpg 768w, https:\/\/adanaseshaber.com.tr\/wp-content\/uploads\/2022\/08\/eksi-elmalar-filmi-konusu-ne-oyunculari-kim-eksi-elmalar-filmi-gercek-mi-eksi-elmalar-nerede-cekildi-1-390x220.jpg 390w\" sizes=\"auto, (max-width: 1280px) 100vw, 1280px\" \/><\/p>\n<p><strong>EK\u015e\u0130 ELMALAR F\u0130LM\u0130 OYUNCU KADROSU<\/strong><\/p>\n<p>&#8211; Y\u0131lmaz Erdo\u011fan<\/p>\n<p>&#8211; Song\u00fcl \u00d6den<\/p>\n<p>&#8211; Farah Zeynep Abdullah<\/p>\n<p>&#8211; \u015e\u00fckran Oval\u0131<\/p>\n<p>&#8211; \u015e\u00fckr\u00fc \u00d6zy\u0131ld\u0131z<\/p>\n<p>&#8211; Ersin Korkut<\/p>\n<p>&#8211; Fatih Artman<\/p>\n<p>&#8211; Caner Cindoruk<\/p>\n<p>&#8211; Cezmi Bask\u0131n<\/p>\n<p>&#8211; K\u0131van\u00e7 Baran<\/p>\n<p>&#8211; Devrim Yakut<\/p>\n<p><strong>EK\u015e\u0130 ELMALAR F\u0130LM\u0130 NEREDE \u00c7EK\u0130LD\u0130?<\/strong><\/p>\n<p>Y\u0131lmaz Erdo\u011fan\u2019\u0131n senaryosunu ger\u00e7ek olaylardan yola \u00e7\u0131karak yazd\u0131\u011f\u0131 film, Hakkari ve Antalya\u2019da ge\u00e7se de filmin \u00e7ekimleri Mu\u011fla\u2019n\u0131n K\u00f6yce\u011fiz, Marmaris ve Ortaca il\u00e7elerinde ger\u00e7ekle\u015ftirildi.<\/p>\n","protected":false},"excerpt":{"rendered":"<p>Bu ak\u015fam Star TV ekranlar\u0131nda yay\u0131nlanacak olan Ek\u015fi Elmalar filmiyle ilgili ara\u015ft\u0131rmalar h\u0131z kazand\u0131. Bu ak\u015fam bir kez daha T\u2019de izleyiciyle bulu\u015facak olan Ek\u015fi Elmalar filminin konusu ve oyuncu kadrosu yo\u011fun bir \u015fekilde ara\u015ft\u0131r\u0131l\u0131yor. Filmin \u00e7ekimlerinin yap\u0131ld\u0131\u011f\u0131 yerler ve vizyona girdi\u011fi tarihle ilgili de ara\u015ft\u0131rmalar devam ediyor. Ek\u015fi Elmalar filminin yay\u0131nlanaca\u011f\u0131 saatte merak edilen bir &hellip;<\/p>\n","protected":false},"author":6,"featured_media":33260,"comment_status":"closed","ping_status":"closed","sticky":false,"template":"","format":"standard","meta":{"footnotes":""},"categories":[15431],"tags":[],"class_list":["post-33259","post","type-post","status-publish","format-standard","has-post-thumbnail","hentry","category-medya"],"amp_enabled":true,"_links":{"self":[{"href":"https:\/\/adanaseshaber.com.tr\/index.php?rest_route=\/wp\/v2\/posts\/33259","targetHints":{"allow":["GET"]}}],"collection":[{"href":"https:\/\/adanaseshaber.com.tr\/index.php?rest_route=\/wp\/v2\/posts"}],"about":[{"href":"https:\/\/adanaseshaber.com.tr\/index.php?rest_route=\/wp\/v2\/types\/post"}],"author":[{"embeddable":true,"href":"https:\/\/adanaseshaber.com.tr\/index.php?rest_route=\/wp\/v2\/users\/6"}],"replies":[{"embeddable":true,"href":"https:\/\/adanaseshaber.com.tr\/index.php?rest_route=%2Fwp%2Fv2%2Fcomments&post=33259"}],"version-history":[{"count":3,"href":"https:\/\/adanaseshaber.com.tr\/index.php?rest_route=\/wp\/v2\/posts\/33259\/revisions"}],"predecessor-version":[{"id":33264,"href":"https:\/\/adanaseshaber.com.tr\/index.php?rest_route=\/wp\/v2\/posts\/33259\/revisions\/33264"}],"wp:featuredmedia":[{"embeddable":true,"href":"https:\/\/adanaseshaber.com.tr\/index.php?rest_route=\/wp\/v2\/media\/33260"}],"wp:attachment":[{"href":"https:\/\/adanaseshaber.com.tr\/index.php?rest_route=%2Fwp%2Fv2%2Fmedia&parent=33259"}],"wp:term":[{"taxonomy":"category","embeddable":true,"href":"https:\/\/adanaseshaber.com.tr\/index.php?rest_route=%2Fwp%2Fv2%2Fcategories&post=33259"},{"taxonomy":"post_tag","embeddable":true,"href":"https:\/\/adanaseshaber.com.tr\/index.php?rest_route=%2Fwp%2Fv2%2Ftags&post=33259"}],"curies":[{"name":"wp","href":"https:\/\/api.w.org\/{rel}","templated":true}]}}