{"id":33310,"date":"2022-08-09T20:01:41","date_gmt":"2022-08-09T17:01:41","guid":{"rendered":"https:\/\/www.adanaseshaber.com\/?p=33310"},"modified":"2022-08-09T20:01:36","modified_gmt":"2022-08-09T17:01:36","slug":"cemevi-baskani-selami-saritasa-saldiriyla-ilgili-4-kisi-tutuklandi","status":"publish","type":"post","link":"https:\/\/adanaseshaber.com.tr\/?p=33310","title":{"rendered":"Cemevi Ba\u015fkan\u0131 Selami Sar\u0131ta\u015f\u2019a sald\u0131r\u0131yla ilgili 4 ki\u015fi tutukland\u0131"},"content":{"rendered":"<p>Son g\u00fcnlerde cemevi sald\u0131r\u0131lar\u0131 artm\u0131\u015f ve sald\u0131r\u0131 haberleri pe\u015f pe\u015fe gelmeye ba\u015flam\u0131\u015ft\u0131. Bir sald\u0131r\u0131 da Kartal Cemevi Ba\u015fkan\u0131\u2019na y\u00f6nelik oldu. Alevi Vak\u0131flar\u0131 Federasyonu \u0130kinci Ba\u015fkan\u0131 ve Kartal Cemevi Ba\u015fkan\u0131 Selami Sar\u0131ta\u015f\u2019a sald\u0131r\u0131yla ilgili yeni bir geli\u015fme ya\u015fand\u0131. Sald\u0131r\u0131yla ilgili g\u00f6zalt\u0131na al\u0131nan 9 ki\u015fiden 4\u2019\u00fc tutukland\u0131. Evinin \u00f6n\u00fcnde motosikletli 2 ki\u015finin sald\u0131r\u0131s\u0131na u\u011frayan Selami Sar\u0131ta\u015f\u2019\u0131n \u015fikayetinin ard\u0131ndan olayla ilgili soru\u015fturma ba\u015flat\u0131lm\u0131\u015ft\u0131. Ba\u015flat\u0131lan soru\u015fturma kapsam\u0131nda g\u00f6zalt\u0131na al\u0131nan 9 ki\u015fiden 4\u2019\u00fcn\u00fcn tutukland\u0131\u011f\u0131 \u00f6\u011frenilirken 5\u2019i ise adli kontrol \u015fart\u0131yla serbest b\u0131rak\u0131ld\u0131. \u0130\u015fte sald\u0131r\u0131yla ilgili t\u00fcm detaylar\u2026<\/p>\n<p><strong>EV\u0130N\u0130N \u00d6N\u00dcNDE SALDIRIYA U\u011eRADI<\/strong><\/p>\n<p>Alevi Vak\u0131flar\u0131 Federasyonu \u0130kinci Ba\u015fkan\u0131 ve Kartal Cemevi Ba\u015fkan\u0131 Selami Sar\u0131ta\u015f, 5 A\u011fustos 2022 tarihinde Kartal\u2019daki evinin \u00f6n\u00fcnde motosikletli 2 ki\u015finin sald\u0131r\u0131s\u0131na u\u011frad\u0131. Sar\u0131ta\u015f\u2019\u0131n \u015fikayetinin ard\u0131ndan olayla ilgili ba\u015flat\u0131lan inceleme kapsam\u0131nda sald\u0131r\u0131y\u0131 ger\u00e7ekle\u015ftiren ki\u015filerin 36 ya\u015f\u0131ndaki S.G. ve 30 ya\u015f\u0131ndaki A.Y. oldu\u011fu tespit edildi.<\/p>\n<p><img loading=\"lazy\" decoding=\"async\" class=\"aligncenter wp-image-33312 size-full\" src=\"https:\/\/adanaseshaber.com.tr\/wp-content\/uploads\/2022\/08\/cemevi-baskani-selami-saritasa-saldiriyla-ilgili-4-kisi-tutuklandi-1.jpg\" alt=\"\" width=\"1280\" height=\"720\" srcset=\"https:\/\/adanaseshaber.com.tr\/wp-content\/uploads\/2022\/08\/cemevi-baskani-selami-saritasa-saldiriyla-ilgili-4-kisi-tutuklandi-1.jpg 1280w, https:\/\/adanaseshaber.com.tr\/wp-content\/uploads\/2022\/08\/cemevi-baskani-selami-saritasa-saldiriyla-ilgili-4-kisi-tutuklandi-1-300x169.jpg 300w, https:\/\/adanaseshaber.com.tr\/wp-content\/uploads\/2022\/08\/cemevi-baskani-selami-saritasa-saldiriyla-ilgili-4-kisi-tutuklandi-1-1024x576.jpg 1024w, https:\/\/adanaseshaber.com.tr\/wp-content\/uploads\/2022\/08\/cemevi-baskani-selami-saritasa-saldiriyla-ilgili-4-kisi-tutuklandi-1-768x432.jpg 768w, https:\/\/adanaseshaber.com.tr\/wp-content\/uploads\/2022\/08\/cemevi-baskani-selami-saritasa-saldiriyla-ilgili-4-kisi-tutuklandi-1-390x220.jpg 390w\" sizes=\"auto, (max-width: 1280px) 100vw, 1280px\" \/><\/p>\n<p><strong>HUSUMETL\u0130S\u0130 AZMETT\u0130RM\u0130\u015e<\/strong><\/p>\n<p>\u015e\u00fcphelilerden A.Y.\u2019yi g\u00f6zalt\u0131na alan ve ifadesine ba\u015fvuran polis ekipleri, A.Y.\u2019nin ifadesi sonras\u0131nda soru\u015fturmay\u0131 derinle\u015ftirdi. Polisin yapt\u0131\u011f\u0131 inceleme sonucunda Selami Sar\u0131ta\u015f\u2019la ayn\u0131 derne\u011fe \u00fcye olan ve Sar\u0131ta\u015f\u2019la husumeti bulundu\u011fu belirlenen N.D.\u2019nin sald\u0131r\u0131y\u0131 azmettirdi\u011fi ortaya \u00e7\u0131kt\u0131. Aktar\u0131lan bilgilere g\u00f6re ND., Selami Sar\u0131ta\u015f\u2019a sald\u0131r\u0131 d\u00fczenlenmesi i\u00e7in M.D.\u2019den yard\u0131m istedi. Yard\u0131m talebi, \u00fczerine M.D., M.F. isimli ki\u015fiye giderek durumu anlatt\u0131. M.F. ise M.D.\u2019nin iste\u011fi \u00fczerine A.Y. ve S.G.\u2019ye sald\u0131r\u0131 talimat\u0131 verdi. Yap\u0131lan inceleme sonucunda polis ekipleri, azmettirici N.D. ile beraber yard\u0131m ve yatakl\u0131k yapt\u0131klar\u0131 tespit edilen M.F., M.D., E.Y., B.E., B.S., R.O.\u0130. ve S.A.\u2019y\u0131 g\u00f6zalt\u0131na ald\u0131. G\u00f6zalt\u0131na al\u0131nan \u015f\u00fcpheliler emniyetteki i\u015flemleri sonras\u0131nda adliyeye sevk edildi. Adliyeye sevk edilen 9 ki\u015fiden 4\u2019\u00fc tutuklanarak cezaevine g\u00f6nderilirken 5\u2019i ise adli kontrol \u015fart\u0131yla serbest kald\u0131.<\/p>\n","protected":false},"excerpt":{"rendered":"<p>Son g\u00fcnlerde cemevi sald\u0131r\u0131lar\u0131 artm\u0131\u015f ve sald\u0131r\u0131 haberleri pe\u015f pe\u015fe gelmeye ba\u015flam\u0131\u015ft\u0131. Bir sald\u0131r\u0131 da Kartal Cemevi Ba\u015fkan\u0131\u2019na y\u00f6nelik oldu. Alevi Vak\u0131flar\u0131 Federasyonu \u0130kinci Ba\u015fkan\u0131 ve Kartal Cemevi Ba\u015fkan\u0131 Selami Sar\u0131ta\u015f\u2019a sald\u0131r\u0131yla ilgili yeni bir geli\u015fme ya\u015fand\u0131. Sald\u0131r\u0131yla ilgili g\u00f6zalt\u0131na al\u0131nan 9 ki\u015fiden 4\u2019\u00fc tutukland\u0131. Evinin \u00f6n\u00fcnde motosikletli 2 ki\u015finin sald\u0131r\u0131s\u0131na u\u011frayan Selami Sar\u0131ta\u015f\u2019\u0131n \u015fikayetinin &hellip;<\/p>\n","protected":false},"author":6,"featured_media":33311,"comment_status":"closed","ping_status":"closed","sticky":false,"template":"","format":"standard","meta":{"footnotes":""},"categories":[1],"tags":[],"class_list":["post-33310","post","type-post","status-publish","format-standard","has-post-thumbnail","hentry","category-genel"],"amp_enabled":true,"_links":{"self":[{"href":"https:\/\/adanaseshaber.com.tr\/index.php?rest_route=\/wp\/v2\/posts\/33310","targetHints":{"allow":["GET"]}}],"collection":[{"href":"https:\/\/adanaseshaber.com.tr\/index.php?rest_route=\/wp\/v2\/posts"}],"about":[{"href":"https:\/\/adanaseshaber.com.tr\/index.php?rest_route=\/wp\/v2\/types\/post"}],"author":[{"embeddable":true,"href":"https:\/\/adanaseshaber.com.tr\/index.php?rest_route=\/wp\/v2\/users\/6"}],"replies":[{"embeddable":true,"href":"https:\/\/adanaseshaber.com.tr\/index.php?rest_route=%2Fwp%2Fv2%2Fcomments&post=33310"}],"version-history":[{"count":2,"href":"https:\/\/adanaseshaber.com.tr\/index.php?rest_route=\/wp\/v2\/posts\/33310\/revisions"}],"predecessor-version":[{"id":33314,"href":"https:\/\/adanaseshaber.com.tr\/index.php?rest_route=\/wp\/v2\/posts\/33310\/revisions\/33314"}],"wp:featuredmedia":[{"embeddable":true,"href":"https:\/\/adanaseshaber.com.tr\/index.php?rest_route=\/wp\/v2\/media\/33311"}],"wp:attachment":[{"href":"https:\/\/adanaseshaber.com.tr\/index.php?rest_route=%2Fwp%2Fv2%2Fmedia&parent=33310"}],"wp:term":[{"taxonomy":"category","embeddable":true,"href":"https:\/\/adanaseshaber.com.tr\/index.php?rest_route=%2Fwp%2Fv2%2Fcategories&post=33310"},{"taxonomy":"post_tag","embeddable":true,"href":"https:\/\/adanaseshaber.com.tr\/index.php?rest_route=%2Fwp%2Fv2%2Ftags&post=33310"}],"curies":[{"name":"wp","href":"https:\/\/api.w.org\/{rel}","templated":true}]}}