{"id":33339,"date":"2022-08-09T21:37:51","date_gmt":"2022-08-09T18:37:51","guid":{"rendered":"https:\/\/www.adanaseshaber.com\/?p=33339"},"modified":"2022-08-09T21:39:06","modified_gmt":"2022-08-09T18:39:06","slug":"esra-ezmeci-muammer-cansu-olayi-genc-kiz-icin-1-milyon-tl-baslik-parasi-istediler","status":"publish","type":"post","link":"https:\/\/adanaseshaber.com.tr\/?p=33339","title":{"rendered":"Esra Ezmeci Muammer-Cansu olay\u0131! Gen\u00e7 k\u0131z i\u00e7in 1 milyon TL ba\u015fl\u0131k paras\u0131 istediler"},"content":{"rendered":"<p>\u00dcnl\u00fc psikolog Esra Ezmeci\u2019nin sunumuyla FOX ekranlar\u0131nda yay\u0131nlanan Esra Ezmeci ile Kar\u015f\u0131 Kar\u015f\u0131a program\u0131na damga vuran ba\u015fl\u0131k paras\u0131 iddias\u0131 sosyal medyada da \u00e7ok konu\u015fuldu. Herkesi \u015fa\u015f\u0131rtan olaylarla ekrana gelen programda gen\u00e7 k\u0131z i\u00e7in istendi\u011fi iddia edilen ba\u015fl\u0131k paras\u0131 a\u011f\u0131zlar\u0131 a\u00e7\u0131k b\u0131rakt\u0131. Esra Ezmeci ile Kar\u015f\u0131 Kar\u015f\u0131ya program\u0131na damga vuran ba\u015fl\u0131k paras\u0131 iddias\u0131 sosyal medyan\u0131n da g\u00fcndemine yerle\u015fti. Esra Ezmeci st\u00fcdyosuna konuk olan Muammer isimli bir gen\u00e7, babas\u0131ndan istemeye gitti\u011fi Cansu isimli gen\u00e7 k\u0131z i\u00e7in kendisinden 1 milyon TL ba\u015fl\u0131k paras\u0131 istendi\u011fini iddia etti. Kar\u015f\u0131s\u0131na \u00e7\u0131kan b\u00fct\u00fcn engellere ra\u011fmen Cansu ile evlenmek istedi\u011fini s\u00f6yleyen Muammer, 1 milyon TL\u2019yi bulmak i\u00e7in \u00e7abal\u0131yor. \u0130\u015fte Muammer-Cansu olay\u0131n\u0131n t\u00fcm detaylar\u0131\u2026<\/p>\n<p><strong>1 M\u0130LYON TL BA\u015eLIK PARASI \u0130STED\u0130LER<\/strong><\/p>\n<p>\u00dcnl\u00fc psikolog Esra Ezmeci\u2019nin sunumuyla ekrana gelen Esra Ezmeci ile Kar\u015f\u0131 Kar\u015f\u0131ya\u2019n\u0131n bug\u00fcn ekrana gelen yeni b\u00f6l\u00fcm\u00fcnde yine \u015fa\u015f\u0131rtan bir olay ele al\u0131nd\u0131. Esra Ezmeci ve ekibine ba\u015fvuran Muammer isimli bir gen\u00e7, tan\u0131\u015ft\u0131ktan 4 ay sonra istemeye gitti\u011fi Cansu isimli gen\u00e7 k\u0131z\u0131n ailesinin kendisinden 1 milyon TL ba\u015fl\u0131k paras\u0131 istedi\u011fini ve kendisine bir liste \u00e7\u0131kar\u0131larak isteklerinin s\u0131raland\u0131\u011f\u0131n\u0131 \u00f6ne s\u00fcrd\u00fc.<\/p>\n<p><strong>L\u0130STE YAPTILAR<\/strong><\/p>\n<p>Canl\u0131 yay\u0131na babas\u0131yla beraber kat\u0131lan Muammer, Cansu\u2019nun ailesinin kendisinden istediklerini de a\u00e7\u0131klad\u0131. Muammer, sevdi\u011fi k\u0131z\u0131n ailesinin kendisinden gelin i\u00e7in 6 adet 25 gram bilezik, 22 ayar k\u00fcpe ve alt\u0131n saat, 3 y\u00fcz\u00fck (tekta\u015f ve alyans hari\u00e7), 22 ayar 1,5 metre zincir, 22 ayar has\u0131r kelep\u00e7e ve k\u00fcnye, 12 \u00e7eyrekli, koltuk tak\u0131m\u0131, yatak odas\u0131, hal\u0131, perde, tam tak\u0131m beyaz e\u015fya istedi\u011fini gelinin ailesi i\u00e7in ise gelinin erkek karde\u015flerine 22 ayar 3 adet bilezik, gelin alma kap\u0131 arkas\u0131 i\u00e7in 3 bin TL ve gelinin annesine y\u00fcz\u00fck istendi\u011fini \u00f6ne s\u00fcrd\u00fc.<\/p>\n<p><img loading=\"lazy\" decoding=\"async\" class=\"aligncenter wp-image-33342 size-full\" src=\"https:\/\/adanaseshaber.com.tr\/wp-content\/uploads\/2022\/08\/esra-ezmeci-muammer-cansu-olayi-genc-kiz-icin-1-milyon-tl-baslik-parasi-istediler-1.jpg\" alt=\"\" width=\"1280\" height=\"720\" srcset=\"https:\/\/adanaseshaber.com.tr\/wp-content\/uploads\/2022\/08\/esra-ezmeci-muammer-cansu-olayi-genc-kiz-icin-1-milyon-tl-baslik-parasi-istediler-1.jpg 1280w, https:\/\/adanaseshaber.com.tr\/wp-content\/uploads\/2022\/08\/esra-ezmeci-muammer-cansu-olayi-genc-kiz-icin-1-milyon-tl-baslik-parasi-istediler-1-300x169.jpg 300w, https:\/\/adanaseshaber.com.tr\/wp-content\/uploads\/2022\/08\/esra-ezmeci-muammer-cansu-olayi-genc-kiz-icin-1-milyon-tl-baslik-parasi-istediler-1-1024x576.jpg 1024w, https:\/\/adanaseshaber.com.tr\/wp-content\/uploads\/2022\/08\/esra-ezmeci-muammer-cansu-olayi-genc-kiz-icin-1-milyon-tl-baslik-parasi-istediler-1-768x432.jpg 768w, https:\/\/adanaseshaber.com.tr\/wp-content\/uploads\/2022\/08\/esra-ezmeci-muammer-cansu-olayi-genc-kiz-icin-1-milyon-tl-baslik-parasi-istediler-1-390x220.jpg 390w\" sizes=\"auto, (max-width: 1280px) 100vw, 1280px\" \/><\/p>\n<p><strong>BA\u015eLIK PARASINI BULUP MUTLU B\u0130R YUVA KURMAK \u0130ST\u0130YOR<\/strong><\/p>\n<p>Canl\u0131 yay\u0131nda a\u00e7\u0131klamalarda bulunan Muammer, Cansu\u2019yu \u00e7ok sevdi\u011fini ve ona \u00e7ok a\u015f\u0131k oldu\u011funu s\u00f6yleyerek gen\u00e7 k\u0131z\u0131n ailesinin kendisinden istedi\u011fi 1 milyon TL\u2019lik ba\u015fl\u0131k paras\u0131n\u0131 bularak Cansu ile mutlu bir yuva kurmak istedi\u011fini s\u00f6yledi.<\/p>\n<p>&nbsp;<\/p>\n","protected":false},"excerpt":{"rendered":"<p>\u00dcnl\u00fc psikolog Esra Ezmeci\u2019nin sunumuyla FOX ekranlar\u0131nda yay\u0131nlanan Esra Ezmeci ile Kar\u015f\u0131 Kar\u015f\u0131a program\u0131na damga vuran ba\u015fl\u0131k paras\u0131 iddias\u0131 sosyal medyada da \u00e7ok konu\u015fuldu. Herkesi \u015fa\u015f\u0131rtan olaylarla ekrana gelen programda gen\u00e7 k\u0131z i\u00e7in istendi\u011fi iddia edilen ba\u015fl\u0131k paras\u0131 a\u011f\u0131zlar\u0131 a\u00e7\u0131k b\u0131rakt\u0131. Esra Ezmeci ile Kar\u015f\u0131 Kar\u015f\u0131ya program\u0131na damga vuran ba\u015fl\u0131k paras\u0131 iddias\u0131 sosyal medyan\u0131n da &hellip;<\/p>\n","protected":false},"author":6,"featured_media":33340,"comment_status":"closed","ping_status":"closed","sticky":false,"template":"","format":"standard","meta":{"footnotes":""},"categories":[15431],"tags":[],"class_list":["post-33339","post","type-post","status-publish","format-standard","has-post-thumbnail","hentry","category-medya"],"amp_enabled":true,"_links":{"self":[{"href":"https:\/\/adanaseshaber.com.tr\/index.php?rest_route=\/wp\/v2\/posts\/33339","targetHints":{"allow":["GET"]}}],"collection":[{"href":"https:\/\/adanaseshaber.com.tr\/index.php?rest_route=\/wp\/v2\/posts"}],"about":[{"href":"https:\/\/adanaseshaber.com.tr\/index.php?rest_route=\/wp\/v2\/types\/post"}],"author":[{"embeddable":true,"href":"https:\/\/adanaseshaber.com.tr\/index.php?rest_route=\/wp\/v2\/users\/6"}],"replies":[{"embeddable":true,"href":"https:\/\/adanaseshaber.com.tr\/index.php?rest_route=%2Fwp%2Fv2%2Fcomments&post=33339"}],"version-history":[{"count":3,"href":"https:\/\/adanaseshaber.com.tr\/index.php?rest_route=\/wp\/v2\/posts\/33339\/revisions"}],"predecessor-version":[{"id":33343,"href":"https:\/\/adanaseshaber.com.tr\/index.php?rest_route=\/wp\/v2\/posts\/33339\/revisions\/33343"}],"wp:featuredmedia":[{"embeddable":true,"href":"https:\/\/adanaseshaber.com.tr\/index.php?rest_route=\/wp\/v2\/media\/33340"}],"wp:attachment":[{"href":"https:\/\/adanaseshaber.com.tr\/index.php?rest_route=%2Fwp%2Fv2%2Fmedia&parent=33339"}],"wp:term":[{"taxonomy":"category","embeddable":true,"href":"https:\/\/adanaseshaber.com.tr\/index.php?rest_route=%2Fwp%2Fv2%2Fcategories&post=33339"},{"taxonomy":"post_tag","embeddable":true,"href":"https:\/\/adanaseshaber.com.tr\/index.php?rest_route=%2Fwp%2Fv2%2Ftags&post=33339"}],"curies":[{"name":"wp","href":"https:\/\/api.w.org\/{rel}","templated":true}]}}