{"id":33345,"date":"2022-08-09T21:54:10","date_gmt":"2022-08-09T18:54:10","guid":{"rendered":"https:\/\/www.adanaseshaber.com\/?p=33345"},"modified":"2022-08-09T21:55:27","modified_gmt":"2022-08-09T18:55:27","slug":"alkol-masasinda-cumhurbaskani-erdogana-hakaret-eden-fenerbahce-taraftarlari-icin-harekete-gecildi","status":"publish","type":"post","link":"https:\/\/adanaseshaber.com.tr\/?p=33345","title":{"rendered":"Alkol masas\u0131nda Cumhurba\u015fkan\u0131 Erdo\u011fan\u2019a hakaret eden Fenerbah\u00e7e taraftarlar\u0131 i\u00e7in harekete ge\u00e7ildi"},"content":{"rendered":"<p>Fenerbah\u00e7e-\u00dcmraniyespor ma\u00e7\u0131 \u00f6ncesinde alkol alan ve alkol masas\u0131nda Cumhurba\u015fkan\u0131 Recep Tayyip Erdo\u011fan\u2019a hakaret eden Fenerbah\u00e7eli taraftarlar i\u00e7in harekete ge\u00e7ildi. Kad\u0131k\u00f6y\u2019de oynanan ma\u00e7 \u00f6ncesinde alkol masas\u0131nda Cumhurba\u015fkan\u0131\u2019na hakaret eden bir grup Fenerbah\u00e7eli taraftar g\u00fcndeme bomba gibi d\u00fc\u015fm\u00fc\u015f ve taraftarlar\u0131n g\u00f6r\u00fcnt\u00fcleri tepki \u00e7ekmi\u015fti. Alkol masas\u0131nda Cumhurba\u015fkan\u0131 Erdo\u011fan\u2019a hakaret eden bir grup Fenerbah\u00e7eli taraftar i\u00e7in harekete ge\u00e7ildi. Anadolu Cumhuriyet Ba\u015fsavc\u0131l\u0131\u011f\u0131\u2019n\u0131n olayla ilgili soru\u015fturma ba\u015flatt\u0131\u011f\u0131 \u00f6\u011frenildi. Cumhurba\u015fkan\u0131 Erdo\u011fan\u2019a y\u00f6nelik hakaret ve k\u00fcf\u00fcr i\u00e7eren tezah\u00fcratta bulunan taraftarlar\u0131n g\u00f6r\u00fcnt\u00fcleri tepki toplam\u0131\u015ft\u0131. \u0130\u015fte detaylar\u2026<\/p>\n<p><strong>ALKOL MASASINDA CUMHURBA\u015eKANI\u2019NA HAKARET ETT\u0130LER<\/strong><\/p>\n<p>D\u00fcn Kad\u0131k\u00f6y\u2019de oynanan Fenerbah\u00e7e-HangiKredi \u00dcmraniyespor kar\u015f\u0131la\u015fmas\u0131 \u00f6ncesinde bir grup Fenerbah\u00e7eli taraftar bir mekanda oturarak alkol almaya ba\u015flad\u0131. \u00dcstlerinde Fenerbah\u00e7e formas\u0131 olan ve tak\u0131mlar\u0131n\u0131 yeni sezonun ilk ma\u00e7\u0131nda desteklemeye gelen bir grup taraftar alkol masas\u0131nda Cumhurba\u015fkan\u0131 Recep Tayyip Erdo\u011fan\u2019a hakaret etmeye ba\u015flad\u0131. Sosyal medyada payla\u015f\u0131lan ve b\u00fcy\u00fck tepki toplayan g\u00f6r\u00fcnt\u00fclerde, taraftarlar\u0131n Cumhurba\u015fkan\u0131 Erdo\u011fan\u2019a y\u00f6nelik k\u00fcf\u00fcr ve hakaret i\u00e7eren tezah\u00fcratta bulunduklar\u0131 g\u00f6r\u00fcld\u00fc.<\/p>\n<p><strong>BA\u015eSAVCILIK SORU\u015eTURMA BA\u015eLATTI<\/strong><\/p>\n<p>Bir grup taraftar\u0131n alkol masas\u0131nda Cumhurba\u015fkan\u0131 Recep Tayyip Erdo\u011fan\u2019a hakaret ve k\u00fcf\u00fcr etti\u011fi g\u00f6r\u00fcnt\u00fclerin sosyal medyada payla\u015f\u0131lmas\u0131n\u0131n ard\u0131ndan Anadolu Cumhuriyet Ba\u015fsavc\u0131l\u0131\u011f\u0131 harekete ge\u00e7ti. Ba\u015fsavc\u0131l\u0131k, s\u00f6z konusu ki\u015filer hakk\u0131nda \u2018Cumhurba\u015fkan\u0131\u2019na hakaret\u2019 su\u00e7undan soru\u015fturma ba\u015flatt\u0131.<\/p>\n<p><img loading=\"lazy\" decoding=\"async\" class=\"aligncenter wp-image-33348 size-full\" src=\"https:\/\/adanaseshaber.com.tr\/wp-content\/uploads\/2022\/08\/alkol-masasinda-cumhurbaskani-erdogana-hakaret-eden-fenerbahce-taraftarlari-icin-harekete-gecildi-1.jpg\" alt=\"\" width=\"1280\" height=\"720\" srcset=\"https:\/\/adanaseshaber.com.tr\/wp-content\/uploads\/2022\/08\/alkol-masasinda-cumhurbaskani-erdogana-hakaret-eden-fenerbahce-taraftarlari-icin-harekete-gecildi-1.jpg 1280w, https:\/\/adanaseshaber.com.tr\/wp-content\/uploads\/2022\/08\/alkol-masasinda-cumhurbaskani-erdogana-hakaret-eden-fenerbahce-taraftarlari-icin-harekete-gecildi-1-300x169.jpg 300w, https:\/\/adanaseshaber.com.tr\/wp-content\/uploads\/2022\/08\/alkol-masasinda-cumhurbaskani-erdogana-hakaret-eden-fenerbahce-taraftarlari-icin-harekete-gecildi-1-1024x576.jpg 1024w, https:\/\/adanaseshaber.com.tr\/wp-content\/uploads\/2022\/08\/alkol-masasinda-cumhurbaskani-erdogana-hakaret-eden-fenerbahce-taraftarlari-icin-harekete-gecildi-1-768x432.jpg 768w, https:\/\/adanaseshaber.com.tr\/wp-content\/uploads\/2022\/08\/alkol-masasinda-cumhurbaskani-erdogana-hakaret-eden-fenerbahce-taraftarlari-icin-harekete-gecildi-1-390x220.jpg 390w\" sizes=\"auto, (max-width: 1280px) 100vw, 1280px\" \/><\/p>\n<p><strong>\u015e\u00dcPHEL\u0130LER\u0130N TESP\u0130T\u0130 \u0130\u00c7\u0130N TAL\u0130MAT VER\u0130LD\u0130<\/strong><\/p>\n<p>Olayla ilgili resen soru\u015fturma ba\u015flatan Ba\u015fsavc\u0131l\u0131k, g\u00f6r\u00fcnt\u00fclerde yr alan \u015f\u00fcphelilerin tespit edilmesi i\u00e7in emniyete talimat verdi.<\/p>\n","protected":false},"excerpt":{"rendered":"<p>Fenerbah\u00e7e-\u00dcmraniyespor ma\u00e7\u0131 \u00f6ncesinde alkol alan ve alkol masas\u0131nda Cumhurba\u015fkan\u0131 Recep Tayyip Erdo\u011fan\u2019a hakaret eden Fenerbah\u00e7eli taraftarlar i\u00e7in harekete ge\u00e7ildi. Kad\u0131k\u00f6y\u2019de oynanan ma\u00e7 \u00f6ncesinde alkol masas\u0131nda Cumhurba\u015fkan\u0131\u2019na hakaret eden bir grup Fenerbah\u00e7eli taraftar g\u00fcndeme bomba gibi d\u00fc\u015fm\u00fc\u015f ve taraftarlar\u0131n g\u00f6r\u00fcnt\u00fcleri tepki \u00e7ekmi\u015fti. Alkol masas\u0131nda Cumhurba\u015fkan\u0131 Erdo\u011fan\u2019a hakaret eden bir grup Fenerbah\u00e7eli taraftar i\u00e7in harekete ge\u00e7ildi. Anadolu &hellip;<\/p>\n","protected":false},"author":6,"featured_media":33347,"comment_status":"closed","ping_status":"closed","sticky":false,"template":"","format":"standard","meta":{"footnotes":""},"categories":[5],"tags":[],"class_list":["post-33345","post","type-post","status-publish","format-standard","has-post-thumbnail","hentry","category-spor"],"amp_enabled":true,"_links":{"self":[{"href":"https:\/\/adanaseshaber.com.tr\/index.php?rest_route=\/wp\/v2\/posts\/33345","targetHints":{"allow":["GET"]}}],"collection":[{"href":"https:\/\/adanaseshaber.com.tr\/index.php?rest_route=\/wp\/v2\/posts"}],"about":[{"href":"https:\/\/adanaseshaber.com.tr\/index.php?rest_route=\/wp\/v2\/types\/post"}],"author":[{"embeddable":true,"href":"https:\/\/adanaseshaber.com.tr\/index.php?rest_route=\/wp\/v2\/users\/6"}],"replies":[{"embeddable":true,"href":"https:\/\/adanaseshaber.com.tr\/index.php?rest_route=%2Fwp%2Fv2%2Fcomments&post=33345"}],"version-history":[{"count":2,"href":"https:\/\/adanaseshaber.com.tr\/index.php?rest_route=\/wp\/v2\/posts\/33345\/revisions"}],"predecessor-version":[{"id":33349,"href":"https:\/\/adanaseshaber.com.tr\/index.php?rest_route=\/wp\/v2\/posts\/33345\/revisions\/33349"}],"wp:featuredmedia":[{"embeddable":true,"href":"https:\/\/adanaseshaber.com.tr\/index.php?rest_route=\/wp\/v2\/media\/33347"}],"wp:attachment":[{"href":"https:\/\/adanaseshaber.com.tr\/index.php?rest_route=%2Fwp%2Fv2%2Fmedia&parent=33345"}],"wp:term":[{"taxonomy":"category","embeddable":true,"href":"https:\/\/adanaseshaber.com.tr\/index.php?rest_route=%2Fwp%2Fv2%2Fcategories&post=33345"},{"taxonomy":"post_tag","embeddable":true,"href":"https:\/\/adanaseshaber.com.tr\/index.php?rest_route=%2Fwp%2Fv2%2Ftags&post=33345"}],"curies":[{"name":"wp","href":"https:\/\/api.w.org\/{rel}","templated":true}]}}