{"id":33422,"date":"2022-08-10T11:24:32","date_gmt":"2022-08-10T08:24:32","guid":{"rendered":"https:\/\/www.adanaseshaber.com\/?p=33422"},"modified":"2022-08-10T11:24:54","modified_gmt":"2022-08-10T08:24:54","slug":"eski-esine-ayar-veren-merve-bolugurdan-sevgilisiyle-ask-pozu","status":"publish","type":"post","link":"https:\/\/adanaseshaber.com.tr\/?p=33422","title":{"rendered":"Eski e\u015fine ayar veren Merve Bolu\u011fur\u2019dan sevgilisiyle a\u015fk pozu"},"content":{"rendered":"<p>Yapt\u0131\u011f\u0131 a\u00e7\u0131klamalar ve \u00f6zel hayat\u0131yla s\u0131k s\u0131k magazin g\u00fcndeminin ilk s\u0131ralar\u0131nda yer alan \u00fcnl\u00fc oyuncu Merve Bolu\u011fur, eski e\u015fi Murat Dalk\u0131l\u0131\u00e7\u2019a s\u00f6yledikleriyle bir kez daha g\u00fcndemin en \u00fcst s\u0131ralar\u0131nda yerini alm\u0131\u015ft\u0131. Kendisi hakk\u0131nda a\u00e7\u0131klama yapan Dalk\u0131l\u0131\u00e7\u2019a tepki g\u00f6steren ve zehir zemberek a\u00e7\u0131klamalarda bulunan Bolu\u011fur, sevgilisiyle romantik pozunu payla\u015ft\u0131. \u015eark\u0131c\u0131 Murat Dalk\u0131l\u0131\u00e7\u2019\u0131n \u2018Merve isterse ayr\u0131l\u0131k nedenimizi a\u00e7\u0131klar\u2019 ifadelerine tepki g\u00f6steren Merve Bolu\u011fur, eski e\u015fini hedef alarak \u2018Bu ka\u00e7\u0131nc\u0131 Show ko\u00e7um\u2019 ifadeleriyle yan\u0131t vermi\u015fti. Eski e\u015fler aras\u0131nda tansiyon y\u00fckselirken Merve Bolu\u011fur, son yapt\u0131\u011f\u0131 payla\u015f\u0131mla adeta nispet yapt\u0131. Sosyal medya hesab\u0131ndan sevgilisiyle a\u015fk pozunu payla\u015fan Bolu\u011fur, \u2018Kocam\u2019 notunu d\u00fc\u015ft\u00fc.<\/p>\n<p><strong>A\u015eK POZU<\/strong><\/p>\n<p>Oyunculu\u011fun ard\u0131ndan m\u00fczik d\u00fcnyas\u0131na ad\u0131m atan ve s\u00f6yledi\u011fi \u015fark\u0131larla s\u0131k s\u0131k g\u00fcndem olan Merve Bolu\u011fur, sosyal medya hesab\u0131ndan sevgilisi Mert Ayd\u0131n ile olan a\u015fk pozunu payla\u015ft\u0131. Sosyal medya hesab\u0131n\u0131 aktif kullanan Bolu\u011fur, s\u0131k s\u0131k romantik pozlar\u0131n\u0131 payla\u015fmay\u0131 da ihmal etmiyor. Bir s\u00fcredir sevgilisi Mert Ayd\u0131n ile tatil yapan Bolu\u011fur, Instagram hesab\u0131ndan sevgilisiyle payla\u015ft\u0131\u011f\u0131 foto\u011fraf\u0131n alt\u0131na \u2018Kocam\u2019 notunu d\u00fc\u015ft\u00fc.<\/p>\n<p><img loading=\"lazy\" decoding=\"async\" class=\"aligncenter wp-image-33424 size-full\" src=\"https:\/\/adanaseshaber.com.tr\/wp-content\/uploads\/2022\/08\/eski-esine-ayar-veren-merve-bolugurdan-sevgilisiyle-ask-pozu-1.jpg\" alt=\"\" width=\"1280\" height=\"720\" srcset=\"https:\/\/adanaseshaber.com.tr\/wp-content\/uploads\/2022\/08\/eski-esine-ayar-veren-merve-bolugurdan-sevgilisiyle-ask-pozu-1.jpg 1280w, https:\/\/adanaseshaber.com.tr\/wp-content\/uploads\/2022\/08\/eski-esine-ayar-veren-merve-bolugurdan-sevgilisiyle-ask-pozu-1-300x169.jpg 300w, https:\/\/adanaseshaber.com.tr\/wp-content\/uploads\/2022\/08\/eski-esine-ayar-veren-merve-bolugurdan-sevgilisiyle-ask-pozu-1-1024x576.jpg 1024w, https:\/\/adanaseshaber.com.tr\/wp-content\/uploads\/2022\/08\/eski-esine-ayar-veren-merve-bolugurdan-sevgilisiyle-ask-pozu-1-768x432.jpg 768w, https:\/\/adanaseshaber.com.tr\/wp-content\/uploads\/2022\/08\/eski-esine-ayar-veren-merve-bolugurdan-sevgilisiyle-ask-pozu-1-390x220.jpg 390w\" sizes=\"auto, (max-width: 1280px) 100vw, 1280px\" \/><\/p>\n<p><strong>ESK\u0130 E\u015eLER ARASINDA TANS\u0130YON Y\u00dcKSELD\u0130<\/strong><\/p>\n<p>\u00dcnl\u00fc \u015fark\u0131c\u0131 Murat Dalk\u0131l\u0131\u00e7 ile \u00fcnl\u00fc oyuncu Merve Bolu\u011fur, 2017 y\u0131l\u0131nda evliliklerini noktalam\u0131\u015ft\u0131. Bo\u015fanman\u0131n ard\u0131ndan Merve Bolu\u011fur\u2019un \u2018Merve Murat\u2019tan sonra delirdi\u2019 yorumlar\u0131yla g\u00fcndeme gelmesinden rahats\u0131z olan Murat Dalk\u0131l\u0131\u00e7, sosyal medya hesab\u0131ndan yapt\u0131\u011f\u0131 a\u00e7\u0131klamayla eski e\u015fine destek olmu\u015f ve \u2018Merve isterse ayr\u0131l\u0131k nedenimizi a\u00e7\u0131klar\u2019 ifadelerini kullanm\u0131\u015ft\u0131. Ancak Murat Dalk\u0131l\u0131\u00e7\u2019\u0131n bu a\u00e7\u0131klamas\u0131 Merve Bolu\u011fur\u2019un pek ho\u015funa gitmedi ve g\u00fczel oyuncu sosyal medya hesab\u0131ndan yapt\u0131\u011f\u0131 a\u00e7\u0131klamada \u2018Yan\u0131ndaki kad\u0131na sayg\u0131n olsun. Bir de Merve a\u00e7\u0131klas\u0131n falan. Bu ka\u00e7\u0131nc\u0131 Show ko\u00e7um. Art\u0131k hakk\u0131m\u0131 savunaca\u011f\u0131m. Kimse beni de\u011fi\u015fik ithamlarla yarg\u0131layamaz.\u2019 ifadelerini kullanm\u0131\u015ft\u0131.<\/p>\n","protected":false},"excerpt":{"rendered":"<p>Yapt\u0131\u011f\u0131 a\u00e7\u0131klamalar ve \u00f6zel hayat\u0131yla s\u0131k s\u0131k magazin g\u00fcndeminin ilk s\u0131ralar\u0131nda yer alan \u00fcnl\u00fc oyuncu Merve Bolu\u011fur, eski e\u015fi Murat Dalk\u0131l\u0131\u00e7\u2019a s\u00f6yledikleriyle bir kez daha g\u00fcndemin en \u00fcst s\u0131ralar\u0131nda yerini alm\u0131\u015ft\u0131. Kendisi hakk\u0131nda a\u00e7\u0131klama yapan Dalk\u0131l\u0131\u00e7\u2019a tepki g\u00f6steren ve zehir zemberek a\u00e7\u0131klamalarda bulunan Bolu\u011fur, sevgilisiyle romantik pozunu payla\u015ft\u0131. \u015eark\u0131c\u0131 Murat Dalk\u0131l\u0131\u00e7\u2019\u0131n \u2018Merve isterse ayr\u0131l\u0131k nedenimizi &hellip;<\/p>\n","protected":false},"author":6,"featured_media":33423,"comment_status":"closed","ping_status":"closed","sticky":false,"template":"","format":"standard","meta":{"footnotes":""},"categories":[15431],"tags":[],"class_list":["post-33422","post","type-post","status-publish","format-standard","has-post-thumbnail","hentry","category-medya"],"amp_enabled":true,"_links":{"self":[{"href":"https:\/\/adanaseshaber.com.tr\/index.php?rest_route=\/wp\/v2\/posts\/33422","targetHints":{"allow":["GET"]}}],"collection":[{"href":"https:\/\/adanaseshaber.com.tr\/index.php?rest_route=\/wp\/v2\/posts"}],"about":[{"href":"https:\/\/adanaseshaber.com.tr\/index.php?rest_route=\/wp\/v2\/types\/post"}],"author":[{"embeddable":true,"href":"https:\/\/adanaseshaber.com.tr\/index.php?rest_route=\/wp\/v2\/users\/6"}],"replies":[{"embeddable":true,"href":"https:\/\/adanaseshaber.com.tr\/index.php?rest_route=%2Fwp%2Fv2%2Fcomments&post=33422"}],"version-history":[{"count":2,"href":"https:\/\/adanaseshaber.com.tr\/index.php?rest_route=\/wp\/v2\/posts\/33422\/revisions"}],"predecessor-version":[{"id":33426,"href":"https:\/\/adanaseshaber.com.tr\/index.php?rest_route=\/wp\/v2\/posts\/33422\/revisions\/33426"}],"wp:featuredmedia":[{"embeddable":true,"href":"https:\/\/adanaseshaber.com.tr\/index.php?rest_route=\/wp\/v2\/media\/33423"}],"wp:attachment":[{"href":"https:\/\/adanaseshaber.com.tr\/index.php?rest_route=%2Fwp%2Fv2%2Fmedia&parent=33422"}],"wp:term":[{"taxonomy":"category","embeddable":true,"href":"https:\/\/adanaseshaber.com.tr\/index.php?rest_route=%2Fwp%2Fv2%2Fcategories&post=33422"},{"taxonomy":"post_tag","embeddable":true,"href":"https:\/\/adanaseshaber.com.tr\/index.php?rest_route=%2Fwp%2Fv2%2Ftags&post=33422"}],"curies":[{"name":"wp","href":"https:\/\/api.w.org\/{rel}","templated":true}]}}