{"id":33438,"date":"2022-08-10T11:48:23","date_gmt":"2022-08-10T08:48:23","guid":{"rendered":"https:\/\/www.adanaseshaber.com\/?p=33438"},"modified":"2022-08-10T11:49:00","modified_gmt":"2022-08-10T08:49:00","slug":"turkiyedeki-issizlik-rakamlari-aciklandi","status":"publish","type":"post","link":"https:\/\/adanaseshaber.com.tr\/?p=33438","title":{"rendered":"T\u00fcrkiye\u2019deki i\u015fsizlik rakamlar\u0131 a\u00e7\u0131kland\u0131"},"content":{"rendered":"<p>T\u00dc\u0130K, Haziran ay\u0131 i\u015f g\u00fcc\u00fc istatistiklerini a\u00e7\u0131klad\u0131. T\u00dc\u0130K verilerine g\u00f6re T\u00fcrkiye\u2019de i\u015fsizlik oran\u0131 y\u00fczde 10,3 olarak ger\u00e7ekle\u015fti. \u0130\u015fsiz say\u0131s\u0131 ise 136 bin ki\u015fi geriledi ve 3 milyon 541 bin ki\u015fi oldu. T\u00dc\u0130K verilerinde istihdam oran\u0131, i\u015fg\u00fcc\u00fcne kat\u0131lma oran\u0131 ve at\u0131l i\u015f g\u00fcc\u00fc oran\u0131na da yer verildi. Kurumun verilerine g\u00f6re i\u015fsizlik oran\u0131 0,3 puan azal\u0131\u015f g\u00f6sterdi ve y\u00fczde 10,3 seviyesinde ger\u00e7ekle\u015fti. T\u00dc\u0130K taraf\u0131ndan a\u00e7\u0131klanan 2022 Haziran d\u00f6nemi i\u015f g\u00fcc\u00fc istatistiklerine g\u00f6re T\u00fcrkiye\u2019de i\u015fsizlik oran\u0131 10,3 olarak ger\u00e7ekle\u015fti. Kurumun aktard\u0131\u011f\u0131 verilere g\u00f6re i\u015fsiz say\u0131s\u0131 136 bin azald\u0131 ve 3 milyon 541 bin ki\u015fi olarak kay\u0131tlara ge\u00e7ti. \u0130\u015fte T\u00dc\u0130K taraf\u0131ndan a\u00e7\u0131klanan veriler&#8230;<\/p>\n<p><strong>\u0130\u015eS\u0130ZL\u0130K Y\u00dcZDE 10,3 OLDU<\/strong><\/p>\n<p>Haziran 2022 d\u00f6nemine ait i\u015f g\u00fcc\u00fc istatistiklerini a\u00e7\u0131klayan T\u00dc\u0130K verilerine g\u00f6re, T\u00fcrkiye\u2019de i\u015fsizlik oran\u0131 y\u00fczde 10,3 oldu. \u0130\u015fsiz say\u0131s\u0131 136 bin ki\u015fi azalarak 3 milyon 541 bin ki\u015fi oldu. \u0130\u015fsizlik oran\u0131 erkeklerde y\u00fczde 8,5 olarak kaydedilirken kad\u0131nlarda ise y\u00fczde 13,8 olarak tahmin edildi.<\/p>\n<p><strong>\u0130ST\u0130HDAM ED\u0130LENLER\u0130N SAYISI 46 B\u0130N K\u0130\u015e\u0130 AZALDI<\/strong><\/p>\n<p>Verilerde istihdam edilenlerin oran\u0131na da yer verildi. Bu kapsamda istihdam edilenlerin say\u0131s\u0131 2022 y\u0131l\u0131 Haziran ay\u0131nda bir \u00f6nceki aya g\u00f6re 46 bin ki\u015fi azald\u0131 ve 30 milyon 866 bin ki\u015fi, istihdam oran\u0131 ise 0,1 puanl\u0131k azal\u0131\u015f ile y\u00fczde 47,8 olarak kay\u0131tlara ge\u00e7ti. Bu oran erkeklerde y\u00fczde 65,3, kad\u0131nlarda ise y\u00fczde 30,6 olarak kaydedildi.<\/p>\n<p><img loading=\"lazy\" decoding=\"async\" class=\"aligncenter wp-image-33442 size-full\" src=\"https:\/\/adanaseshaber.com.tr\/wp-content\/uploads\/2022\/08\/turkiyedeki-issizlik-rakamlari-aciklandi-1.jpg\" alt=\"\" width=\"1280\" height=\"720\" srcset=\"https:\/\/adanaseshaber.com.tr\/wp-content\/uploads\/2022\/08\/turkiyedeki-issizlik-rakamlari-aciklandi-1.jpg 1280w, https:\/\/adanaseshaber.com.tr\/wp-content\/uploads\/2022\/08\/turkiyedeki-issizlik-rakamlari-aciklandi-1-300x169.jpg 300w, https:\/\/adanaseshaber.com.tr\/wp-content\/uploads\/2022\/08\/turkiyedeki-issizlik-rakamlari-aciklandi-1-1024x576.jpg 1024w, https:\/\/adanaseshaber.com.tr\/wp-content\/uploads\/2022\/08\/turkiyedeki-issizlik-rakamlari-aciklandi-1-768x432.jpg 768w, https:\/\/adanaseshaber.com.tr\/wp-content\/uploads\/2022\/08\/turkiyedeki-issizlik-rakamlari-aciklandi-1-390x220.jpg 390w\" sizes=\"auto, (max-width: 1280px) 100vw, 1280px\" \/><\/p>\n<p><strong>HAFTALIK ORTALAMA \u00c7ALI\u015eMA S\u00dcRES\u0130<\/strong><\/p>\n<p>\u0130\u015fg\u00fcc\u00fc ise Haziran 2022\u2019de bir \u00f6nceki aya g\u00f6re 182 bin ki\u015fi azald\u0131 ve 34 milyon 407 bin ki\u015fi olarak aktar\u0131ld\u0131. \u0130\u015fg\u00fcc\u00fcne kat\u0131lma oran\u0131 ise 0,4 puanl\u0131k azal\u0131\u015f ile y\u00fczde 53,2 olarak kaydedildi. Erkeklerde i\u015fg\u00fcc\u00fcne kat\u0131lma oran\u0131 y\u00fczde 71,3, kad\u0131nlarda ise y\u00fczde 35,5 oldu. \u00d6te yandan haftal\u0131k ortalama \u00e7al\u0131\u015fma s\u00fcreleri de a\u00e7\u0131kland\u0131. \u0130stihdam edilenlerden referans d\u00f6neminde i\u015fba\u015f\u0131nda olanlar\u0131n mevsim ve takvim etkilerinden ar\u0131nd\u0131r\u0131lm\u0131\u015f haftal\u0131k ortalama fiili \u00e7al\u0131\u015fma s\u00fcresi 2022 y\u0131l\u0131 Haziran ay\u0131nda bir \u00f6nceki aya g\u00f6re 0,6 saat artt\u0131 ve 44,5 saat olarak kay\u0131tlara ge\u00e7ti.<\/p>\n<p><img loading=\"lazy\" decoding=\"async\" class=\"aligncenter wp-image-33445 size-full\" src=\"https:\/\/adanaseshaber.com.tr\/wp-content\/uploads\/2022\/08\/turkiyedeki-issizlik-rakamlari-aciklandi-2.jpg\" alt=\"\" width=\"1280\" height=\"720\" srcset=\"https:\/\/adanaseshaber.com.tr\/wp-content\/uploads\/2022\/08\/turkiyedeki-issizlik-rakamlari-aciklandi-2.jpg 1280w, https:\/\/adanaseshaber.com.tr\/wp-content\/uploads\/2022\/08\/turkiyedeki-issizlik-rakamlari-aciklandi-2-300x169.jpg 300w, https:\/\/adanaseshaber.com.tr\/wp-content\/uploads\/2022\/08\/turkiyedeki-issizlik-rakamlari-aciklandi-2-1024x576.jpg 1024w, https:\/\/adanaseshaber.com.tr\/wp-content\/uploads\/2022\/08\/turkiyedeki-issizlik-rakamlari-aciklandi-2-768x432.jpg 768w, https:\/\/adanaseshaber.com.tr\/wp-content\/uploads\/2022\/08\/turkiyedeki-issizlik-rakamlari-aciklandi-2-390x220.jpg 390w\" sizes=\"auto, (max-width: 1280px) 100vw, 1280px\" \/><\/p>\n<p><strong>ATIL \u0130\u015e G\u00dcC\u00dc ORANINDA AZALMA<\/strong><\/p>\n<p>T\u00dc\u0130K verilerine g\u00f6re zamana ba\u011fl\u0131 eksik istihdam, potansiyel i\u015fg\u00fcc\u00fc ve i\u015fsizlerden olu\u015fan at\u0131l i\u015f g\u00fcc\u00fc oran\u0131 ise 2022 y\u0131l\u0131n\u0131n Haziran ay\u0131nda bir \u00f6nceki aya g\u00f6re 1,7 puan azald\u0131 ve y\u00fczde 20,4 oldu. Zamana ba\u011fl\u0131 eksik istihdam ve i\u015fsizlerin b\u00fct\u00fcnle\u015fik oran\u0131 ise y\u00fczde 13,9, potansiyel i\u015fg\u00fcc\u00fc ve i\u015fsizlerin b\u00fct\u00fcnle\u015fik oran\u0131 y\u00fczde 17,1 olarak tahmin edildi.<\/p>\n<p>&nbsp;<\/p>\n","protected":false},"excerpt":{"rendered":"<p>T\u00dc\u0130K, Haziran ay\u0131 i\u015f g\u00fcc\u00fc istatistiklerini a\u00e7\u0131klad\u0131. T\u00dc\u0130K verilerine g\u00f6re T\u00fcrkiye\u2019de i\u015fsizlik oran\u0131 y\u00fczde 10,3 olarak ger\u00e7ekle\u015fti. \u0130\u015fsiz say\u0131s\u0131 ise 136 bin ki\u015fi geriledi ve 3 milyon 541 bin ki\u015fi oldu. T\u00dc\u0130K verilerinde istihdam oran\u0131, i\u015fg\u00fcc\u00fcne kat\u0131lma oran\u0131 ve at\u0131l i\u015f g\u00fcc\u00fc oran\u0131na da yer verildi. Kurumun verilerine g\u00f6re i\u015fsizlik oran\u0131 0,3 puan azal\u0131\u015f g\u00f6sterdi &hellip;<\/p>\n","protected":false},"author":6,"featured_media":33440,"comment_status":"closed","ping_status":"closed","sticky":false,"template":"","format":"standard","meta":{"footnotes":""},"categories":[1],"tags":[],"class_list":["post-33438","post","type-post","status-publish","format-standard","has-post-thumbnail","hentry","category-genel"],"amp_enabled":true,"_links":{"self":[{"href":"https:\/\/adanaseshaber.com.tr\/index.php?rest_route=\/wp\/v2\/posts\/33438","targetHints":{"allow":["GET"]}}],"collection":[{"href":"https:\/\/adanaseshaber.com.tr\/index.php?rest_route=\/wp\/v2\/posts"}],"about":[{"href":"https:\/\/adanaseshaber.com.tr\/index.php?rest_route=\/wp\/v2\/types\/post"}],"author":[{"embeddable":true,"href":"https:\/\/adanaseshaber.com.tr\/index.php?rest_route=\/wp\/v2\/users\/6"}],"replies":[{"embeddable":true,"href":"https:\/\/adanaseshaber.com.tr\/index.php?rest_route=%2Fwp%2Fv2%2Fcomments&post=33438"}],"version-history":[{"count":3,"href":"https:\/\/adanaseshaber.com.tr\/index.php?rest_route=\/wp\/v2\/posts\/33438\/revisions"}],"predecessor-version":[{"id":33446,"href":"https:\/\/adanaseshaber.com.tr\/index.php?rest_route=\/wp\/v2\/posts\/33438\/revisions\/33446"}],"wp:featuredmedia":[{"embeddable":true,"href":"https:\/\/adanaseshaber.com.tr\/index.php?rest_route=\/wp\/v2\/media\/33440"}],"wp:attachment":[{"href":"https:\/\/adanaseshaber.com.tr\/index.php?rest_route=%2Fwp%2Fv2%2Fmedia&parent=33438"}],"wp:term":[{"taxonomy":"category","embeddable":true,"href":"https:\/\/adanaseshaber.com.tr\/index.php?rest_route=%2Fwp%2Fv2%2Fcategories&post=33438"},{"taxonomy":"post_tag","embeddable":true,"href":"https:\/\/adanaseshaber.com.tr\/index.php?rest_route=%2Fwp%2Fv2%2Ftags&post=33438"}],"curies":[{"name":"wp","href":"https:\/\/api.w.org\/{rel}","templated":true}]}}