{"id":33460,"date":"2022-08-10T12:07:57","date_gmt":"2022-08-10T09:07:57","guid":{"rendered":"https:\/\/www.adanaseshaber.com\/?p=33460"},"modified":"2022-08-10T12:07:49","modified_gmt":"2022-08-10T09:07:49","slug":"giresundaki-lunapark-kazasinda-komiser-yardimcisi-hayatini-kaybetti","status":"publish","type":"post","link":"https:\/\/adanaseshaber.com.tr\/?p=33460","title":{"rendered":"Giresun\u2019daki lunapark kazas\u0131nda komiser yard\u0131mc\u0131s\u0131 hayat\u0131n\u0131 kaybetti"},"content":{"rendered":"<p>Giresun\u2019da meydana gelen lunapark kazas\u0131nda komiser yard\u0131mc\u0131s\u0131 Sinem G\u00fcl\u015fen Dilek\u00e7e hayat\u0131n\u0131 kaybederken polis memuru e\u015fi Samet Dilek\u00e7e ise yaraland\u0131. Sinem G\u00fcl\u015fen Dilek\u00e7e ile Samet Dilek\u00e7e \u00e7iftinin bir y\u0131l \u00f6nce evlendi\u011fi \u00f6\u011frenilirken hastanede yaral\u0131lar\u0131 ziyaret eden Giresun Valisi Enver \u00dcnl\u00fcden olayla ilgili a\u00e7\u0131klama geldi. Lunaparktaki rayl\u0131 oyuncak hen\u00fcz bilinmeyen bir nedenle kontrolden \u00e7\u0131karak devrildi. Ya\u015fanan kazada \u00c7evik Kuvvet \u015eube M\u00fcd\u00fcrl\u00fc\u011f\u00fc\u2019nde g\u00f6revli olan komiser yard\u0131mc\u0131s\u0131 28 ya\u015f\u0131ndaki Sinem G\u00fcl\u015fen Dilek\u00e7e hayat\u0131n\u0131 kaybetti. \u00d6zel Harekat \u015eube M\u00fcd\u00fcrl\u00fc\u011f\u00fc\u2019nde g\u00f6revli polis memuru e\u015fi Samet Dilek\u00e7e ise kazada yaraland\u0131.<\/p>\n<p><strong>HASTANEDE HAYATINI KAYBETT\u0130<\/strong><\/p>\n<p>Olay, Giresun\u2019da Hac\u0131 H\u00fcseyin Mahallesi\u2019nde bulunan bir lunaparkta meydan ageldi. Al\u0131nan bilgilere g\u00f6re, lunaparktaki rayl\u0131 oyuncak hen\u00fcz bilinmeyen bir nedenle kontrolden \u00e7\u0131karak devrildi. Meydana gelen kazada \u00c7evik Kuvvet \u015eube M\u00fcd\u00fcrl\u00fc\u011f\u00fc\u2019nde g\u00f6revli 28 ya\u015f\u0131ndaki komiser yard\u0131mc\u0131s\u0131 Sinem G\u00fcl\u015fen Dilek\u00e7e, \u00d6zel Harekat \u015eube M\u00fcd\u00fcrl\u00fc\u011f\u00fc\u2019nde g\u00f6revli polis memuru e\u015fi Samet Dilek\u00e7e ile \u015eevval Akba\u015f ve Fatma Akba\u015f yaraland\u0131. Yaral\u0131lar olay yerine gelen ambulanslarla Giresun E\u011fitim ve Ara\u015ft\u0131rma Hastanesi\u2019ne kald\u0131r\u0131l\u0131rken gen\u00e7 komiser yard\u0131mc\u0131s\u0131 Sinem G\u00fcl\u015fen Dilek\u00e7e\u2019nin hastanede yap\u0131lan t\u00fcm m\u00fcdahalelere ra\u011fmen kurtar\u0131lamayarak hayat\u0131n\u0131 kaybetti\u011fi \u00f6\u011frenildi.<\/p>\n<p><img loading=\"lazy\" decoding=\"async\" class=\"aligncenter wp-image-33462 size-full\" src=\"https:\/\/adanaseshaber.com.tr\/wp-content\/uploads\/2022\/08\/giresundaki-lunapark-kazasinda-komiser-yardimcisi-hayatini-kaybetti-1.jpg\" alt=\"\" width=\"1280\" height=\"720\" srcset=\"https:\/\/adanaseshaber.com.tr\/wp-content\/uploads\/2022\/08\/giresundaki-lunapark-kazasinda-komiser-yardimcisi-hayatini-kaybetti-1.jpg 1280w, https:\/\/adanaseshaber.com.tr\/wp-content\/uploads\/2022\/08\/giresundaki-lunapark-kazasinda-komiser-yardimcisi-hayatini-kaybetti-1-300x169.jpg 300w, https:\/\/adanaseshaber.com.tr\/wp-content\/uploads\/2022\/08\/giresundaki-lunapark-kazasinda-komiser-yardimcisi-hayatini-kaybetti-1-1024x576.jpg 1024w, https:\/\/adanaseshaber.com.tr\/wp-content\/uploads\/2022\/08\/giresundaki-lunapark-kazasinda-komiser-yardimcisi-hayatini-kaybetti-1-768x432.jpg 768w, https:\/\/adanaseshaber.com.tr\/wp-content\/uploads\/2022\/08\/giresundaki-lunapark-kazasinda-komiser-yardimcisi-hayatini-kaybetti-1-390x220.jpg 390w\" sizes=\"auto, (max-width: 1280px) 100vw, 1280px\" \/><\/p>\n<p><strong>G\u0130RESUN VAL\u0130S\u0130\u2019NDEN A\u00c7IKLAMA<\/strong><\/p>\n<p>Lunapark kazas\u0131nda yaralananlar\u0131 hastanede ziyaret eden Giresun Valisi Enver \u00dcnl\u00fc, emniyet mensuplar\u0131na ba\u015fsa\u011fl\u0131\u011f\u0131 diledi ve olayla ilgili idari ve adli tahkikat\u0131n devam etti\u011fi bilgisini verdi. Ba\u015fsa\u011fl\u0131\u011f\u0131 dileklerini iletmek i\u00e7in geldi\u011fini s\u00f6yleyen Vali \u00dcnl\u00fc, \u2018Maalesef personelimizi kaybettik kaza sonras\u0131. Ba\u015fsa\u011fl\u0131\u011f\u0131 diliyorum. Ba\u015fta emniyet camias\u0131 olmak \u00fczere, sevenlerine emniyet te\u015fkilat\u0131na, k\u0131ymetli ailesine ba\u015fsa\u011fl\u0131\u011f\u0131 diliyorum. Arkada\u015flar\u0131m\u0131z ellerinden geleni yapt\u0131lar ama maalesef gen\u00e7 ya\u015fta bir personelimizi kaybettik. Ac\u0131m\u0131z b\u00fcy\u00fck, \u00fczg\u00fcn\u00fcz. Di\u011fer konularla ilgili \u015fu anda bir \u015fey s\u00f6ylemem do\u011fru olmaz. Yaral\u0131lar\u0131m\u0131z\u0131n durumu iyi. Rahmetli komiser yard\u0131mc\u0131m\u0131z\u0131n e\u015fi de biraz \u00f6nce taburcu oldu. Ama maalesef bir personelimizi kaybettik.\u2019 ifadelerini kulland\u0131.<\/p>\n","protected":false},"excerpt":{"rendered":"<p>Giresun\u2019da meydana gelen lunapark kazas\u0131nda komiser yard\u0131mc\u0131s\u0131 Sinem G\u00fcl\u015fen Dilek\u00e7e hayat\u0131n\u0131 kaybederken polis memuru e\u015fi Samet Dilek\u00e7e ise yaraland\u0131. Sinem G\u00fcl\u015fen Dilek\u00e7e ile Samet Dilek\u00e7e \u00e7iftinin bir y\u0131l \u00f6nce evlendi\u011fi \u00f6\u011frenilirken hastanede yaral\u0131lar\u0131 ziyaret eden Giresun Valisi Enver \u00dcnl\u00fcden olayla ilgili a\u00e7\u0131klama geldi. Lunaparktaki rayl\u0131 oyuncak hen\u00fcz bilinmeyen bir nedenle kontrolden \u00e7\u0131karak devrildi. Ya\u015fanan kazada &hellip;<\/p>\n","protected":false},"author":6,"featured_media":33461,"comment_status":"closed","ping_status":"closed","sticky":false,"template":"","format":"standard","meta":{"footnotes":""},"categories":[1],"tags":[],"class_list":["post-33460","post","type-post","status-publish","format-standard","has-post-thumbnail","hentry","category-genel"],"amp_enabled":true,"_links":{"self":[{"href":"https:\/\/adanaseshaber.com.tr\/index.php?rest_route=\/wp\/v2\/posts\/33460","targetHints":{"allow":["GET"]}}],"collection":[{"href":"https:\/\/adanaseshaber.com.tr\/index.php?rest_route=\/wp\/v2\/posts"}],"about":[{"href":"https:\/\/adanaseshaber.com.tr\/index.php?rest_route=\/wp\/v2\/types\/post"}],"author":[{"embeddable":true,"href":"https:\/\/adanaseshaber.com.tr\/index.php?rest_route=\/wp\/v2\/users\/6"}],"replies":[{"embeddable":true,"href":"https:\/\/adanaseshaber.com.tr\/index.php?rest_route=%2Fwp%2Fv2%2Fcomments&post=33460"}],"version-history":[{"count":2,"href":"https:\/\/adanaseshaber.com.tr\/index.php?rest_route=\/wp\/v2\/posts\/33460\/revisions"}],"predecessor-version":[{"id":33464,"href":"https:\/\/adanaseshaber.com.tr\/index.php?rest_route=\/wp\/v2\/posts\/33460\/revisions\/33464"}],"wp:featuredmedia":[{"embeddable":true,"href":"https:\/\/adanaseshaber.com.tr\/index.php?rest_route=\/wp\/v2\/media\/33461"}],"wp:attachment":[{"href":"https:\/\/adanaseshaber.com.tr\/index.php?rest_route=%2Fwp%2Fv2%2Fmedia&parent=33460"}],"wp:term":[{"taxonomy":"category","embeddable":true,"href":"https:\/\/adanaseshaber.com.tr\/index.php?rest_route=%2Fwp%2Fv2%2Fcategories&post=33460"},{"taxonomy":"post_tag","embeddable":true,"href":"https:\/\/adanaseshaber.com.tr\/index.php?rest_route=%2Fwp%2Fv2%2Ftags&post=33460"}],"curies":[{"name":"wp","href":"https:\/\/api.w.org\/{rel}","templated":true}]}}