{"id":33465,"date":"2022-08-10T12:28:47","date_gmt":"2022-08-10T09:28:47","guid":{"rendered":"https:\/\/www.adanaseshaber.com\/?p=33465"},"modified":"2022-08-10T12:39:26","modified_gmt":"2022-08-10T09:39:26","slug":"tekin-ugurlu-kimdir-neden-oldu-tekin-ugurlu-bulundu-mu","status":"publish","type":"post","link":"https:\/\/adanaseshaber.com.tr\/?p=33465","title":{"rendered":"Tekin U\u011furlu kimdir, neden \u00f6ld\u00fc? Tekin U\u011furlu bulundu mu?"},"content":{"rendered":"<p>\u0130\u015f insan\u0131 Tekin U\u011furlu, \u0130stanbul Pendik\u2019te 5 y\u0131l \u00f6nce kaybolmu\u015f ve bir daha kendisinden haber al\u0131namam\u0131\u015ft\u0131. Pendik\u2019te 4 A\u011fustos Per\u015fembe g\u00fcn\u00fc bulunan cesedin kay\u0131p i\u015f insan\u0131 Tekin U\u011furlu\u2019ya ait oldu\u011fu ortaya \u00e7\u0131kt\u0131. Polis ekiplerinin yapt\u0131\u011f\u0131 \u00e7al\u0131\u015fmalar sonucunda olayla ilgili korkun\u00e7 detaylar ortaya \u00e7\u0131kt\u0131\u011f\u0131 \u00f6\u011frenildi. U\u011furlu\u2019nun cesedi bo\u015f bir arazide topra\u011fa g\u00f6m\u00fcl\u00fc \u015fekilde bulundu. 5 y\u0131l \u00f6nce ortadan kaybolan ve bir daha haber al\u0131namayan i\u015f insan\u0131 Tekin U\u011furlu\u2019nun cans\u0131z bedenine ula\u015f\u0131ld\u0131. 4 A\u011fustos Per\u015fembe g\u00fcn\u00fc Pendik\u2019te topra\u011fa g\u00f6m\u00fcl\u00fc halde bulunan cesedin kay\u0131p i\u015f insan\u0131 Tekin U\u011furlu\u2019ya ait oldu\u011fu tespit edildi. Peki, Tekin U\u011furlu Kimdir? Tekin U\u011furlu \u00f6ld\u00fc m\u00fc? Tekin U\u011furlu bulundu mu? Tekin U\u011furlu neden \u00f6ld\u00fc? \u0130\u015fte t\u00fcm detaylar\u2026<\/p>\n<p><strong>CESED\u0130 PAR\u00c7ALAYIP G\u00d6MD\u00dcLER<\/strong><\/p>\n<p>\u0130stanbul Pendik\u2019te 4 A\u011fustos Per\u015fembe g\u00fcn\u00fc topra\u011fa g\u00f6m\u00fcl\u00fc halde bulunan cesedin 5 y\u0131l \u00f6nce kaybolan i\u015f insan\u0131 Tekin U\u011furlu\u2019ya ait oldu\u011fu tespit edildi. \u0130ddialara g\u00f6re, 44 ya\u015f\u0131ndaki i\u015f insan\u0131 Tekin U\u011furlu, 5 y\u0131l \u00f6nce kendisine borcu olan arkada\u015f\u0131 M.K. ile alacak verecek meselesi y\u00fcz\u00fcnden tart\u0131\u015fma ya\u015fad\u0131. Ya\u015fanan tart\u0131\u015fman\u0131n ard\u0131ndan M.K.\u2019n\u0131n Tekin U\u011furlu\u2019yu evine davet etti\u011fi, Tekin U\u011furlu\u2019nun burada arkada\u015f\u0131 M.K. taraf\u0131ndan \u00f6ld\u00fcr\u00fcld\u00fc\u011f\u00fc iddia edildi. Yine iddiaya g\u00f6re cinayetin ard\u0131ndan M.K.\u2019n\u0131n e\u015fi D.K., annesi S.K. ve babas\u0131 B.K. cesedin ba\u015f\u0131n\u0131, bacak, kol ve g\u00f6vdesini par\u00e7alayarak 3 torba halinde Pendik\u2019teki bo\u015f bir araziye g\u00f6md\u00fc.<\/p>\n<p><img loading=\"lazy\" decoding=\"async\" class=\"aligncenter wp-image-33470 size-full\" src=\"https:\/\/adanaseshaber.com.tr\/wp-content\/uploads\/2022\/08\/tekin-ugurlu-kimdir-neden-oldu-tekin-ugurlu-bulundu-mu.jpeg\" alt=\"\" width=\"1280\" height=\"720\" srcset=\"https:\/\/adanaseshaber.com.tr\/wp-content\/uploads\/2022\/08\/tekin-ugurlu-kimdir-neden-oldu-tekin-ugurlu-bulundu-mu.jpeg 1280w, https:\/\/adanaseshaber.com.tr\/wp-content\/uploads\/2022\/08\/tekin-ugurlu-kimdir-neden-oldu-tekin-ugurlu-bulundu-mu-300x169.jpeg 300w, https:\/\/adanaseshaber.com.tr\/wp-content\/uploads\/2022\/08\/tekin-ugurlu-kimdir-neden-oldu-tekin-ugurlu-bulundu-mu-1024x576.jpeg 1024w, https:\/\/adanaseshaber.com.tr\/wp-content\/uploads\/2022\/08\/tekin-ugurlu-kimdir-neden-oldu-tekin-ugurlu-bulundu-mu-768x432.jpeg 768w, https:\/\/adanaseshaber.com.tr\/wp-content\/uploads\/2022\/08\/tekin-ugurlu-kimdir-neden-oldu-tekin-ugurlu-bulundu-mu-390x220.jpeg 390w\" sizes=\"auto, (max-width: 1280px) 100vw, 1280px\" \/><\/p>\n<p><strong>KAN DONDURAN DETAYLAR<\/strong><\/p>\n<p>Galatasaray Kongre \u00dcyesi i\u015f insan\u0131 Tekin U\u011furlu&#8217;nun esrarengiz bir \u015fekilde ortadan kaybolmas\u0131 ve kendisinden haber al\u0131namamas\u0131n\u0131n ard\u0131ndan ailesi polise ba\u015fvurdu. O d\u00f6nem polisin yapt\u0131\u011f\u0131 \u00e7al\u0131\u015fmalar bir sonu\u00e7 vermedi ancak polis ekipleri olay\u0131n pe\u015fini b\u0131rakmad\u0131. Emniyete yap\u0131lan yeni bir ihbar sonras\u0131nda polis ekipleri tekrar harekete ge\u00e7ti ve yap\u0131lan ara\u015ft\u0131rmalar sonucunda Tekin U\u011furlu&#8217;nun en son g\u00f6r\u00fc\u015ft\u00fc\u011f\u00fc ki\u015fi olan M.K. ile \u015f\u00fcphelinin e\u015f, anne ve babas\u0131 g\u00f6zalt\u0131na al\u0131nd\u0131. Emniyette ifadeleri al\u0131nan \u015f\u00fcphelilerin su\u00e7lamalar\u0131 reddetti\u011fi \u00f6\u011frenildi. Emniyetteki i\u015flemleri tamamlanan \u015f\u00fcphelilerin elde edilen deliller do\u011frultusunda adliyeye sevk edildikleri bilgisine ula\u015f\u0131ld\u0131.<\/p>\n<p><img loading=\"lazy\" decoding=\"async\" class=\"aligncenter wp-image-33472 size-full\" src=\"https:\/\/adanaseshaber.com.tr\/wp-content\/uploads\/2022\/08\/tekin-ugurlu-kimdir-neden-oldu-tekin-ugurlu-bulundu-mu-1.jpg\" alt=\"\" width=\"1280\" height=\"720\" srcset=\"https:\/\/adanaseshaber.com.tr\/wp-content\/uploads\/2022\/08\/tekin-ugurlu-kimdir-neden-oldu-tekin-ugurlu-bulundu-mu-1.jpg 1280w, https:\/\/adanaseshaber.com.tr\/wp-content\/uploads\/2022\/08\/tekin-ugurlu-kimdir-neden-oldu-tekin-ugurlu-bulundu-mu-1-300x169.jpg 300w, https:\/\/adanaseshaber.com.tr\/wp-content\/uploads\/2022\/08\/tekin-ugurlu-kimdir-neden-oldu-tekin-ugurlu-bulundu-mu-1-1024x576.jpg 1024w, https:\/\/adanaseshaber.com.tr\/wp-content\/uploads\/2022\/08\/tekin-ugurlu-kimdir-neden-oldu-tekin-ugurlu-bulundu-mu-1-768x432.jpg 768w, https:\/\/adanaseshaber.com.tr\/wp-content\/uploads\/2022\/08\/tekin-ugurlu-kimdir-neden-oldu-tekin-ugurlu-bulundu-mu-1-390x220.jpg 390w\" sizes=\"auto, (max-width: 1280px) 100vw, 1280px\" \/><\/p>\n<p><strong>TEK\u0130N U\u011eURLU K\u0130MD\u0130R?<\/strong><\/p>\n<p>Bundan 5 y\u0131l \u00f6nce ortadan kaybolan ve bir daha kendisinden haber al\u0131namayan Galatasaray Kongre \u00dcyesi ve \u0130\u015f \u0130nsanlar\u0131 Derne\u011fi \u00dcyesi olan 44 ya\u015f\u0131ndaki Tekin U\u011furlu, 2 \u00e7ocuk babas\u0131d\u0131r.<\/p>\n<p>&nbsp;<\/p>\n","protected":false},"excerpt":{"rendered":"<p>\u0130\u015f insan\u0131 Tekin U\u011furlu, \u0130stanbul Pendik\u2019te 5 y\u0131l \u00f6nce kaybolmu\u015f ve bir daha kendisinden haber al\u0131namam\u0131\u015ft\u0131. Pendik\u2019te 4 A\u011fustos Per\u015fembe g\u00fcn\u00fc bulunan cesedin kay\u0131p i\u015f insan\u0131 Tekin U\u011furlu\u2019ya ait oldu\u011fu ortaya \u00e7\u0131kt\u0131. Polis ekiplerinin yapt\u0131\u011f\u0131 \u00e7al\u0131\u015fmalar sonucunda olayla ilgili korkun\u00e7 detaylar ortaya \u00e7\u0131kt\u0131\u011f\u0131 \u00f6\u011frenildi. U\u011furlu\u2019nun cesedi bo\u015f bir arazide topra\u011fa g\u00f6m\u00fcl\u00fc \u015fekilde bulundu. 5 y\u0131l &hellip;<\/p>\n","protected":false},"author":6,"featured_media":33466,"comment_status":"closed","ping_status":"closed","sticky":false,"template":"","format":"standard","meta":{"footnotes":""},"categories":[1],"tags":[],"class_list":["post-33465","post","type-post","status-publish","format-standard","has-post-thumbnail","hentry","category-genel"],"amp_enabled":true,"_links":{"self":[{"href":"https:\/\/adanaseshaber.com.tr\/index.php?rest_route=\/wp\/v2\/posts\/33465","targetHints":{"allow":["GET"]}}],"collection":[{"href":"https:\/\/adanaseshaber.com.tr\/index.php?rest_route=\/wp\/v2\/posts"}],"about":[{"href":"https:\/\/adanaseshaber.com.tr\/index.php?rest_route=\/wp\/v2\/types\/post"}],"author":[{"embeddable":true,"href":"https:\/\/adanaseshaber.com.tr\/index.php?rest_route=\/wp\/v2\/users\/6"}],"replies":[{"embeddable":true,"href":"https:\/\/adanaseshaber.com.tr\/index.php?rest_route=%2Fwp%2Fv2%2Fcomments&post=33465"}],"version-history":[{"count":4,"href":"https:\/\/adanaseshaber.com.tr\/index.php?rest_route=\/wp\/v2\/posts\/33465\/revisions"}],"predecessor-version":[{"id":33473,"href":"https:\/\/adanaseshaber.com.tr\/index.php?rest_route=\/wp\/v2\/posts\/33465\/revisions\/33473"}],"wp:featuredmedia":[{"embeddable":true,"href":"https:\/\/adanaseshaber.com.tr\/index.php?rest_route=\/wp\/v2\/media\/33466"}],"wp:attachment":[{"href":"https:\/\/adanaseshaber.com.tr\/index.php?rest_route=%2Fwp%2Fv2%2Fmedia&parent=33465"}],"wp:term":[{"taxonomy":"category","embeddable":true,"href":"https:\/\/adanaseshaber.com.tr\/index.php?rest_route=%2Fwp%2Fv2%2Fcategories&post=33465"},{"taxonomy":"post_tag","embeddable":true,"href":"https:\/\/adanaseshaber.com.tr\/index.php?rest_route=%2Fwp%2Fv2%2Ftags&post=33465"}],"curies":[{"name":"wp","href":"https:\/\/api.w.org\/{rel}","templated":true}]}}