{"id":33485,"date":"2022-08-10T13:37:27","date_gmt":"2022-08-10T10:37:27","guid":{"rendered":"https:\/\/www.adanaseshaber.com\/?p=33485"},"modified":"2022-08-10T13:37:52","modified_gmt":"2022-08-10T10:37:52","slug":"abd-enflasyon-verisi-ne-zaman-saat-kacta-aciklanacak-temmuz-ayi-abd-enflasyon-verisi-aciklandi-mi","status":"publish","type":"post","link":"https:\/\/adanaseshaber.com.tr\/?p=33485","title":{"rendered":"ABD enflasyon verisi ne zaman, saat ka\u00e7ta a\u00e7\u0131klanacak? Temmuz ay\u0131 ABD enflasyon verisi a\u00e7\u0131kland\u0131 m\u0131?"},"content":{"rendered":"<p>ABD enflasyon verisi i\u00e7in t\u00fcm g\u00f6zler gelecek a\u00e7\u0131klamaya \u00e7evrildi. ABD enflasyon oran\u0131 verisinin a\u00e7\u0131klanaca\u011f\u0131 saat merak konusu oldu. K\u00fcresel piyasalar\u0131n g\u00f6z\u00fcn\u00fc \u00e7evirdi\u011fi enflasyon verisiyle ilgili ge\u00e7ti\u011fimiz g\u00fcnlerde beklenti anketi yap\u0131lm\u0131\u015f ve Temmuz ay\u0131 i\u00e7in enflasyonda sert bir d\u00fc\u015f\u00fc\u015f beklentisi oldu\u011fu g\u00f6r\u00fclm\u00fc\u015ft\u00fc. \u015eimdi t\u00fcm g\u00f6zler ABD\u2019nin 10 A\u011fustos 2022 enflasyon oran\u0131na \u00e7evrildi. ABD\u2019nin enflasyon oran\u0131 verisiyle ilgili g\u00f6zler yap\u0131lacak a\u00e7\u0131klamaya \u00e7evrildi. B\u00fcy\u00fck bir merakla beklenen enflasyon verisiyle ilgili ara\u015ft\u0131rmalar s\u00fcr\u00fcyor. Peki, ABD enflasyon verisi ne zaman a\u00e7\u0131klanacak. 10 A\u011fustos 2022 ABD enflasyon oran\u0131 saat ka\u00e7ta a\u00e7\u0131klanacak? ABD enflasyon oran\u0131 verisi a\u00e7\u0131kland\u0131 m\u0131? Temmuz ay\u0131 ABD enflasyon verisi bug\u00fcn m\u00fc a\u00e7\u0131klanacak? \u0130\u015fte t\u00fcm merak edilenler\u2026<\/p>\n<p><strong>ABD ENFLASYON VER\u0130S\u0130 SAAT KA\u00c7TA A\u00c7IKLANACAK?<\/strong><\/p>\n<p>ABD enflasyon oran\u0131 verisi ile ilgili k\u00fcresel piyasalar\u0131n g\u00f6z\u00fc bug\u00fcn yap\u0131lacak a\u00e7\u0131klamaya \u00e7evrildi. ABD\u2019nin Temmuz ay\u0131 enflasyon beklentisi ile ilgili g\u00fcnler \u00f6ncesinde yap\u0131lan anketlerde enflasyon beklentisinde b\u00fcy\u00fck bir d\u00fc\u015f\u00fc\u015f g\u00f6r\u00fclm\u00fc\u015ft\u00fc. New York Fed, Temmuz ay\u0131 T\u00fcketici Beklentileri Anketi sonu\u00e7lar\u0131n\u0131 yay\u0131mlad\u0131 ve anket sonu\u00e7lar\u0131na g\u00f6re enflasyon beklentisinde keskin bir d\u00fc\u015f\u00fc\u015f g\u00f6r\u00fcld\u00fc. ABD Temmuz ay\u0131 t\u00fcketici enflasyon oranlar\u0131 10 A\u011fustos 2022 \u00c7ar\u015famba (bug\u00fcn) a\u00e7\u0131klanacak.<\/p>\n<p><img loading=\"lazy\" decoding=\"async\" class=\"aligncenter wp-image-33488 size-full\" src=\"https:\/\/adanaseshaber.com.tr\/wp-content\/uploads\/2022\/08\/abd-enflasyon-verisi-ne-zaman-saat-kacta-aciklanacak-temmuz-ayi-abd-enflasyon-verisi-aciklandi-mi-1.jpg\" alt=\"\" width=\"1280\" height=\"720\" srcset=\"https:\/\/adanaseshaber.com.tr\/wp-content\/uploads\/2022\/08\/abd-enflasyon-verisi-ne-zaman-saat-kacta-aciklanacak-temmuz-ayi-abd-enflasyon-verisi-aciklandi-mi-1.jpg 1280w, https:\/\/adanaseshaber.com.tr\/wp-content\/uploads\/2022\/08\/abd-enflasyon-verisi-ne-zaman-saat-kacta-aciklanacak-temmuz-ayi-abd-enflasyon-verisi-aciklandi-mi-1-300x169.jpg 300w, https:\/\/adanaseshaber.com.tr\/wp-content\/uploads\/2022\/08\/abd-enflasyon-verisi-ne-zaman-saat-kacta-aciklanacak-temmuz-ayi-abd-enflasyon-verisi-aciklandi-mi-1-1024x576.jpg 1024w, https:\/\/adanaseshaber.com.tr\/wp-content\/uploads\/2022\/08\/abd-enflasyon-verisi-ne-zaman-saat-kacta-aciklanacak-temmuz-ayi-abd-enflasyon-verisi-aciklandi-mi-1-768x432.jpg 768w, https:\/\/adanaseshaber.com.tr\/wp-content\/uploads\/2022\/08\/abd-enflasyon-verisi-ne-zaman-saat-kacta-aciklanacak-temmuz-ayi-abd-enflasyon-verisi-aciklandi-mi-1-390x220.jpg 390w\" sizes=\"auto, (max-width: 1280px) 100vw, 1280px\" \/><\/p>\n<p><strong>ENFLASYON Z\u0130RVEYE \u00c7IKMI\u015eTI<\/strong><\/p>\n<p>ABD\u2019nin ge\u00e7ti\u011fimiz ay a\u00e7\u0131klanan verilerine g\u00f6re, T\u00dcFE, Haziran ay\u0131nda ayl\u0131k y\u00fczde 1,3 artm\u0131\u015f, y\u0131ll\u0131k y\u00fczde 9,1 ile 1981 y\u0131l\u0131n\u0131n Kas\u0131m ay\u0131ndan bu yana en h\u0131zl\u0131 art\u0131\u015f\u0131n\u0131 kaydetmi\u015fti. \u00dclkede enflasyon y\u00fckseli\u015f e\u011filimini s\u00fcrd\u00fcr\u00fcrken tekrar 41 y\u0131l\u0131n zirvesine \u00e7\u0131km\u0131\u015ft\u0131. ABD Merkez Bankas\u0131 FED ise Temmuz ay\u0131 toplant\u0131s\u0131nda Haziran ay\u0131nda oldu\u011fu gibi 75 baz puanl\u0131k faiz art\u0131\u015f\u0131na gitmi\u015fti. Bu kapsamda FED, enflasyonu y\u00fczde 2 hedefine \u00e7ekmek i\u00e7in Mart ay\u0131ndan bu yana toplam 225 baz puan art\u0131\u015f yapt\u0131.<\/p>\n","protected":false},"excerpt":{"rendered":"<p>ABD enflasyon verisi i\u00e7in t\u00fcm g\u00f6zler gelecek a\u00e7\u0131klamaya \u00e7evrildi. ABD enflasyon oran\u0131 verisinin a\u00e7\u0131klanaca\u011f\u0131 saat merak konusu oldu. K\u00fcresel piyasalar\u0131n g\u00f6z\u00fcn\u00fc \u00e7evirdi\u011fi enflasyon verisiyle ilgili ge\u00e7ti\u011fimiz g\u00fcnlerde beklenti anketi yap\u0131lm\u0131\u015f ve Temmuz ay\u0131 i\u00e7in enflasyonda sert bir d\u00fc\u015f\u00fc\u015f beklentisi oldu\u011fu g\u00f6r\u00fclm\u00fc\u015ft\u00fc. \u015eimdi t\u00fcm g\u00f6zler ABD\u2019nin 10 A\u011fustos 2022 enflasyon oran\u0131na \u00e7evrildi. ABD\u2019nin enflasyon oran\u0131 verisiyle &hellip;<\/p>\n","protected":false},"author":6,"featured_media":33487,"comment_status":"closed","ping_status":"closed","sticky":false,"template":"","format":"standard","meta":{"footnotes":""},"categories":[1],"tags":[],"class_list":["post-33485","post","type-post","status-publish","format-standard","has-post-thumbnail","hentry","category-genel"],"amp_enabled":true,"_links":{"self":[{"href":"https:\/\/adanaseshaber.com.tr\/index.php?rest_route=\/wp\/v2\/posts\/33485","targetHints":{"allow":["GET"]}}],"collection":[{"href":"https:\/\/adanaseshaber.com.tr\/index.php?rest_route=\/wp\/v2\/posts"}],"about":[{"href":"https:\/\/adanaseshaber.com.tr\/index.php?rest_route=\/wp\/v2\/types\/post"}],"author":[{"embeddable":true,"href":"https:\/\/adanaseshaber.com.tr\/index.php?rest_route=\/wp\/v2\/users\/6"}],"replies":[{"embeddable":true,"href":"https:\/\/adanaseshaber.com.tr\/index.php?rest_route=%2Fwp%2Fv2%2Fcomments&post=33485"}],"version-history":[{"count":2,"href":"https:\/\/adanaseshaber.com.tr\/index.php?rest_route=\/wp\/v2\/posts\/33485\/revisions"}],"predecessor-version":[{"id":33490,"href":"https:\/\/adanaseshaber.com.tr\/index.php?rest_route=\/wp\/v2\/posts\/33485\/revisions\/33490"}],"wp:featuredmedia":[{"embeddable":true,"href":"https:\/\/adanaseshaber.com.tr\/index.php?rest_route=\/wp\/v2\/media\/33487"}],"wp:attachment":[{"href":"https:\/\/adanaseshaber.com.tr\/index.php?rest_route=%2Fwp%2Fv2%2Fmedia&parent=33485"}],"wp:term":[{"taxonomy":"category","embeddable":true,"href":"https:\/\/adanaseshaber.com.tr\/index.php?rest_route=%2Fwp%2Fv2%2Fcategories&post=33485"},{"taxonomy":"post_tag","embeddable":true,"href":"https:\/\/adanaseshaber.com.tr\/index.php?rest_route=%2Fwp%2Fv2%2Ftags&post=33485"}],"curies":[{"name":"wp","href":"https:\/\/api.w.org\/{rel}","templated":true}]}}