{"id":33502,"date":"2022-08-10T14:08:06","date_gmt":"2022-08-10T11:08:06","guid":{"rendered":"https:\/\/www.adanaseshaber.com\/?p=33502"},"modified":"2022-08-10T14:08:31","modified_gmt":"2022-08-10T11:08:31","slug":"istanbulda-ak-partili-belediyelerdeki-iscilere-yuzde-80-zam","status":"publish","type":"post","link":"https:\/\/adanaseshaber.com.tr\/?p=33502","title":{"rendered":"\u0130stanbul\u2019da AK Partili Belediyelerdeki i\u015f\u00e7ilere y\u00fczde 80 zam"},"content":{"rendered":"<p>\u0130stanbul\u2019da AK Partili Belediyelerdeki i\u015f\u00e7ilere zam m\u00fcjdesi verildi. AK Parti \u0130stanbul \u0130l Ba\u015fkan\u0131 Osman Nuri Kabaktepe, i\u015f\u00e7ilere yap\u0131lan zam oran\u0131n\u0131 duyurdu. Mahalli \u0130dareler Kamu \u0130\u015fveren Sendikas\u0131\u2019n\u0131n teklifi do\u011frultusunda \u0130stanbul\u2019daki AK Partili Belediyelerdeki i\u015f\u00e7ilere y\u00fczde 80 oran\u0131nda zam yap\u0131ld\u0131. Zamm\u0131n 1 Temmuz 2022 tarihinden itibaren ge\u00e7erli olaca\u011f\u0131 bildirildi. AK Partili Belediyelerdeki i\u015f\u00e7ilere zam m\u00fcjdesini duyuran Kabaktepe, belediyelerdeki toplu s\u00f6zle\u015fme i\u015f g\u00f6r\u00fc\u015fmelerinin devam etti\u011fini ve i\u015f\u00e7ilerin geciken toplu s\u00f6zle\u015fme zamm\u0131 sebebiyle ma\u011fdur olmamalar\u0131 i\u00e7in \u00e7al\u0131\u015fma yapt\u0131klar\u0131n\u0131 s\u00f6yledi. Kabaktepe, 1 Temmuz 2022 tarihinden itibaren ge\u00e7erli olmak \u00fczere AK Partili Belediyelerdeki i\u015f\u00e7ilere y\u00fczde 80 oran\u0131nda zam yap\u0131lmas\u0131n\u0131n kararla\u015ft\u0131r\u0131ld\u0131\u011f\u0131n\u0131 duyurdu. \u0130\u015fte detaylar\u2026<\/p>\n<p><strong>\u0130STANBUL\u2019DAK\u0130 AK PART\u0130L\u0130 BELED\u0130YELERDEN ZAM M\u00dcJDES\u0130<\/strong><\/p>\n<p>Y\u00fcz Y\u00fcze 100 G\u00fcn program\u0131 kapsam\u0131nda AK Parti Sar\u0131yer \u0130l\u00e7e Ba\u015fkanl\u0131\u011f\u0131\u2019nda bas\u0131n a\u00e7\u0131klamas\u0131 yapan AK Parti \u0130stanbul \u0130l Ba\u015fkan\u0131 Osman Nuri Kabaktepe, \u0130stanbul\u2019da AK Partili Belediyelerdeki i\u015f\u00e7ilere zam m\u00fcjdesi verdi. Gelece\u011fin T\u00fcrkiye\u2019si Cumhurba\u015fkan\u0131 Recep Tayyip Erdo\u011fan liderli\u011finde kurulacak ifadelerini kullanan Kabaktepe, \u2018AK Parti hizmet ve eserde, belediyecilikte, h\u00fck\u00fcmet olarak yapt\u0131\u011f\u0131m\u0131z hizmetlerde bir markad\u0131r. Bunu hep beraber in\u015fallah daha yukar\u0131 ta\u015f\u0131yaca\u011f\u0131z.\u2019 dedi. Kabaktepe, Mahalli \u0130dareler Kamu \u0130\u015fveren Sendikas\u0131\u2019n\u0131n teklifi do\u011frultusunda 1 Temmuz 2022 tarihinden itibaren ge\u00e7erli olmak \u00fczere \u0130stanbul\u2019daki AK Partili Belediyelerdeki i\u015f\u00e7ilere y\u00fczde 80 oran\u0131nda zam yap\u0131lmas\u0131n\u0131n kararla\u015ft\u0131r\u0131ld\u0131\u011f\u0131n\u0131 duyurdu.<\/p>\n<p><img loading=\"lazy\" decoding=\"async\" class=\"aligncenter wp-image-33504 size-full\" src=\"https:\/\/adanaseshaber.com.tr\/wp-content\/uploads\/2022\/08\/istanbulda-ak-partili-belediyelerdeki-iscilere-yuzde-80-zam-1.jpg\" alt=\"\" width=\"1280\" height=\"720\" srcset=\"https:\/\/adanaseshaber.com.tr\/wp-content\/uploads\/2022\/08\/istanbulda-ak-partili-belediyelerdeki-iscilere-yuzde-80-zam-1.jpg 1280w, https:\/\/adanaseshaber.com.tr\/wp-content\/uploads\/2022\/08\/istanbulda-ak-partili-belediyelerdeki-iscilere-yuzde-80-zam-1-300x169.jpg 300w, https:\/\/adanaseshaber.com.tr\/wp-content\/uploads\/2022\/08\/istanbulda-ak-partili-belediyelerdeki-iscilere-yuzde-80-zam-1-1024x576.jpg 1024w, https:\/\/adanaseshaber.com.tr\/wp-content\/uploads\/2022\/08\/istanbulda-ak-partili-belediyelerdeki-iscilere-yuzde-80-zam-1-768x432.jpg 768w, https:\/\/adanaseshaber.com.tr\/wp-content\/uploads\/2022\/08\/istanbulda-ak-partili-belediyelerdeki-iscilere-yuzde-80-zam-1-390x220.jpg 390w\" sizes=\"auto, (max-width: 1280px) 100vw, 1280px\" \/><\/p>\n<p><strong>Y\u00dcZDE 80 ZAM<\/strong><\/p>\n<p>Belediyelerdeki toplu s\u00f6zle\u015fme i\u015f g\u00f6r\u00fc\u015fmesinin devam etti\u011fini aktaran Kabaktepe, i\u015f\u00e7ilerin geciken toplu s\u00f6zle\u015fme zamm\u0131 sebebiyle ma\u011fdur olmamalar\u0131 i\u00e7in \u00e7al\u0131\u015fma yapt\u0131klar\u0131n\u0131 belirtti. Yap\u0131lan toplant\u0131 neticesinde M\u0130KSEN\u2019in teklifi do\u011frultusunda belediye \u015firketlerinde \u00e7al\u0131\u015fan i\u015f\u00e7ilerin 1 Temmuz 2022 tarihinden itibaren ge\u00e7erli olmak \u00fczere 30 Haziran 2022\u2019deki \u00fccretlerine y\u00f6netim kurulu karar\u0131yla y\u00fczde 80 oran\u0131nda zam yap\u0131lmas\u0131na karar verildi\u011fini s\u00f6yledi.<\/p>\n","protected":false},"excerpt":{"rendered":"<p>\u0130stanbul\u2019da AK Partili Belediyelerdeki i\u015f\u00e7ilere zam m\u00fcjdesi verildi. AK Parti \u0130stanbul \u0130l Ba\u015fkan\u0131 Osman Nuri Kabaktepe, i\u015f\u00e7ilere yap\u0131lan zam oran\u0131n\u0131 duyurdu. Mahalli \u0130dareler Kamu \u0130\u015fveren Sendikas\u0131\u2019n\u0131n teklifi do\u011frultusunda \u0130stanbul\u2019daki AK Partili Belediyelerdeki i\u015f\u00e7ilere y\u00fczde 80 oran\u0131nda zam yap\u0131ld\u0131. Zamm\u0131n 1 Temmuz 2022 tarihinden itibaren ge\u00e7erli olaca\u011f\u0131 bildirildi. AK Partili Belediyelerdeki i\u015f\u00e7ilere zam m\u00fcjdesini duyuran Kabaktepe, &hellip;<\/p>\n","protected":false},"author":6,"featured_media":33503,"comment_status":"closed","ping_status":"closed","sticky":false,"template":"","format":"standard","meta":{"footnotes":""},"categories":[1],"tags":[],"class_list":["post-33502","post","type-post","status-publish","format-standard","has-post-thumbnail","hentry","category-genel"],"amp_enabled":true,"_links":{"self":[{"href":"https:\/\/adanaseshaber.com.tr\/index.php?rest_route=\/wp\/v2\/posts\/33502","targetHints":{"allow":["GET"]}}],"collection":[{"href":"https:\/\/adanaseshaber.com.tr\/index.php?rest_route=\/wp\/v2\/posts"}],"about":[{"href":"https:\/\/adanaseshaber.com.tr\/index.php?rest_route=\/wp\/v2\/types\/post"}],"author":[{"embeddable":true,"href":"https:\/\/adanaseshaber.com.tr\/index.php?rest_route=\/wp\/v2\/users\/6"}],"replies":[{"embeddable":true,"href":"https:\/\/adanaseshaber.com.tr\/index.php?rest_route=%2Fwp%2Fv2%2Fcomments&post=33502"}],"version-history":[{"count":2,"href":"https:\/\/adanaseshaber.com.tr\/index.php?rest_route=\/wp\/v2\/posts\/33502\/revisions"}],"predecessor-version":[{"id":33506,"href":"https:\/\/adanaseshaber.com.tr\/index.php?rest_route=\/wp\/v2\/posts\/33502\/revisions\/33506"}],"wp:featuredmedia":[{"embeddable":true,"href":"https:\/\/adanaseshaber.com.tr\/index.php?rest_route=\/wp\/v2\/media\/33503"}],"wp:attachment":[{"href":"https:\/\/adanaseshaber.com.tr\/index.php?rest_route=%2Fwp%2Fv2%2Fmedia&parent=33502"}],"wp:term":[{"taxonomy":"category","embeddable":true,"href":"https:\/\/adanaseshaber.com.tr\/index.php?rest_route=%2Fwp%2Fv2%2Fcategories&post=33502"},{"taxonomy":"post_tag","embeddable":true,"href":"https:\/\/adanaseshaber.com.tr\/index.php?rest_route=%2Fwp%2Fv2%2Ftags&post=33502"}],"curies":[{"name":"wp","href":"https:\/\/api.w.org\/{rel}","templated":true}]}}