{"id":33513,"date":"2022-08-10T14:56:43","date_gmt":"2022-08-10T11:56:43","guid":{"rendered":"https:\/\/www.adanaseshaber.com\/?p=33513"},"modified":"2022-08-10T14:56:32","modified_gmt":"2022-08-10T11:56:32","slug":"unlu-turk-sarkici-tuvaletini-yaparken-video-paylasti","status":"publish","type":"post","link":"https:\/\/adanaseshaber.com.tr\/?p=33513","title":{"rendered":"\u00dcnl\u00fc T\u00fcrk \u015fark\u0131c\u0131 tuvaletini yaparken video payla\u015ft\u0131"},"content":{"rendered":"<p>\u00dcnl\u00fc \u015fark\u0131c\u0131 Banu Parlak, sosyal medya hesab\u0131ndan tuvaletini yapt\u0131\u011f\u0131 anlarda video payla\u015farak herkesi \u015fa\u015fk\u0131na \u00e7evirdi. Sosyal medya hesab\u0131n\u0131 aktif kullanan Parlak, tuvaletini yapt\u0131\u011f\u0131 esnada payla\u015ft\u0131\u011f\u0131 videoyla g\u00fcndeme bomba gibi d\u00fc\u015ft\u00fc. K\u0131sa s\u00fcrede payla\u015f\u0131m rekorlar\u0131 k\u0131ran videoya yorum ya\u011farken Parlak\u2019\u0131n dakikalar sonra videoyu sildi\u011fi g\u00f6r\u00fcld\u00fc. Arabada \u00e7ekti\u011fi videolarla pop\u00fcler olan Banu Parlak, sosyal medya hesab\u0131ndan payla\u015ft\u0131\u011f\u0131 bir video ile g\u00fcndem oldu. Banu Parlak\u2019\u0131n tuvaletini yapt\u0131\u011f\u0131 esnada payla\u015ft\u0131\u011f\u0131 videosu sosyal medyada h\u0131zla yay\u0131l\u0131rken videoya \u00e7ok say\u0131da yorum geldi. Payla\u015f\u0131m\u0131 k\u0131sa s\u00fcrede h\u0131zla yay\u0131lan Banu Parlak, dakikalar sonra videosunu sildi.<\/p>\n<p><strong>TUVALET\u0130N\u0130 YAPARKEN V\u0130DEO PAYLA\u015eTI<\/strong><\/p>\n<p>Bundan y\u0131llar \u00f6nce arabas\u0131nda \u015fark\u0131 s\u00f6yledi\u011fi videolar\u0131 yay\u0131nlayarak pop\u00fcler olan \u015fark\u0131c\u0131 Banu Parlak, sosyal medya hesab\u0131ndan yapt\u0131\u011f\u0131 payla\u015f\u0131mla sosyal medyada g\u00fcndem oldu. Yo\u011fun i\u015f temposuna dikkat \u00e7ekmek i\u00e7in sosyal medya hesab\u0131ndan \u00e7ok konu\u015fulan bir video payla\u015fan Parlak, dakikalar i\u00e7inde payla\u015ft\u0131\u011f\u0131 videoyu sildi. Banu Parlak\u2019\u0131n tuvaletini yapt\u0131\u011f\u0131 esnada payla\u015ft\u0131\u011f\u0131 video k\u0131sa s\u00fcrede yay\u0131ld\u0131.<\/p>\n<p><img loading=\"lazy\" decoding=\"async\" class=\"aligncenter wp-image-33517 size-full\" src=\"https:\/\/adanaseshaber.com.tr\/wp-content\/uploads\/2022\/08\/unlu-turk-sarkici-tuvaletini-yaparken-video-paylasti-3.jpg\" alt=\"\" width=\"1280\" height=\"720\" srcset=\"https:\/\/adanaseshaber.com.tr\/wp-content\/uploads\/2022\/08\/unlu-turk-sarkici-tuvaletini-yaparken-video-paylasti-3.jpg 1280w, https:\/\/adanaseshaber.com.tr\/wp-content\/uploads\/2022\/08\/unlu-turk-sarkici-tuvaletini-yaparken-video-paylasti-3-300x169.jpg 300w, https:\/\/adanaseshaber.com.tr\/wp-content\/uploads\/2022\/08\/unlu-turk-sarkici-tuvaletini-yaparken-video-paylasti-3-1024x576.jpg 1024w, https:\/\/adanaseshaber.com.tr\/wp-content\/uploads\/2022\/08\/unlu-turk-sarkici-tuvaletini-yaparken-video-paylasti-3-768x432.jpg 768w, https:\/\/adanaseshaber.com.tr\/wp-content\/uploads\/2022\/08\/unlu-turk-sarkici-tuvaletini-yaparken-video-paylasti-3-390x220.jpg 390w\" sizes=\"auto, (max-width: 1280px) 100vw, 1280px\" \/><\/p>\n<p><strong>HEMEN S\u0130LD\u0130<\/strong><\/p>\n<p>Sosyal medya hesab\u0131 Instagramda 1,4 milyon takip\u00e7isi olan bir \u00e7ocuk annesi \u015fark\u0131c\u0131 Banu Parlak, yo\u011fun i\u015f temposuna dikkat \u00e7ekmek i\u00e7in tuvaletini yaparken payla\u015ft\u0131\u011f\u0131 videosuna \u2018Tek zaman buldu\u011fum yer buras\u0131\u2019 notunu d\u00fc\u015ft\u00fc. Parlak\u2019\u0131n videosu k\u0131sa s\u00fcre i\u00e7erisinde sosyal medyada yay\u0131ld\u0131. Pyala\u015f\u0131m\u0131n h\u0131zla yay\u0131lmas\u0131 ve gelen yorumlar\u0131n ard\u0131ndan Parlak, payla\u015ft\u0131\u011f\u0131 videoyu hemen sildi.<\/p>\n<p><img loading=\"lazy\" decoding=\"async\" class=\"aligncenter wp-image-33516 size-full\" src=\"https:\/\/adanaseshaber.com.tr\/wp-content\/uploads\/2022\/08\/unlu-turk-sarkici-tuvaletini-yaparken-video-paylasti-2.jpg\" alt=\"\" width=\"1280\" height=\"720\" srcset=\"https:\/\/adanaseshaber.com.tr\/wp-content\/uploads\/2022\/08\/unlu-turk-sarkici-tuvaletini-yaparken-video-paylasti-2.jpg 1280w, https:\/\/adanaseshaber.com.tr\/wp-content\/uploads\/2022\/08\/unlu-turk-sarkici-tuvaletini-yaparken-video-paylasti-2-300x169.jpg 300w, https:\/\/adanaseshaber.com.tr\/wp-content\/uploads\/2022\/08\/unlu-turk-sarkici-tuvaletini-yaparken-video-paylasti-2-1024x576.jpg 1024w, https:\/\/adanaseshaber.com.tr\/wp-content\/uploads\/2022\/08\/unlu-turk-sarkici-tuvaletini-yaparken-video-paylasti-2-768x432.jpg 768w, https:\/\/adanaseshaber.com.tr\/wp-content\/uploads\/2022\/08\/unlu-turk-sarkici-tuvaletini-yaparken-video-paylasti-2-390x220.jpg 390w\" sizes=\"auto, (max-width: 1280px) 100vw, 1280px\" \/><\/p>\n<p><strong>SALDIRIYA U\u011eRADI\u011eINI A\u00c7IKLAMI\u015eTI<\/strong><\/p>\n<p>Ge\u00e7en sene \u015fark\u0131c\u0131 Banu Parlak\u2019\u0131n sosyal medya hesab\u0131ndan bir payla\u015f\u0131m yap\u0131lm\u0131\u015f ve gen\u00e7 \u015fark\u0131c\u0131n\u0131n hayat\u0131n\u0131 kaybetti\u011fi iddia edilmi\u015fti. \u00d6l\u00fcm haberiyle bir an da magazin man\u015fetlerinin en \u00fcst s\u0131ralar\u0131na yerle\u015fen Banu Parlak, Instagram hesab\u0131ndan yay\u0131nlad\u0131\u011f\u0131 videoda, seyir halindeyken sald\u0131r\u0131ya u\u011frad\u0131\u011f\u0131n\u0131 ve telefonunun \u00e7al\u0131nd\u0131\u011f\u0131n\u0131 a\u00e7\u0131klam\u0131\u015ft\u0131.<\/p>\n<p>&nbsp;<\/p>\n","protected":false},"excerpt":{"rendered":"<p>\u00dcnl\u00fc \u015fark\u0131c\u0131 Banu Parlak, sosyal medya hesab\u0131ndan tuvaletini yapt\u0131\u011f\u0131 anlarda video payla\u015farak herkesi \u015fa\u015fk\u0131na \u00e7evirdi. Sosyal medya hesab\u0131n\u0131 aktif kullanan Parlak, tuvaletini yapt\u0131\u011f\u0131 esnada payla\u015ft\u0131\u011f\u0131 videoyla g\u00fcndeme bomba gibi d\u00fc\u015ft\u00fc. K\u0131sa s\u00fcrede payla\u015f\u0131m rekorlar\u0131 k\u0131ran videoya yorum ya\u011farken Parlak\u2019\u0131n dakikalar sonra videoyu sildi\u011fi g\u00f6r\u00fcld\u00fc. Arabada \u00e7ekti\u011fi videolarla pop\u00fcler olan Banu Parlak, sosyal medya hesab\u0131ndan payla\u015ft\u0131\u011f\u0131 &hellip;<\/p>\n","protected":false},"author":6,"featured_media":33514,"comment_status":"closed","ping_status":"closed","sticky":false,"template":"","format":"standard","meta":{"footnotes":""},"categories":[15431],"tags":[],"class_list":["post-33513","post","type-post","status-publish","format-standard","has-post-thumbnail","hentry","category-medya"],"amp_enabled":true,"_links":{"self":[{"href":"https:\/\/adanaseshaber.com.tr\/index.php?rest_route=\/wp\/v2\/posts\/33513","targetHints":{"allow":["GET"]}}],"collection":[{"href":"https:\/\/adanaseshaber.com.tr\/index.php?rest_route=\/wp\/v2\/posts"}],"about":[{"href":"https:\/\/adanaseshaber.com.tr\/index.php?rest_route=\/wp\/v2\/types\/post"}],"author":[{"embeddable":true,"href":"https:\/\/adanaseshaber.com.tr\/index.php?rest_route=\/wp\/v2\/users\/6"}],"replies":[{"embeddable":true,"href":"https:\/\/adanaseshaber.com.tr\/index.php?rest_route=%2Fwp%2Fv2%2Fcomments&post=33513"}],"version-history":[{"count":2,"href":"https:\/\/adanaseshaber.com.tr\/index.php?rest_route=\/wp\/v2\/posts\/33513\/revisions"}],"predecessor-version":[{"id":33519,"href":"https:\/\/adanaseshaber.com.tr\/index.php?rest_route=\/wp\/v2\/posts\/33513\/revisions\/33519"}],"wp:featuredmedia":[{"embeddable":true,"href":"https:\/\/adanaseshaber.com.tr\/index.php?rest_route=\/wp\/v2\/media\/33514"}],"wp:attachment":[{"href":"https:\/\/adanaseshaber.com.tr\/index.php?rest_route=%2Fwp%2Fv2%2Fmedia&parent=33513"}],"wp:term":[{"taxonomy":"category","embeddable":true,"href":"https:\/\/adanaseshaber.com.tr\/index.php?rest_route=%2Fwp%2Fv2%2Fcategories&post=33513"},{"taxonomy":"post_tag","embeddable":true,"href":"https:\/\/adanaseshaber.com.tr\/index.php?rest_route=%2Fwp%2Fv2%2Ftags&post=33513"}],"curies":[{"name":"wp","href":"https:\/\/api.w.org\/{rel}","templated":true}]}}