{"id":33542,"date":"2022-08-10T16:21:06","date_gmt":"2022-08-10T13:21:06","guid":{"rendered":"https:\/\/www.adanaseshaber.com\/?p=33542"},"modified":"2022-08-10T16:32:24","modified_gmt":"2022-08-10T13:32:24","slug":"temmuz-ayi-abd-enflasyon-rakamlari-aciklandi","status":"publish","type":"post","link":"https:\/\/adanaseshaber.com.tr\/?p=33542","title":{"rendered":"Temmuz ay\u0131 ABD enflasyon rakamlar\u0131 a\u00e7\u0131kland\u0131"},"content":{"rendered":"<p>Piyasalar\u0131n g\u00f6z\u00fcn\u00fc \u00e7evirdi\u011fi ABD enflasyon rakamlar\u0131 a\u00e7\u0131kland\u0131. Temmuz ay\u0131 ABD enflasyon rakamlar\u0131yla ilgili beklenen a\u00e7\u0131klama geldi. ABD\u2019de enflasyon Temmuz ay\u0131nda y\u00fczde 8,5 ile beklentinin alt\u0131nda geriledi. Geride b\u0131rakt\u0131\u011f\u0131m\u0131z ay \u00fclkede a\u00e7\u0131klanan enflasyon y\u00fczde 9,1 ile son 40 y\u0131l\u0131n rekorunu k\u0131rm\u0131\u015ft\u0131. T\u00fcm g\u00f6zler bug\u00fcn a\u00e7\u0131klanacak ABD enflasyon verisine \u00e7evrilmi\u015fti. Beklenen a\u00e7\u0131klama geldi. ABD Temmuz ay\u0131 enflasyon verisi a\u00e7\u0131kland\u0131. Temmuz ay\u0131 ABD enflasyon verisi y\u0131ll\u0131k y\u00fczde 8,5 olarak a\u00e7\u0131kland\u0131. Beklenti ise y\u00fczde 8,7 olarak payla\u015f\u0131lm\u0131\u015ft\u0131. ABD\u2019de enflasyon Temmuz ay\u0131nda beklentinin alt\u0131nda geriledi. Ayl\u0131k enflasyon ise de\u011fi\u015fmedi.<\/p>\n<p><b>ENFLASYONDA BEKLENT\u0130Y\u0130 A\u015eAN GER\u0130LEME<\/b><\/p>\n<p>Merakla beklenen ABD enflasyon rakamlar\u0131 a\u00e7\u0131kland\u0131. Temmuz ay\u0131 ABD enflasyon rakamlar\u0131nda beklentiyi a\u015fan bir gerileme ya\u015fand\u0131. ABD&#8217;de Temmuz ay\u0131nda enflasyon y\u0131ll\u0131k y\u00fczde 8,5 olarak a\u00e7\u0131kland\u0131. Enflasyon beklentisi y\u00fczde 8,7 olarak a\u00e7\u0131klanm\u0131\u015ft\u0131. Ayl\u0131k enflasyonda ise herhangi bir de\u011fi\u015fiklik olmad\u0131.<\/p>\n<p><strong>SON 40 YILIN REKORUNU KIRMI\u015eTI<\/strong><\/p>\n<p>\u00dclkede enflasyon Haziran ay\u0131nda y\u0131ll\u0131k bazda y\u00fczde 9,1&#8217;le son 40 y\u0131l\u0131n rekorunu k\u0131rm\u0131\u015ft\u0131. Piyasalar\u0131n g\u00f6z\u00fc ise a\u00e7\u0131klanan enflasyon verilerine \u00e7evrilmi\u015fti.<\/p>\n<p><img loading=\"lazy\" decoding=\"async\" class=\"aligncenter wp-image-33549 size-full\" src=\"https:\/\/adanaseshaber.com.tr\/wp-content\/uploads\/2022\/08\/temmuz-ayi-abd-enflasyon-rakamlari-aciklandi-1.jpg\" alt=\"\" width=\"1280\" height=\"720\" srcset=\"https:\/\/adanaseshaber.com.tr\/wp-content\/uploads\/2022\/08\/temmuz-ayi-abd-enflasyon-rakamlari-aciklandi-1.jpg 1280w, https:\/\/adanaseshaber.com.tr\/wp-content\/uploads\/2022\/08\/temmuz-ayi-abd-enflasyon-rakamlari-aciklandi-1-300x169.jpg 300w, https:\/\/adanaseshaber.com.tr\/wp-content\/uploads\/2022\/08\/temmuz-ayi-abd-enflasyon-rakamlari-aciklandi-1-1024x576.jpg 1024w, https:\/\/adanaseshaber.com.tr\/wp-content\/uploads\/2022\/08\/temmuz-ayi-abd-enflasyon-rakamlari-aciklandi-1-768x432.jpg 768w, https:\/\/adanaseshaber.com.tr\/wp-content\/uploads\/2022\/08\/temmuz-ayi-abd-enflasyon-rakamlari-aciklandi-1-390x220.jpg 390w\" sizes=\"auto, (max-width: 1280px) 100vw, 1280px\" \/><\/p>\n<p><strong>G\u00d6ZLER EYL\u00dcL AYINA \u00c7EVR\u0130LD\u0130<\/strong><\/p>\n<p>Durum de\u011ferlendirmesi yapan analistler ise s\u00f6z konusu veri ile beraber k\u00fcresel bazda volatilitenin olduk\u00e7a artaca\u011f\u0131n\u0131 ve piyasalar\u0131n ABD Merkez Bankas\u0131 FED&#8217;in Eyl\u00fcl ay\u0131nda ataca\u011f\u0131 ad\u0131mlar ile ilgili ipu\u00e7lar\u0131 arayaca\u011f\u0131n\u0131 belirtti. ABD Merkez Bankas\u0131 FED&#8217;in Eyl\u00fcl ay\u0131nda yapaca\u011f\u0131 toplant\u0131da y\u00fczde 65 ihtimalle 75 baz puan faiz art\u0131rmas\u0131 bekleniyor. \u00d6te yandan FED&#8217;in Kas\u0131m ay\u0131nda yap\u0131lacak toplant\u0131da ise y\u00fczde 53 ihtimalle 25 baz puan faiz art\u0131raca\u011f\u0131 tahmin ediliyor.<\/p>\n<p><strong>DOLAR KURU NE DURUMDA?<\/strong><\/p>\n<p>ABD&#8217;de enflasyon rakamlar\u0131n\u0131n a\u00e7\u0131klanmas\u0131n\u0131n ard\u0131ndan g\u00f6zler dolar kuruna \u00e7evrildi. Enflasyon verilerinin a\u00e7\u0131klanmas\u0131n\u0131n ard\u0131ndan dolar 17,93 TL&#8217;den i\u015flem g\u00f6rmeye ba\u015flad\u0131. Ons alt\u0131n ise 1.796 TL&#8217;den i\u015flem g\u00f6r\u00fcyor.<\/p>\n","protected":false},"excerpt":{"rendered":"<p>Piyasalar\u0131n g\u00f6z\u00fcn\u00fc \u00e7evirdi\u011fi ABD enflasyon rakamlar\u0131 a\u00e7\u0131kland\u0131. Temmuz ay\u0131 ABD enflasyon rakamlar\u0131yla ilgili beklenen a\u00e7\u0131klama geldi. ABD\u2019de enflasyon Temmuz ay\u0131nda y\u00fczde 8,5 ile beklentinin alt\u0131nda geriledi. Geride b\u0131rakt\u0131\u011f\u0131m\u0131z ay \u00fclkede a\u00e7\u0131klanan enflasyon y\u00fczde 9,1 ile son 40 y\u0131l\u0131n rekorunu k\u0131rm\u0131\u015ft\u0131. T\u00fcm g\u00f6zler bug\u00fcn a\u00e7\u0131klanacak ABD enflasyon verisine \u00e7evrilmi\u015fti. Beklenen a\u00e7\u0131klama geldi. ABD Temmuz ay\u0131 enflasyon &hellip;<\/p>\n","protected":false},"author":6,"featured_media":33543,"comment_status":"closed","ping_status":"closed","sticky":false,"template":"","format":"standard","meta":{"footnotes":""},"categories":[1],"tags":[],"class_list":["post-33542","post","type-post","status-publish","format-standard","has-post-thumbnail","hentry","category-genel"],"amp_enabled":true,"_links":{"self":[{"href":"https:\/\/adanaseshaber.com.tr\/index.php?rest_route=\/wp\/v2\/posts\/33542","targetHints":{"allow":["GET"]}}],"collection":[{"href":"https:\/\/adanaseshaber.com.tr\/index.php?rest_route=\/wp\/v2\/posts"}],"about":[{"href":"https:\/\/adanaseshaber.com.tr\/index.php?rest_route=\/wp\/v2\/types\/post"}],"author":[{"embeddable":true,"href":"https:\/\/adanaseshaber.com.tr\/index.php?rest_route=\/wp\/v2\/users\/6"}],"replies":[{"embeddable":true,"href":"https:\/\/adanaseshaber.com.tr\/index.php?rest_route=%2Fwp%2Fv2%2Fcomments&post=33542"}],"version-history":[{"count":6,"href":"https:\/\/adanaseshaber.com.tr\/index.php?rest_route=\/wp\/v2\/posts\/33542\/revisions"}],"predecessor-version":[{"id":33550,"href":"https:\/\/adanaseshaber.com.tr\/index.php?rest_route=\/wp\/v2\/posts\/33542\/revisions\/33550"}],"wp:featuredmedia":[{"embeddable":true,"href":"https:\/\/adanaseshaber.com.tr\/index.php?rest_route=\/wp\/v2\/media\/33543"}],"wp:attachment":[{"href":"https:\/\/adanaseshaber.com.tr\/index.php?rest_route=%2Fwp%2Fv2%2Fmedia&parent=33542"}],"wp:term":[{"taxonomy":"category","embeddable":true,"href":"https:\/\/adanaseshaber.com.tr\/index.php?rest_route=%2Fwp%2Fv2%2Fcategories&post=33542"},{"taxonomy":"post_tag","embeddable":true,"href":"https:\/\/adanaseshaber.com.tr\/index.php?rest_route=%2Fwp%2Fv2%2Ftags&post=33542"}],"curies":[{"name":"wp","href":"https:\/\/api.w.org\/{rel}","templated":true}]}}