{"id":33552,"date":"2022-08-10T16:42:13","date_gmt":"2022-08-10T13:42:13","guid":{"rendered":"https:\/\/www.adanaseshaber.com\/?p=33552"},"modified":"2022-08-10T16:47:37","modified_gmt":"2022-08-10T13:47:37","slug":"pence-kilit-operasyonunda-1-asker-sehit-oldu","status":"publish","type":"post","link":"https:\/\/adanaseshaber.com.tr\/?p=33552","title":{"rendered":"Pen\u00e7e Kilit Operasyonu\u2019nda 1 asker \u015fehit oldu"},"content":{"rendered":"<p>Pen\u00e7e-Kilit Operasyonu b\u00f6lgesinden maalesef ac\u0131 bir haber geldi. Ter\u00f6ristler taraf\u0131ndan a\u00e7\u0131lan taciz ate\u015fi sonucunda Piyade Uzman \u00c7avu\u015f Mahsun \u015eim\u015fek\u2019in \u015fehit oldu\u011fu \u00f6\u011frenildi. Milli Savunma Bakanl\u0131\u011f\u0131\u2019ndan yap\u0131lan a\u00e7\u0131klama ile \u015fehit haberi kamuoyuyla payla\u015f\u0131ld\u0131. Bakanl\u0131\u011f\u0131n resmi sosyal medya hesab\u0131ndan yap\u0131lan a\u00e7\u0131klamada ba\u015fsa\u011fl\u0131\u011f\u0131 dilendi. Milli Savunma Bakanl\u0131\u011f\u0131, Pen\u00e7e-Kilit Operasyonu b\u00f6lgesinde 1 askerin \u015fehit oldu\u011fu bilgisini payla\u015ft\u0131. \u015eehit haberini resmi sosyal medya hesab\u0131ndan duyuran Bakanl\u0131k, \u015fehidin ailesi ve yak\u0131nlar\u0131na ba\u015fsa\u011fl\u0131\u011f\u0131 dileklerinde bulundu. D\u00fcn de Pen\u00e7e-Kilit Operasyon b\u00f6lgesinde EYP patlamas\u0131 sonucu 1 asker \u015fehit olmu\u015ftu.<\/p>\n<p><b>M\u0130LL\u0130 SAVUNMA BAKANLI\u011eI&#8217;NDAN A\u00c7IKLAMA<\/b><\/p>\n<p>Milli Savunma Bakanl\u0131\u011f\u0131&#8217;n\u0131n resmi sosyal medya hesab\u0131ndan yap\u0131lan a\u00e7\u0131klamada, &#8216;Kahraman silah arkada\u015f\u0131m\u0131z 10 A\u011fustos 2022 tarihinde \u015fehit olmu\u015ftur. Kahraman \u015fehidimize \u015fahs\u0131m ve Milli Savunma Bakanl\u0131\u011f\u0131 mensuplar\u0131 ad\u0131na Allah&#8217;tan rahmet; kederli ailesine ve asil milletimize ba\u015fsa\u011fl\u0131\u011f\u0131 ve sab\u0131r dilerim. Milli Savunma Bakan\u0131 Hulusi Akar.&#8217; ifadeleri yer ald\u0131.<\/p>\n<p><img loading=\"lazy\" decoding=\"async\" class=\"aligncenter wp-image-33559 size-full\" src=\"https:\/\/adanaseshaber.com.tr\/wp-content\/uploads\/2022\/08\/pence-kilit-operasyonunda-1-asker-sehit-oldu-1.jpg\" alt=\"\" width=\"1280\" height=\"720\" srcset=\"https:\/\/adanaseshaber.com.tr\/wp-content\/uploads\/2022\/08\/pence-kilit-operasyonunda-1-asker-sehit-oldu-1.jpg 1280w, https:\/\/adanaseshaber.com.tr\/wp-content\/uploads\/2022\/08\/pence-kilit-operasyonunda-1-asker-sehit-oldu-1-300x169.jpg 300w, https:\/\/adanaseshaber.com.tr\/wp-content\/uploads\/2022\/08\/pence-kilit-operasyonunda-1-asker-sehit-oldu-1-1024x576.jpg 1024w, https:\/\/adanaseshaber.com.tr\/wp-content\/uploads\/2022\/08\/pence-kilit-operasyonunda-1-asker-sehit-oldu-1-768x432.jpg 768w, https:\/\/adanaseshaber.com.tr\/wp-content\/uploads\/2022\/08\/pence-kilit-operasyonunda-1-asker-sehit-oldu-1-390x220.jpg 390w\" sizes=\"auto, (max-width: 1280px) 100vw, 1280px\" \/><\/p>\n<p><strong>EYP PATLAMASI SONUCU 1 ASKER \u015eEH\u0130T OLMU\u015eTU<\/strong><\/p>\n<p>\u00d6te yandan d\u00fcn de Pen\u00e7e-Kilit Operasyon b\u00f6lgesinde EYP patlamas\u0131 sonucunda yaralanarak G\u00fclhane E\u011fitim Ara\u015ft\u0131rma Hastanesi&#8217;nde tedavi alt\u0131na al\u0131nan Uzman Onba\u015f\u0131 Mustafa Mustafa Demir&#8217;in \u015fehit oldu\u011fu a\u00e7\u0131klanm\u0131\u015ft\u0131.<\/p>\n","protected":false},"excerpt":{"rendered":"<p>Pen\u00e7e-Kilit Operasyonu b\u00f6lgesinden maalesef ac\u0131 bir haber geldi. Ter\u00f6ristler taraf\u0131ndan a\u00e7\u0131lan taciz ate\u015fi sonucunda Piyade Uzman \u00c7avu\u015f Mahsun \u015eim\u015fek\u2019in \u015fehit oldu\u011fu \u00f6\u011frenildi. Milli Savunma Bakanl\u0131\u011f\u0131\u2019ndan yap\u0131lan a\u00e7\u0131klama ile \u015fehit haberi kamuoyuyla payla\u015f\u0131ld\u0131. Bakanl\u0131\u011f\u0131n resmi sosyal medya hesab\u0131ndan yap\u0131lan a\u00e7\u0131klamada ba\u015fsa\u011fl\u0131\u011f\u0131 dilendi. Milli Savunma Bakanl\u0131\u011f\u0131, Pen\u00e7e-Kilit Operasyonu b\u00f6lgesinde 1 askerin \u015fehit oldu\u011fu bilgisini payla\u015ft\u0131. \u015eehit haberini &hellip;<\/p>\n","protected":false},"author":6,"featured_media":33553,"comment_status":"closed","ping_status":"closed","sticky":false,"template":"","format":"standard","meta":{"footnotes":""},"categories":[1],"tags":[],"class_list":["post-33552","post","type-post","status-publish","format-standard","has-post-thumbnail","hentry","category-genel"],"amp_enabled":true,"_links":{"self":[{"href":"https:\/\/adanaseshaber.com.tr\/index.php?rest_route=\/wp\/v2\/posts\/33552","targetHints":{"allow":["GET"]}}],"collection":[{"href":"https:\/\/adanaseshaber.com.tr\/index.php?rest_route=\/wp\/v2\/posts"}],"about":[{"href":"https:\/\/adanaseshaber.com.tr\/index.php?rest_route=\/wp\/v2\/types\/post"}],"author":[{"embeddable":true,"href":"https:\/\/adanaseshaber.com.tr\/index.php?rest_route=\/wp\/v2\/users\/6"}],"replies":[{"embeddable":true,"href":"https:\/\/adanaseshaber.com.tr\/index.php?rest_route=%2Fwp%2Fv2%2Fcomments&post=33552"}],"version-history":[{"count":5,"href":"https:\/\/adanaseshaber.com.tr\/index.php?rest_route=\/wp\/v2\/posts\/33552\/revisions"}],"predecessor-version":[{"id":33556,"href":"https:\/\/adanaseshaber.com.tr\/index.php?rest_route=\/wp\/v2\/posts\/33552\/revisions\/33556"}],"wp:featuredmedia":[{"embeddable":true,"href":"https:\/\/adanaseshaber.com.tr\/index.php?rest_route=\/wp\/v2\/media\/33553"}],"wp:attachment":[{"href":"https:\/\/adanaseshaber.com.tr\/index.php?rest_route=%2Fwp%2Fv2%2Fmedia&parent=33552"}],"wp:term":[{"taxonomy":"category","embeddable":true,"href":"https:\/\/adanaseshaber.com.tr\/index.php?rest_route=%2Fwp%2Fv2%2Fcategories&post=33552"},{"taxonomy":"post_tag","embeddable":true,"href":"https:\/\/adanaseshaber.com.tr\/index.php?rest_route=%2Fwp%2Fv2%2Ftags&post=33552"}],"curies":[{"name":"wp","href":"https:\/\/api.w.org\/{rel}","templated":true}]}}