{"id":33566,"date":"2022-08-10T17:11:42","date_gmt":"2022-08-10T14:11:42","guid":{"rendered":"https:\/\/www.adanaseshaber.com\/?p=33566"},"modified":"2022-08-10T17:11:29","modified_gmt":"2022-08-10T14:11:29","slug":"10-agustos-2014te-ne-oldu-2014-cumhurbaskanligi-secimi-adaylari-kimler","status":"publish","type":"post","link":"https:\/\/adanaseshaber.com.tr\/?p=33566","title":{"rendered":"10 A\u011fustos 2014\u2019te ne oldu? 2014 Cumhurba\u015fkanl\u0131\u011f\u0131 se\u00e7imi adaylar\u0131 kimler?"},"content":{"rendered":"<p>Sosyal medyada g\u00fcndem olan 10 A\u011fustos 2014 ile ilgili ara\u015ft\u0131rmalar devam ediyor. #10A\u011fustos2014 etiketi T\u00fcrkiye g\u00fcndeminde ilk s\u0131ralarda yer al\u0131rken o tarihte neler oldu\u011fu ve hangi geli\u015fmelerin ya\u015fand\u0131\u011f\u0131 merak ediliyor. AK Parti Genel Ba\u015fkan\u0131 Recep Tayyip Erdo\u011fan\u2019\u0131n T\u00fcrkiye\u2019nin 12. Cumhurba\u015fkan\u0131 se\u00e7ilmesi ve 10 A\u011fustos 2014 tarihinde T\u00fcrkiye\u2019de ya\u015fanan geli\u015fmeler g\u00fcn\u00fcn en \u00e7ok ara\u015ft\u0131r\u0131lan konular\u0131n\u0131n ba\u015f\u0131nda geliyor. 10 A\u011fustos 2014 etiketinin g\u00fcndemin en \u00fcst s\u0131ralar\u0131na ta\u015f\u0131nmas\u0131yla ara\u015ft\u0131rmalar yo\u011funla\u015ft\u0131. 10 A\u011fustos 2014 tarihinde T\u00fcrkiye\u2019de ya\u015fanan geli\u015fmeleri merak edenler ara\u015ft\u0131rmalar\u0131na ba\u015flad\u0131. Peki, 10 A\u011fustos 2014\u2019te ne oldu? 2014 Cumhurba\u015fkanl\u0131\u011f\u0131 se\u00e7imi adaylar\u0131 kimler? \u0130\u015fte merak edilen t\u00fcm detaylar\u2026<\/p>\n<p><strong>CUMHURBA\u015eKANI&#8217;NIN HALKOYUYLA SE\u00c7\u0130LD\u0130\u011e\u0130 \u0130LK SE\u00c7\u0130M<\/strong><\/p>\n<p>10 A\u011fustos 2014 tarihinde yap\u0131lan Cumhurba\u015fkanl\u0131\u011f\u0131 se\u00e7imi, T\u00fcrkiye Cumhuriyeti tarihinde Cumhurba\u015fkan\u0131\u2019n\u0131n halkoyuyla se\u00e7ildi\u011fi ilk se\u00e7imdir. 2014 Cumhurba\u015fkanl\u0131\u011f\u0131 se\u00e7iminin ilk turunda yurt i\u00e7i ve yurt d\u0131\u015f\u0131nda kay\u0131tl\u0131 55.692.841 se\u00e7menden 41.283.627\u2019si oyunu kullanmak i\u00e7in sand\u0131k ba\u015f\u0131na gitti. 2014 Cumhurba\u015fkanl\u0131\u011f\u0131 se\u00e7imlerine kat\u0131l\u0131m oran\u0131 y\u00fczde 74,13 olarak a\u00e7\u0131kland\u0131. Recep Tayyip Erdo\u011fan, ald\u0131\u011f\u0131 21.000.143 oyla ge\u00e7erli oylar\u0131n y\u00fczde 51,79\u2019unu elde etti ve T\u00fcrkiye Cumhuriyeti\u2019nin 12. Cumhurba\u015fkan\u0131 se\u00e7ildi.<\/p>\n<p><img loading=\"lazy\" decoding=\"async\" class=\"aligncenter wp-image-33569 size-full\" src=\"https:\/\/adanaseshaber.com.tr\/wp-content\/uploads\/2022\/08\/10-agustos-2014te-ne-oldu-2014-cumhurbaskanligi-secimi-adaylari-kimler-1.jpg\" alt=\"\" width=\"1280\" height=\"720\" srcset=\"https:\/\/adanaseshaber.com.tr\/wp-content\/uploads\/2022\/08\/10-agustos-2014te-ne-oldu-2014-cumhurbaskanligi-secimi-adaylari-kimler-1.jpg 1280w, https:\/\/adanaseshaber.com.tr\/wp-content\/uploads\/2022\/08\/10-agustos-2014te-ne-oldu-2014-cumhurbaskanligi-secimi-adaylari-kimler-1-300x169.jpg 300w, https:\/\/adanaseshaber.com.tr\/wp-content\/uploads\/2022\/08\/10-agustos-2014te-ne-oldu-2014-cumhurbaskanligi-secimi-adaylari-kimler-1-1024x576.jpg 1024w, https:\/\/adanaseshaber.com.tr\/wp-content\/uploads\/2022\/08\/10-agustos-2014te-ne-oldu-2014-cumhurbaskanligi-secimi-adaylari-kimler-1-768x432.jpg 768w, https:\/\/adanaseshaber.com.tr\/wp-content\/uploads\/2022\/08\/10-agustos-2014te-ne-oldu-2014-cumhurbaskanligi-secimi-adaylari-kimler-1-390x220.jpg 390w\" sizes=\"auto, (max-width: 1280px) 100vw, 1280px\" \/><\/p>\n<p><strong>2014 CUMHURBA\u015eKANLI\u011eI SE\u00c7\u0130M\u0130 ADAYLARI<\/strong><\/p>\n<p>10 A\u011fustos 2014 tarihinde ger\u00e7ekle\u015ftirilen Cumhurba\u015fkanl\u0131\u011f\u0131 se\u00e7imlerindeki Cumhurba\u015fkan\u0131 adaylar\u0131 \u015f\u00f6yle;<\/p>\n<p>&#8211; Recep Tayyip Erdo\u011fan<\/p>\n<p>&#8211; Ekmeleddin \u0130hsano\u011flu<\/p>\n<p>&#8211; Selahattin Demirta\u015f<\/p>\n<p>2014 Cumhurba\u015fkanl\u0131\u011f\u0131 se\u00e7imlerinde 21.000.143 oyla y\u00fczde 51,79 oran\u0131nda ald\u0131\u011f\u0131 oyla Recep Tayyip Erdo\u011fan 12. Cumhurba\u015fkan\u0131 se\u00e7ildi. Di\u011fer adaylardan Ekmeleddin \u0130hsano\u011flu, 15.587.720 oyla y\u00fczde 38,44, Selahattin Demirta\u015f ise 3.958.048 oyla y\u00fczde 9,76 oy oran\u0131na ula\u015ft\u0131.<\/p>\n","protected":false},"excerpt":{"rendered":"<p>Sosyal medyada g\u00fcndem olan 10 A\u011fustos 2014 ile ilgili ara\u015ft\u0131rmalar devam ediyor. #10A\u011fustos2014 etiketi T\u00fcrkiye g\u00fcndeminde ilk s\u0131ralarda yer al\u0131rken o tarihte neler oldu\u011fu ve hangi geli\u015fmelerin ya\u015fand\u0131\u011f\u0131 merak ediliyor. AK Parti Genel Ba\u015fkan\u0131 Recep Tayyip Erdo\u011fan\u2019\u0131n T\u00fcrkiye\u2019nin 12. Cumhurba\u015fkan\u0131 se\u00e7ilmesi ve 10 A\u011fustos 2014 tarihinde T\u00fcrkiye\u2019de ya\u015fanan geli\u015fmeler g\u00fcn\u00fcn en \u00e7ok ara\u015ft\u0131r\u0131lan konular\u0131n\u0131n ba\u015f\u0131nda &hellip;<\/p>\n","protected":false},"author":6,"featured_media":33568,"comment_status":"closed","ping_status":"closed","sticky":false,"template":"","format":"standard","meta":{"footnotes":""},"categories":[1],"tags":[],"class_list":["post-33566","post","type-post","status-publish","format-standard","has-post-thumbnail","hentry","category-genel"],"amp_enabled":true,"_links":{"self":[{"href":"https:\/\/adanaseshaber.com.tr\/index.php?rest_route=\/wp\/v2\/posts\/33566","targetHints":{"allow":["GET"]}}],"collection":[{"href":"https:\/\/adanaseshaber.com.tr\/index.php?rest_route=\/wp\/v2\/posts"}],"about":[{"href":"https:\/\/adanaseshaber.com.tr\/index.php?rest_route=\/wp\/v2\/types\/post"}],"author":[{"embeddable":true,"href":"https:\/\/adanaseshaber.com.tr\/index.php?rest_route=\/wp\/v2\/users\/6"}],"replies":[{"embeddable":true,"href":"https:\/\/adanaseshaber.com.tr\/index.php?rest_route=%2Fwp%2Fv2%2Fcomments&post=33566"}],"version-history":[{"count":2,"href":"https:\/\/adanaseshaber.com.tr\/index.php?rest_route=\/wp\/v2\/posts\/33566\/revisions"}],"predecessor-version":[{"id":33572,"href":"https:\/\/adanaseshaber.com.tr\/index.php?rest_route=\/wp\/v2\/posts\/33566\/revisions\/33572"}],"wp:featuredmedia":[{"embeddable":true,"href":"https:\/\/adanaseshaber.com.tr\/index.php?rest_route=\/wp\/v2\/media\/33568"}],"wp:attachment":[{"href":"https:\/\/adanaseshaber.com.tr\/index.php?rest_route=%2Fwp%2Fv2%2Fmedia&parent=33566"}],"wp:term":[{"taxonomy":"category","embeddable":true,"href":"https:\/\/adanaseshaber.com.tr\/index.php?rest_route=%2Fwp%2Fv2%2Fcategories&post=33566"},{"taxonomy":"post_tag","embeddable":true,"href":"https:\/\/adanaseshaber.com.tr\/index.php?rest_route=%2Fwp%2Fv2%2Ftags&post=33566"}],"curies":[{"name":"wp","href":"https:\/\/api.w.org\/{rel}","templated":true}]}}