{"id":33579,"date":"2022-08-10T17:44:55","date_gmt":"2022-08-10T14:44:55","guid":{"rendered":"https:\/\/www.adanaseshaber.com\/?p=33579"},"modified":"2022-08-10T17:45:52","modified_gmt":"2022-08-10T14:45:52","slug":"batuhan-eksi-arka-sokaklar-kadrosunda","status":"publish","type":"post","link":"https:\/\/adanaseshaber.com.tr\/?p=33579","title":{"rendered":"Batuhan Ek\u015fi Arka Sokaklar kadrosunda"},"content":{"rendered":"<p>Kanal D\u2019nin uzun soluklu dizisi Arka Sokaklar\u2019\u0131n yeni sezon haz\u0131rl\u0131klar\u0131 t\u00fcm h\u0131z\u0131yla devam ediyor. 17. sezonuyla izleyicisinin kar\u015f\u0131s\u0131na \u00e7\u0131kmaya haz\u0131rlanan fenomen dizi Arka Sokaklar\u2019\u0131n kadrosuna 5 yeni oyuncu dahil oluyor. Uzun y\u0131llard\u0131r devam eden ve \u00e7ok sevilen dizinin yeni sezonunda yepyeni y\u00fczler ekranda olacak. Yeni sezon merakla beklenirken dizinin kadrosuna dahil olan yeni oyuncularla ilgili de ara\u015ft\u0131rmalar s\u00fcr\u00fcyor. Kanal D\u2019nin sevilen dizisi Arka Sokaklar\u2019\u0131n yeni sezonunda yepyeni isimler kamera kar\u015f\u0131s\u0131na ge\u00e7ecek. Her b\u00f6l\u00fcm\u00fc ayr\u0131 bir heyecanla takip edilen ve severek izlenen Arka Sokaklar, 17. sezonuna haz\u0131rl\u0131k yap\u0131yor. Ekranlar\u0131n en uzun soluklu dizilerinden biri olan Arka Sokaklar\u2019\u0131n kadrosuna 5 yeni oyuncu dahil oldu. Bu oyuncular aras\u0131nda Batuhan Ek\u015fi\u2019nin de yer ald\u0131\u011f\u0131 \u00f6\u011frenildi. Peki, Batuhan Ek\u015fi kimdir? Batuhan Ek\u015fi ka\u00e7 ya\u015f\u0131nda, nereli? \u0130\u015fte t\u00fcm merak edilenler\u2026<\/p>\n<p><strong>ARKA SOKAKLAR\u2019A 5 YEN\u0130 OYUNCU<\/strong><\/p>\n<p>Uzun y\u0131llard\u0131r ekran maceras\u0131na devam eden ba\u015far\u0131l\u0131 dizi Arka Sokaklar\u2019\u0131n yeni sezonuna 5 yeni oyuncu dahil odlu. Arka Sokaklar\u2019\u0131n oyuncu kadrosuna dahil olan oyuncular\u0131n isimleri a\u00e7\u0131kland\u0131. Batuhan Ek\u015fi, Cans\u0131n \u00c7ekili, Cem U\u00e7an, Sebahat Kuma\u015f ve Nuray H\u00fcseynova, dizinin yeni sezonunda izleyici kar\u015f\u0131s\u0131na \u00e7\u0131kacak. Dizi kadrosuna dahil olan Cans\u0131n \u00c7ekili, Komiser Ay\u015fe Ar\u0131can karakterine hayat verecek. Sebahat Kuma\u015f, Komiser Yard\u0131mc\u0131s\u0131 Nurcan olarak izleyiciyle bulu\u015facak. Batuhan Ek\u015fi, Komiser Yavuz Aslan karakterine can verecek. \u00d6te yandan Nuray H\u00fcseynova, Amina, Cem U\u00e7an ise Kadem karakterleriyle dizide rol alacak.<\/p>\n<p><img loading=\"lazy\" decoding=\"async\" class=\"aligncenter wp-image-33584 size-full\" src=\"https:\/\/adanaseshaber.com.tr\/wp-content\/uploads\/2022\/08\/batuhan-eksi-arka-sokaklar-kadrosunda-batuhan-eksi-kimdir-kac-yasinda.jpg\" alt=\"\" width=\"1280\" height=\"720\" srcset=\"https:\/\/adanaseshaber.com.tr\/wp-content\/uploads\/2022\/08\/batuhan-eksi-arka-sokaklar-kadrosunda-batuhan-eksi-kimdir-kac-yasinda.jpg 1280w, https:\/\/adanaseshaber.com.tr\/wp-content\/uploads\/2022\/08\/batuhan-eksi-arka-sokaklar-kadrosunda-batuhan-eksi-kimdir-kac-yasinda-300x169.jpg 300w, https:\/\/adanaseshaber.com.tr\/wp-content\/uploads\/2022\/08\/batuhan-eksi-arka-sokaklar-kadrosunda-batuhan-eksi-kimdir-kac-yasinda-1024x576.jpg 1024w, https:\/\/adanaseshaber.com.tr\/wp-content\/uploads\/2022\/08\/batuhan-eksi-arka-sokaklar-kadrosunda-batuhan-eksi-kimdir-kac-yasinda-768x432.jpg 768w, https:\/\/adanaseshaber.com.tr\/wp-content\/uploads\/2022\/08\/batuhan-eksi-arka-sokaklar-kadrosunda-batuhan-eksi-kimdir-kac-yasinda-390x220.jpg 390w\" sizes=\"auto, (max-width: 1280px) 100vw, 1280px\" \/><\/p>\n<p><strong>BATUHAN EK\u015e\u0130 K\u0130MD\u0130R?<\/strong><\/p>\n<p>13 Ekim 1990 y\u0131l\u0131nda \u0130stanbul\u2019da d\u00fcnyaya gelen oyuncu Batuhan Ek\u015fi, Beykent \u00dcniversitesi G\u00fczel Sanatlar Fak\u00fcltesi Oyunculuk B\u00f6l\u00fcm\u00fc\u2019nden mezun olan Ek\u015fi, ilk oyunculuk deneyimini 2011 y\u0131l\u0131nda Sihirli Annem dizisiyle ya\u015fad\u0131. Dizide \u2018Efecan\u2019 karakterine hayat verdi. 2013 y\u0131l\u0131nda ise Galip Dervi\u015f dizisinde rol ald\u0131. Medcezir dizisinde \u2018Doruk\u2019 karakteriyle sevenlerinin kar\u015f\u0131s\u0131na \u00e7\u0131kt\u0131. 2016 y\u0131l\u0131nda ise Kalbimdeki Deniz dizisinde \u2018Mustafa Tarhan\u00b4 karakteriyle ekranda yer ald\u0131. Oyuncu, Karde\u015f \u00c7ocuklar\u0131, Elimi B\u0131rakma, Yaz\u2019\u0131n \u00d6yk\u00fcs\u00fc, G\u00f6\u00e7 Zaman\u0131 ve Sevmek Zaman\u0131 adl\u0131 dizilerde de rol \u00fcstlenmi\u015ftir. Ek\u015fi, Arka Sokaklar dizisinin yeni sezonunda \u2018Komiser Yavuz Aslan\u2019 karakteriyle izleyici kar\u015f\u0131s\u0131na \u00e7\u0131kacak.<\/p>\n<p>&nbsp;<\/p>\n","protected":false},"excerpt":{"rendered":"<p>Kanal D\u2019nin uzun soluklu dizisi Arka Sokaklar\u2019\u0131n yeni sezon haz\u0131rl\u0131klar\u0131 t\u00fcm h\u0131z\u0131yla devam ediyor. 17. sezonuyla izleyicisinin kar\u015f\u0131s\u0131na \u00e7\u0131kmaya haz\u0131rlanan fenomen dizi Arka Sokaklar\u2019\u0131n kadrosuna 5 yeni oyuncu dahil oluyor. Uzun y\u0131llard\u0131r devam eden ve \u00e7ok sevilen dizinin yeni sezonunda yepyeni y\u00fczler ekranda olacak. Yeni sezon merakla beklenirken dizinin kadrosuna dahil olan yeni oyuncularla ilgili &hellip;<\/p>\n","protected":false},"author":6,"featured_media":33580,"comment_status":"closed","ping_status":"closed","sticky":false,"template":"","format":"standard","meta":{"footnotes":""},"categories":[15431],"tags":[],"class_list":["post-33579","post","type-post","status-publish","format-standard","has-post-thumbnail","hentry","category-medya"],"amp_enabled":true,"_links":{"self":[{"href":"https:\/\/adanaseshaber.com.tr\/index.php?rest_route=\/wp\/v2\/posts\/33579","targetHints":{"allow":["GET"]}}],"collection":[{"href":"https:\/\/adanaseshaber.com.tr\/index.php?rest_route=\/wp\/v2\/posts"}],"about":[{"href":"https:\/\/adanaseshaber.com.tr\/index.php?rest_route=\/wp\/v2\/types\/post"}],"author":[{"embeddable":true,"href":"https:\/\/adanaseshaber.com.tr\/index.php?rest_route=\/wp\/v2\/users\/6"}],"replies":[{"embeddable":true,"href":"https:\/\/adanaseshaber.com.tr\/index.php?rest_route=%2Fwp%2Fv2%2Fcomments&post=33579"}],"version-history":[{"count":4,"href":"https:\/\/adanaseshaber.com.tr\/index.php?rest_route=\/wp\/v2\/posts\/33579\/revisions"}],"predecessor-version":[{"id":33586,"href":"https:\/\/adanaseshaber.com.tr\/index.php?rest_route=\/wp\/v2\/posts\/33579\/revisions\/33586"}],"wp:featuredmedia":[{"embeddable":true,"href":"https:\/\/adanaseshaber.com.tr\/index.php?rest_route=\/wp\/v2\/media\/33580"}],"wp:attachment":[{"href":"https:\/\/adanaseshaber.com.tr\/index.php?rest_route=%2Fwp%2Fv2%2Fmedia&parent=33579"}],"wp:term":[{"taxonomy":"category","embeddable":true,"href":"https:\/\/adanaseshaber.com.tr\/index.php?rest_route=%2Fwp%2Fv2%2Fcategories&post=33579"},{"taxonomy":"post_tag","embeddable":true,"href":"https:\/\/adanaseshaber.com.tr\/index.php?rest_route=%2Fwp%2Fv2%2Ftags&post=33579"}],"curies":[{"name":"wp","href":"https:\/\/api.w.org\/{rel}","templated":true}]}}