{"id":33614,"date":"2022-08-10T19:51:42","date_gmt":"2022-08-10T16:51:42","guid":{"rendered":"https:\/\/www.adanaseshaber.com\/?p=33614"},"modified":"2022-08-10T19:53:28","modified_gmt":"2022-08-10T16:53:28","slug":"balikesir-burhaniye-kaymakamligi-zeytinli-rock-festivaline-izin-vermedi","status":"publish","type":"post","link":"https:\/\/adanaseshaber.com.tr\/?p=33614","title":{"rendered":"Bal\u0131kesir Burhaniye Kaymakaml\u0131\u011f\u0131 Zeytinli Rock Festivali\u2019ne izin vermedi"},"content":{"rendered":"<p>2005 y\u0131l\u0131ndan bu yana Bal\u0131kesir\u2019in Edremit il\u00e7esinde d\u00fczenlenen ve bu y\u0131l Burhaniye\u2019ye ta\u015f\u0131nan Zeytinli Rock Festivali ile ilgili fla\u015f bir geli\u015fme ya\u015fand\u0131. Burhaniye Kaymakaml\u0131\u011f\u0131, Zeytinli Rock Festivali\u2019ne izin vermedi. Festival i\u00e7in 17-21 A\u011fustos 2022 tarihleri d\u00fc\u015f\u00fcn\u00fcl\u00fcyordu. Burhaniye Kaymakaml\u0131\u011f\u0131\u2019n\u0131n bu karar\u0131n\u0131n ard\u0131ndan sosyal medyan\u0131n g\u00fcndemi de Zeytinli Rock Festivali oldu. 17-21 A\u011fustos 2022 tarihleri aras\u0131nda d\u00fczenlenmesi planlanan Zeytinli Rock Festivali i\u00e7in Burhaniye Kaymakaml\u0131\u011f\u0131\u2019ndan izin \u00e7\u0131kmad\u0131. Her y\u0131l Edremit il\u00e7esinde d\u00fczenlenen ve bu y\u0131l Burhaniye\u2019ye ta\u015f\u0131nan organizasyonun ger\u00e7ekle\u015ftirilece\u011fi tarih merakla bekleniyordu. Ancak Burhaniye Kaymakaml\u0131\u011f\u0131\u2019ndan organizasyona izin \u00e7\u0131kmad\u0131. \u0130\u015fte detaylar\u2026<\/p>\n<p><strong>KAYMAKAMLIK \u0130Z\u0130N VERMED\u0130<\/strong><\/p>\n<p>Bal\u0131kesir Burhaniye Kaymakam\u0131 \u0130lyas Memi\u015f, \u2018Milyon Yap\u0131m Organizasyon \u015eirketi\u2019nin yapt\u0131\u011f\u0131 ba\u015fvuruya yan\u0131t verdi. Kaymakam Memi\u015f, \u2018\u0130lgili dilek\u00e7eniz incelenmi\u015f olup Milyon Yap\u0131m Organizasyon Firmas\u0131 olarak 17-21 A\u011fustos tarihlerinde il\u00e7emiz Ali \u00c7etinkaya Mahallesi 2554. Caddesi No: 41 dairesinde bulunan alanda d\u00fczenlemeyi planlad\u0131\u011f\u0131n\u0131z Kampl\u0131 Zeytinli Rock Festivali talebiniz, daha \u00f6nceki y\u0131llarda yak\u0131n b\u00f6lgede d\u00fczenledi\u011finiz Zeytinli Rock Festivalleri\u2019nde ya\u015fanan g\u00fcvenlik, asayi\u015f, trafik, \u00e7evre sorunlar\u0131, ortaya \u00e7\u0131kan bu t\u00fcr istenmeyen durumlar dolay\u0131s\u0131yla vatanda\u015flar\u0131m\u0131z taraf\u0131ndan yap\u0131lan yo\u011fun \u015fikayet ve yak\u0131nmalar g\u00f6z \u00f6n\u00fcne al\u0131narak kamu g\u00fcvenli\u011fi ve sa\u011fl\u0131\u011f\u0131, toplumun huzuru, \u00e7evrenin korunmas\u0131 amac\u0131yla uygun g\u00f6r\u00fclmemi\u015ftir. Bilgilerinize rica ederim.\u2019 ifadeleriyle yan\u0131t verdi.<\/p>\n<p><img loading=\"lazy\" decoding=\"async\" class=\"aligncenter wp-image-33619 size-full\" src=\"https:\/\/adanaseshaber.com.tr\/wp-content\/uploads\/2022\/08\/balikesir-burhaniye-kaymakamligi-zeytinli-rock-festivaline-izin-vermedi-1.jpg\" alt=\"\" width=\"1280\" height=\"720\" srcset=\"https:\/\/adanaseshaber.com.tr\/wp-content\/uploads\/2022\/08\/balikesir-burhaniye-kaymakamligi-zeytinli-rock-festivaline-izin-vermedi-1.jpg 1280w, https:\/\/adanaseshaber.com.tr\/wp-content\/uploads\/2022\/08\/balikesir-burhaniye-kaymakamligi-zeytinli-rock-festivaline-izin-vermedi-1-300x169.jpg 300w, https:\/\/adanaseshaber.com.tr\/wp-content\/uploads\/2022\/08\/balikesir-burhaniye-kaymakamligi-zeytinli-rock-festivaline-izin-vermedi-1-1024x576.jpg 1024w, https:\/\/adanaseshaber.com.tr\/wp-content\/uploads\/2022\/08\/balikesir-burhaniye-kaymakamligi-zeytinli-rock-festivaline-izin-vermedi-1-768x432.jpg 768w, https:\/\/adanaseshaber.com.tr\/wp-content\/uploads\/2022\/08\/balikesir-burhaniye-kaymakamligi-zeytinli-rock-festivaline-izin-vermedi-1-390x220.jpg 390w\" sizes=\"auto, (max-width: 1280px) 100vw, 1280px\" \/><\/p>\n<p><strong>G\u00dcNDEM OLDU<\/strong><\/p>\n<p>Bal\u0131kesir&#8217;in Burhaniye il\u00e7esinde 17-21 A\u011fustos 2022 tarihleri aras\u0131nda d\u00fczenlenmesi planlanan Zeytinli Rpck Festivali&#8217;ne Burhaniye Kaymakaml\u0131\u011f\u0131 taraf\u0131ndan izin verilmemesi sosyal medyan\u0131n g\u00fcndemine yerle\u015fti. Konuyla ilgili binlerce yorum geldi.<\/p>\n<p>&nbsp;<\/p>\n","protected":false},"excerpt":{"rendered":"<p>2005 y\u0131l\u0131ndan bu yana Bal\u0131kesir\u2019in Edremit il\u00e7esinde d\u00fczenlenen ve bu y\u0131l Burhaniye\u2019ye ta\u015f\u0131nan Zeytinli Rock Festivali ile ilgili fla\u015f bir geli\u015fme ya\u015fand\u0131. Burhaniye Kaymakaml\u0131\u011f\u0131, Zeytinli Rock Festivali\u2019ne izin vermedi. Festival i\u00e7in 17-21 A\u011fustos 2022 tarihleri d\u00fc\u015f\u00fcn\u00fcl\u00fcyordu. Burhaniye Kaymakaml\u0131\u011f\u0131\u2019n\u0131n bu karar\u0131n\u0131n ard\u0131ndan sosyal medyan\u0131n g\u00fcndemi de Zeytinli Rock Festivali oldu. 17-21 A\u011fustos 2022 tarihleri aras\u0131nda d\u00fczenlenmesi &hellip;<\/p>\n","protected":false},"author":6,"featured_media":33615,"comment_status":"closed","ping_status":"closed","sticky":false,"template":"","format":"standard","meta":{"footnotes":""},"categories":[1],"tags":[],"class_list":["post-33614","post","type-post","status-publish","format-standard","has-post-thumbnail","hentry","category-genel"],"amp_enabled":true,"_links":{"self":[{"href":"https:\/\/adanaseshaber.com.tr\/index.php?rest_route=\/wp\/v2\/posts\/33614","targetHints":{"allow":["GET"]}}],"collection":[{"href":"https:\/\/adanaseshaber.com.tr\/index.php?rest_route=\/wp\/v2\/posts"}],"about":[{"href":"https:\/\/adanaseshaber.com.tr\/index.php?rest_route=\/wp\/v2\/types\/post"}],"author":[{"embeddable":true,"href":"https:\/\/adanaseshaber.com.tr\/index.php?rest_route=\/wp\/v2\/users\/6"}],"replies":[{"embeddable":true,"href":"https:\/\/adanaseshaber.com.tr\/index.php?rest_route=%2Fwp%2Fv2%2Fcomments&post=33614"}],"version-history":[{"count":4,"href":"https:\/\/adanaseshaber.com.tr\/index.php?rest_route=\/wp\/v2\/posts\/33614\/revisions"}],"predecessor-version":[{"id":33620,"href":"https:\/\/adanaseshaber.com.tr\/index.php?rest_route=\/wp\/v2\/posts\/33614\/revisions\/33620"}],"wp:featuredmedia":[{"embeddable":true,"href":"https:\/\/adanaseshaber.com.tr\/index.php?rest_route=\/wp\/v2\/media\/33615"}],"wp:attachment":[{"href":"https:\/\/adanaseshaber.com.tr\/index.php?rest_route=%2Fwp%2Fv2%2Fmedia&parent=33614"}],"wp:term":[{"taxonomy":"category","embeddable":true,"href":"https:\/\/adanaseshaber.com.tr\/index.php?rest_route=%2Fwp%2Fv2%2Fcategories&post=33614"},{"taxonomy":"post_tag","embeddable":true,"href":"https:\/\/adanaseshaber.com.tr\/index.php?rest_route=%2Fwp%2Fv2%2Ftags&post=33614"}],"curies":[{"name":"wp","href":"https:\/\/api.w.org\/{rel}","templated":true}]}}