{"id":33624,"date":"2022-08-10T22:07:18","date_gmt":"2022-08-10T19:07:18","guid":{"rendered":"https:\/\/www.adanaseshaber.com\/?p=33624"},"modified":"2022-08-10T22:12:32","modified_gmt":"2022-08-10T19:12:32","slug":"afyonkarhisarda-sivil-egitim-ucagi-kocatepe-universitesinin-bahcesine-dustu","status":"publish","type":"post","link":"https:\/\/adanaseshaber.com.tr\/?p=33624","title":{"rendered":"Afyonkarhisar\u2019da sivil e\u011fitim u\u00e7a\u011f\u0131 Kocatepe \u00dcniversitesi\u2019nin bah\u00e7esine d\u00fc\u015ft\u00fc"},"content":{"rendered":"<p>Afyonkarahisa\u2019da g\u00f6rev yapan sivil e\u011fitim u\u00e7a\u011f\u0131n\u0131n Kocatepe \u00dcniversitesi Hayvan \u00c7iftli\u011fi yerle\u015fkesinin i\u00e7erisine d\u00fc\u015ft\u00fc\u011f\u00fc \u00f6\u011frenildi. \u00dcniversite bah\u00e7esine d\u00fc\u015fen sivil e\u011fitim u\u00e7a\u011f\u0131yla ilgili Afyonkarahisar Valili\u011fi\u2019nden a\u00e7\u0131klama geldi. Olayda yaralanan 2 ki\u015finin hastaneye kald\u0131r\u0131larak tedavi alt\u0131na al\u0131nd\u0131\u011f\u0131 bildirildi. Afyon Kocatepe \u00dcniversitesi Hayvan \u00c7iftli\u011fi yerle\u015fkesinin bah\u00e7esine sivil e\u011fitim u\u00e7a\u011f\u0131 d\u00fc\u015ft\u00fc. \u0130hbar \u00fczerine olay yerine ekipler sevk edildi. Al\u0131nan ilk bilgilere g\u00f6re, u\u00e7a\u011f\u0131n i\u00e7inde bulunan 2 ki\u015fi yaral\u0131 olarak ambulanslarla hastaneye sevk edildi. Olayla ilgili Afyonkarahisar Valili\u011fi\u2019nden a\u00e7\u0131klama geldi.<\/p>\n<p><b>E\u011e\u0130T\u0130M U\u00c7A\u011eI \u00dcN\u0130VERS\u0130TE BAH\u00c7ES\u0130NE D\u00dc\u015eT\u00dc<\/b><\/p>\n<p>Afyonkarahisar&#8217;da g\u00f6rev yapan bir sivil e\u011fitim u\u00e7a\u011f\u0131 Kocatepe \u00dcniversitesi Hayvan \u00c7iftli\u011fi yerle\u015fkesinin i\u00e7erisine d\u00fc\u015ft\u00fc. \u0130hbar \u00fczerine olay yerine ekipler y\u00f6nlendirildi. Aktar\u0131lan ilk bilgilere g\u00f6re, u\u00e7a\u011f\u0131n i\u00e7inde bulunan 2 ki\u015fi ambulanslarla hastaneye sevk edildi.<\/p>\n<p><strong>VAL\u0130L\u0130K A\u00c7IKLAMA YAPTI<\/strong><\/p>\n<p>Afyon Kocatepe \u00dcniversitesi Hayvan \u00c7iftli\u011fi yerle\u015fkesinin i\u00e7erisine d\u00fc\u015fen sivil e\u011fitim u\u00e7a\u011f\u0131yla ilgili a\u00e7\u0131klama yapan Afyonkarahisar Valili\u011fi, can kayb\u0131n\u0131n olmad\u0131\u011f\u0131n\u0131 duyurdu. Afyonkarahisar Valili\u011fi&#8217;nden yap\u0131lan a\u00e7\u0131klamada, &#8216;Ak\u015fam saatlerinde Hava Meydan Komutanl\u0131\u011f\u0131&#8217;na ait Cessna 172 tipi e\u011fitim u\u00e7a\u011f\u0131 hen\u00fcz bilinmeyen bir nedenle, Afyon Kocatepe \u00dcniversitesi, E\u011fitim Ara\u015ft\u0131rma ve Uygulama \u00c7iftli\u011fi&#8217;ne d\u00fc\u015fm\u00fc\u015ft\u00fcr. Maddi hasar meydana gelen kazada, herhangi bir can kayb\u0131 olmam\u0131\u015ft\u0131r.&#8217; denildi.<\/p>\n","protected":false},"excerpt":{"rendered":"<p>Afyonkarahisa\u2019da g\u00f6rev yapan sivil e\u011fitim u\u00e7a\u011f\u0131n\u0131n Kocatepe \u00dcniversitesi Hayvan \u00c7iftli\u011fi yerle\u015fkesinin i\u00e7erisine d\u00fc\u015ft\u00fc\u011f\u00fc \u00f6\u011frenildi. \u00dcniversite bah\u00e7esine d\u00fc\u015fen sivil e\u011fitim u\u00e7a\u011f\u0131yla ilgili Afyonkarahisar Valili\u011fi\u2019nden a\u00e7\u0131klama geldi. Olayda yaralanan 2 ki\u015finin hastaneye kald\u0131r\u0131larak tedavi alt\u0131na al\u0131nd\u0131\u011f\u0131 bildirildi. Afyon Kocatepe \u00dcniversitesi Hayvan \u00c7iftli\u011fi yerle\u015fkesinin bah\u00e7esine sivil e\u011fitim u\u00e7a\u011f\u0131 d\u00fc\u015ft\u00fc. \u0130hbar \u00fczerine olay yerine ekipler sevk edildi. Al\u0131nan ilk &hellip;<\/p>\n","protected":false},"author":6,"featured_media":33625,"comment_status":"closed","ping_status":"closed","sticky":false,"template":"","format":"standard","meta":{"footnotes":""},"categories":[1],"tags":[],"class_list":["post-33624","post","type-post","status-publish","format-standard","has-post-thumbnail","hentry","category-genel"],"amp_enabled":true,"_links":{"self":[{"href":"https:\/\/adanaseshaber.com.tr\/index.php?rest_route=\/wp\/v2\/posts\/33624","targetHints":{"allow":["GET"]}}],"collection":[{"href":"https:\/\/adanaseshaber.com.tr\/index.php?rest_route=\/wp\/v2\/posts"}],"about":[{"href":"https:\/\/adanaseshaber.com.tr\/index.php?rest_route=\/wp\/v2\/types\/post"}],"author":[{"embeddable":true,"href":"https:\/\/adanaseshaber.com.tr\/index.php?rest_route=\/wp\/v2\/users\/6"}],"replies":[{"embeddable":true,"href":"https:\/\/adanaseshaber.com.tr\/index.php?rest_route=%2Fwp%2Fv2%2Fcomments&post=33624"}],"version-history":[{"count":4,"href":"https:\/\/adanaseshaber.com.tr\/index.php?rest_route=\/wp\/v2\/posts\/33624\/revisions"}],"predecessor-version":[{"id":33629,"href":"https:\/\/adanaseshaber.com.tr\/index.php?rest_route=\/wp\/v2\/posts\/33624\/revisions\/33629"}],"wp:featuredmedia":[{"embeddable":true,"href":"https:\/\/adanaseshaber.com.tr\/index.php?rest_route=\/wp\/v2\/media\/33625"}],"wp:attachment":[{"href":"https:\/\/adanaseshaber.com.tr\/index.php?rest_route=%2Fwp%2Fv2%2Fmedia&parent=33624"}],"wp:term":[{"taxonomy":"category","embeddable":true,"href":"https:\/\/adanaseshaber.com.tr\/index.php?rest_route=%2Fwp%2Fv2%2Fcategories&post=33624"},{"taxonomy":"post_tag","embeddable":true,"href":"https:\/\/adanaseshaber.com.tr\/index.php?rest_route=%2Fwp%2Fv2%2Ftags&post=33624"}],"curies":[{"name":"wp","href":"https:\/\/api.w.org\/{rel}","templated":true}]}}