{"id":33630,"date":"2022-08-10T22:30:23","date_gmt":"2022-08-10T19:30:23","guid":{"rendered":"https:\/\/www.adanaseshaber.com\/?p=33630"},"modified":"2022-08-10T22:30:31","modified_gmt":"2022-08-10T19:30:31","slug":"galatasarayli-erden-timur-cemaat-liderinin-elini-optu-iddiasi","status":"publish","type":"post","link":"https:\/\/adanaseshaber.com.tr\/?p=33630","title":{"rendered":"Galatasarayl\u0131 Erden Timur cemaat liderinin elini \u00f6pt\u00fc iddias\u0131"},"content":{"rendered":"<p>Galatasaray y\u00f6neticisi Erden Timur\u2019un cemaat liderinin elini \u00f6pt\u00fc\u011f\u00fcne dair iddialar spor man\u015fetlerine bomba gibi d\u00fc\u015ft\u00fc. Eski hakem ve spor yorumcusu olan Ahmet \u00c7akar\u2019\u0131n Erden Timur hakk\u0131ndaki iddias\u0131 g\u00fcndem oldu. Timur\u2019un tarikat toplant\u0131s\u0131na kat\u0131ld\u0131\u011f\u0131 ve liderleri Cemalnur Sargut\u2019un elini \u00f6pt\u00fc\u011f\u00fc iddias\u0131 sosyal medyan\u0131n en \u00e7ok konu\u015fulan konular\u0131nda en \u00fcst s\u0131rada yer ald\u0131. Ahmet \u00c7akar\u2019\u0131n bu iddias\u0131n\u0131n ard\u0131ndan spor man\u015fetlerinde Erden Timur haberleri en \u00fcst s\u0131ralara ta\u015f\u0131nd\u0131. Ahmet \u00c7akar\u2019\u0131n bahsetti\u011fi bulu\u015fman\u0131n g\u00f6r\u00fcnt\u00fcleri ortaya \u00e7\u0131karken s\u00f6z konusu videoda ise Timur ve Sargut\u2019un yan yana durdu\u011fu g\u00f6r\u00fcl\u00fcyor. Sosyal medyada ise Erden Timur hakk\u0131nda \u00e7\u0131kan iddialar tart\u0131\u015f\u0131l\u0131yor. \u0130\u015fte detaylar\u2026<\/p>\n<p><strong>\u2018EL \u00d6PERKEN G\u00d6RD\u00dcM\u2019<\/strong><\/p>\n<p>Eski hakem ve spor yorumcusu Ahmet \u00c7akar, spiker Ertem \u015eener ile sohbet ederken Galatasaray y\u00f6neticisi Erden Timur\u2019la ilgili \u00e7ok konu\u015fulacak bir iddia ortaya att\u0131. \u2018Erden Timur bir projedir\u2019 ifadelerini kullanan \u00c7akar, \u2018Galatasaray\u2019\u0131n bat\u0131ya a\u00e7\u0131lan kap\u0131s\u0131nda \u015fu anda ikinci adam stat\u00fcs\u00fcndeki Erden Timur, Cemalnur han\u0131mefendinin tarikat\u0131nda el \u00f6perken g\u00f6rd\u00fcm\u2019 dedi. Bu anlarla ilgili video oldu\u011funu da s\u00f6yleyen \u00c7akar, \u2018\u00d6zel hayat\u0131d\u0131r kar\u0131\u015famam. Ama bu \u00fclke cemaatlerden \u00e7ok \u00e7ekti. Son 8-10 y\u0131lda neler oldu\u011funu herkes biliyor. Sonu\u00e7lar\u0131n\u0131 g\u00f6r\u00fcyoruz\u2019 ifadelerini kulland\u0131.<\/p>\n<p><strong>G\u00d6R\u00dcNT\u00dcLER ORTAYA \u00c7IKTI<\/strong><\/p>\n<p>Galatasaray y\u00f6neticisi Erden Timur\u2019un Cemalnur Sargut\u2019la yan yana oldu\u011fu g\u00f6r\u00fcnt\u00fcler de k\u0131sa s\u00fcre sonra ortaya \u00e7\u0131kt\u0131. Odatv taraf\u0131ndan yay\u0131nlanan g\u00f6r\u00fcnt\u00fclerde Erden Timur\u2019un Cemalnur Sargut\u2019la yan yana oldu\u011fu g\u00f6r\u00fcn\u00fcyor.<\/p>\n<p><img loading=\"lazy\" decoding=\"async\" class=\"aligncenter wp-image-33632 size-full\" src=\"https:\/\/adanaseshaber.com.tr\/wp-content\/uploads\/2022\/08\/galatasarayli-erden-timur-cemaat-liderinin-elini-optu-iddiasi-1.jpg\" alt=\"\" width=\"1280\" height=\"720\" srcset=\"https:\/\/adanaseshaber.com.tr\/wp-content\/uploads\/2022\/08\/galatasarayli-erden-timur-cemaat-liderinin-elini-optu-iddiasi-1.jpg 1280w, https:\/\/adanaseshaber.com.tr\/wp-content\/uploads\/2022\/08\/galatasarayli-erden-timur-cemaat-liderinin-elini-optu-iddiasi-1-300x169.jpg 300w, https:\/\/adanaseshaber.com.tr\/wp-content\/uploads\/2022\/08\/galatasarayli-erden-timur-cemaat-liderinin-elini-optu-iddiasi-1-1024x576.jpg 1024w, https:\/\/adanaseshaber.com.tr\/wp-content\/uploads\/2022\/08\/galatasarayli-erden-timur-cemaat-liderinin-elini-optu-iddiasi-1-768x432.jpg 768w, https:\/\/adanaseshaber.com.tr\/wp-content\/uploads\/2022\/08\/galatasarayli-erden-timur-cemaat-liderinin-elini-optu-iddiasi-1-390x220.jpg 390w\" sizes=\"auto, (max-width: 1280px) 100vw, 1280px\" \/><\/p>\n<p><strong>SOSYAL MEDYA BUNU KONU\u015eUYOR<\/strong><\/p>\n<p>Galatasarayl\u0131 Erden Timur hakk\u0131nda ortaya at\u0131lan iddialar sosyal medyan\u0131n g\u00fcndemine oturmu\u015ftu. Ahmet \u00c7akar\u2019\u0131n Timur i\u00e7in s\u00f6yledi\u011fi \u2018Cemalnur han\u0131mefendinin tarikat\u0131nda el \u00f6perken g\u00f6rd\u00fcm\u2019 s\u00f6zlerinin ard\u0131ndan g\u00fcndeme bomba gibi d\u00fc\u015fen olayla ilgili \u00e7ok say\u0131da yorum yap\u0131ld\u0131. Erden Timur\u2019un Cemalnur Sargut\u2019la yan yana oldu\u011fu g\u00f6r\u00fcnt\u00fclerin payla\u015f\u0131lmas\u0131n\u0131n ard\u0131ndan konu g\u00fcndemin en \u00fcst s\u0131ralar\u0131na ta\u015f\u0131nd\u0131.<\/p>\n","protected":false},"excerpt":{"rendered":"<p>Galatasaray y\u00f6neticisi Erden Timur\u2019un cemaat liderinin elini \u00f6pt\u00fc\u011f\u00fcne dair iddialar spor man\u015fetlerine bomba gibi d\u00fc\u015ft\u00fc. Eski hakem ve spor yorumcusu olan Ahmet \u00c7akar\u2019\u0131n Erden Timur hakk\u0131ndaki iddias\u0131 g\u00fcndem oldu. Timur\u2019un tarikat toplant\u0131s\u0131na kat\u0131ld\u0131\u011f\u0131 ve liderleri Cemalnur Sargut\u2019un elini \u00f6pt\u00fc\u011f\u00fc iddias\u0131 sosyal medyan\u0131n en \u00e7ok konu\u015fulan konular\u0131nda en \u00fcst s\u0131rada yer ald\u0131. Ahmet \u00c7akar\u2019\u0131n bu iddias\u0131n\u0131n &hellip;<\/p>\n","protected":false},"author":6,"featured_media":33631,"comment_status":"closed","ping_status":"closed","sticky":false,"template":"","format":"standard","meta":{"footnotes":""},"categories":[5],"tags":[],"class_list":["post-33630","post","type-post","status-publish","format-standard","has-post-thumbnail","hentry","category-spor"],"amp_enabled":true,"_links":{"self":[{"href":"https:\/\/adanaseshaber.com.tr\/index.php?rest_route=\/wp\/v2\/posts\/33630","targetHints":{"allow":["GET"]}}],"collection":[{"href":"https:\/\/adanaseshaber.com.tr\/index.php?rest_route=\/wp\/v2\/posts"}],"about":[{"href":"https:\/\/adanaseshaber.com.tr\/index.php?rest_route=\/wp\/v2\/types\/post"}],"author":[{"embeddable":true,"href":"https:\/\/adanaseshaber.com.tr\/index.php?rest_route=\/wp\/v2\/users\/6"}],"replies":[{"embeddable":true,"href":"https:\/\/adanaseshaber.com.tr\/index.php?rest_route=%2Fwp%2Fv2%2Fcomments&post=33630"}],"version-history":[{"count":2,"href":"https:\/\/adanaseshaber.com.tr\/index.php?rest_route=\/wp\/v2\/posts\/33630\/revisions"}],"predecessor-version":[{"id":33634,"href":"https:\/\/adanaseshaber.com.tr\/index.php?rest_route=\/wp\/v2\/posts\/33630\/revisions\/33634"}],"wp:featuredmedia":[{"embeddable":true,"href":"https:\/\/adanaseshaber.com.tr\/index.php?rest_route=\/wp\/v2\/media\/33631"}],"wp:attachment":[{"href":"https:\/\/adanaseshaber.com.tr\/index.php?rest_route=%2Fwp%2Fv2%2Fmedia&parent=33630"}],"wp:term":[{"taxonomy":"category","embeddable":true,"href":"https:\/\/adanaseshaber.com.tr\/index.php?rest_route=%2Fwp%2Fv2%2Fcategories&post=33630"},{"taxonomy":"post_tag","embeddable":true,"href":"https:\/\/adanaseshaber.com.tr\/index.php?rest_route=%2Fwp%2Fv2%2Ftags&post=33630"}],"curies":[{"name":"wp","href":"https:\/\/api.w.org\/{rel}","templated":true}]}}