{"id":33635,"date":"2022-08-10T23:48:02","date_gmt":"2022-08-10T20:48:02","guid":{"rendered":"https:\/\/www.adanaseshaber.com\/?p=33635"},"modified":"2022-08-10T23:48:02","modified_gmt":"2022-08-10T20:48:02","slug":"cemalnur-sargut-erden-timur-olayi-ne-cemalnur-sargut-kimdir-cemalnur-sargut-hangi-tarikata-bagli-mezhebi-nedir","status":"publish","type":"post","link":"https:\/\/adanaseshaber.com.tr\/?p=33635","title":{"rendered":"Cemalnur Sargut Erden Timur olay\u0131 ne? Cemalnur Sargut kimdir? Cemalnur Sargut hangi tarikata ba\u011fl\u0131, mezhebi nedir?"},"content":{"rendered":"<p>Galatasaray y\u00f6neticisi Erden Timur\u2019un bir toplant\u0131da elini \u00f6pt\u00fc\u011f\u00fc iddia edildi\u011fi Cemalnur Sargut ile ilgili ara\u015ft\u0131rmalar devam ediyor. Eski hamek ve spor yorumcusu Ahmet \u00c7akar, Galatasarayl\u0131 Erden Timur\u2019un Cemalnur Sargut\u2019un elini \u00f6pt\u00fc\u011f\u00fcn\u00fc iddia etmi\u015f ve bu anlara ait g\u00f6r\u00fcnt\u00fcleri izledi\u011fini \u00f6ne s\u00fcrm\u00fc\u015ft\u00fc. \u00c7akar\u2019\u0131n bu iddialar\u0131n\u0131n ard\u0131ndan Cemalnur Sargut ile ilgili merak edilen detaylar yo\u011fun bir \u015fekilde ara\u015ft\u0131r\u0131lmaya ba\u015fland\u0131. Galatasaray y\u00f6neticisi Erden Timur\u2019un cemaat liderinin toplant\u0131s\u0131nda Cemalnur Sargut\u2019un elini \u00f6pt\u00fc\u011f\u00fc anlara ait g\u00f6r\u00fcnt\u00fcleri izledi\u011fini iddia eden Ahmet \u00c7akar, bu iddiay\u0131 k\u0131sa s\u00fcrede g\u00fcndeme ta\u015f\u0131d\u0131. S\u00f6z konusu iddian\u0131n ard\u0131ndan Cemalnur Sargut hakk\u0131ndaki t\u00fcm detaylar ara\u015ft\u0131r\u0131lmaya ba\u015fland\u0131. Peki, Cemalnur Sargut kimdir? Cemalnur sargut ka\u00e7 ya\u015f\u0131nda, nereli? Cemalnur Sargut hangi tarikata ba\u011fl\u0131? Cemalnur Sargut\u2019\u0131n mezhebi nedir? \u0130\u015fte t\u00fcm merak edilenler\u2026<\/p>\n<p><strong>ERDEN T\u0130MUR OLAYI<\/strong><\/p>\n<p>Eski hakem ve spor yorumcusu Ahmet \u00c7akar, Galatasaray y\u00f6neticisi Erden Timur\u2019un cemaat liderinin toplant\u0131s\u0131nda Cemalnur Sargut\u2019un elini \u00f6pt\u00fc\u011f\u00fcn\u00fc iddia etti. Timur\u2019un Sargut\u2019un elini \u00f6pt\u00fc\u011f\u00fc videoyu izledi\u011fini \u00f6ne s\u00fcren \u00c7akar, \u2018Erden Timur bir projedir. Galatasaray\u2019\u0131n bat\u0131ya a\u00e7\u0131lan kap\u0131s\u0131nda \u015fu anda ikinci adam stat\u00fcs\u00fcndeki Erden Timur, Cemalnur han\u0131mefendinin tarikat\u0131nda el \u00f6perken g\u00f6rd\u00fcm. Videosu var. \u00d6zel hayat\u0131d\u0131r kar\u0131\u015famam. Ama bu \u00fclke cemaatlerden \u00e7ok \u00e7ekti. Son 8-10 y\u0131lda neler oldu\u011funu herkes biliyor. Sonu\u00e7lar\u0131n\u0131 g\u00f6r\u00fcyoruz.\u2019 ifadelerini kulland\u0131. Ahmet \u00c7akar\u2019\u0131n bu iddialar\u0131n\u0131n ard\u0131ndan Odatv, Galatasaray y\u00f6neticisi Erden Timur\u2019un Cemalnur Sargut\u2019la yan yana oldu\u011fu g\u00f6r\u00fcnt\u00fclere ula\u015ft\u0131. Odatv taraf\u0131ndan payla\u015f\u0131lan g\u00f6r\u00fcnt\u00fclerde Galatasarayl\u0131 Erden Timur\u2019un T\u00fcrk mutasavv\u0131f ve \u0130slam Alimi olarak tan\u0131nan Kenan R\u0131fai\u2019nin olu\u015fturdu\u011fu R\u0131fai cemaatinin kad\u0131n lideri Cemalnur Sargut\u2019la yan yana oldu\u011fu g\u00f6r\u00fcl\u00fcyor.<\/p>\n<p><strong>CEMALNUR SARGUT K\u0130MD\u0130R?<\/strong><\/p>\n<p>3 Kas\u0131m 1952 y\u0131l\u0131nda \u0130stanbul\u2019da d\u00fcnyaya gelen Cemalnur Sargut, Kimya M\u00fchendisli\u011fi dal\u0131nda e\u011fitimini tamamlad\u0131. Gen\u00e7li\u011finde felsefeye ilgi duyan Sargut, b\u00fcy\u00fck felsefecilerin hayat\u0131n\u0131 inceledi ve bu ilmin ya\u015fanamayan bir ilim oldu\u011funa kanaat getirdi. Ard\u0131ndan \u0130slam\u2019a ve tasavvufa y\u00f6neldi. Samiha Ayverdi\u2019nin yak\u0131n \u00e7evresinde Kur\u2019an ve Mesnevi \u00e7al\u0131\u015fmalar\u0131na ba\u015flayan Sargut, Mevlana Celaleddin-i Rumi, \u0130bn-i Arabi, Abd\u00fclkadir Geylani, Niyazi-i M\u0131sri, Abdulkerim el-Cili, \u015eems-i Tebrizi ve Sultan Veled gibi b\u00fcy\u00fck mutasavv\u0131flar\u0131n yorumlar\u0131yla Kur\u2019an surelerini a\u00e7\u0131klayan eserler yazd\u0131. Bunun yan\u0131 s\u0131ra halka a\u00e7\u0131k \u2018Mesnevi\u2019, \u2018Tasavvuf\u2019 ve \u2018F\u00fcsusu\u2019l Hikem\u2019 dersleri ve sohbetleri yapmaya ba\u015flad\u0131. Cemalnur Sargut, tasavvuf ilmine vak\u0131ft\u0131r.<\/p>\n<p><img loading=\"lazy\" decoding=\"async\" class=\"aligncenter wp-image-33637 size-full\" src=\"https:\/\/adanaseshaber.com.tr\/wp-content\/uploads\/2022\/08\/cemalnur-sargut-erden-timur-olayi-ne-cemalnur-sargut-kimdir-cemalnur-sargut-hangi-tarikata-bagli-mezhebi-nedir-1.jpg\" alt=\"\" width=\"1280\" height=\"720\" srcset=\"https:\/\/adanaseshaber.com.tr\/wp-content\/uploads\/2022\/08\/cemalnur-sargut-erden-timur-olayi-ne-cemalnur-sargut-kimdir-cemalnur-sargut-hangi-tarikata-bagli-mezhebi-nedir-1.jpg 1280w, https:\/\/adanaseshaber.com.tr\/wp-content\/uploads\/2022\/08\/cemalnur-sargut-erden-timur-olayi-ne-cemalnur-sargut-kimdir-cemalnur-sargut-hangi-tarikata-bagli-mezhebi-nedir-1-300x169.jpg 300w, https:\/\/adanaseshaber.com.tr\/wp-content\/uploads\/2022\/08\/cemalnur-sargut-erden-timur-olayi-ne-cemalnur-sargut-kimdir-cemalnur-sargut-hangi-tarikata-bagli-mezhebi-nedir-1-1024x576.jpg 1024w, https:\/\/adanaseshaber.com.tr\/wp-content\/uploads\/2022\/08\/cemalnur-sargut-erden-timur-olayi-ne-cemalnur-sargut-kimdir-cemalnur-sargut-hangi-tarikata-bagli-mezhebi-nedir-1-768x432.jpg 768w, https:\/\/adanaseshaber.com.tr\/wp-content\/uploads\/2022\/08\/cemalnur-sargut-erden-timur-olayi-ne-cemalnur-sargut-kimdir-cemalnur-sargut-hangi-tarikata-bagli-mezhebi-nedir-1-390x220.jpg 390w\" sizes=\"auto, (max-width: 1280px) 100vw, 1280px\" \/><\/p>\n<p><strong>KENAN RIFA\u0130 K\u0130MD\u0130R?<\/strong><\/p>\n<p>1867 y\u0131l\u0131nda d\u00fcnyaya gelen Kenan R\u0131fai B\u00fcy\u00fckaksoy, 20. y\u00fczy\u0131l\u0131n ilk yar\u0131s\u0131nda ya\u015fam\u0131\u015f \u0130slam alimleri aras\u0131nda \u00e7ok \u00f6nemli bir yeri olan bir mutasavv\u0131ft\u0131r. Kenan Rifai, \u0130slamiyet\u2019in ilk tarikatlar\u0131ndan biri olan R\u0131faiyye\u2019nin \u0130stanbul kanad\u0131n\u0131 kurmu\u015ftur. Tarikat\u0131n g\u00f6r\u00fc\u015flerini yirminci y\u00fczy\u0131l\u0131n modern hayat \u015fartlar\u0131na g\u00f6re yorumlam\u0131\u015f ve 1908-1925 y\u0131llar\u0131 aras\u0131nda tarikat\u0131n\u0131 olu\u015fturmu\u015ftur. R\u0131fai, T\u00fcrkiye\u2019de \u00e7ok say\u0131da yazar, sanat\u00e7\u0131 ve edebiyat\u00e7\u0131y\u0131 etkilemi\u015f ve 1925 y\u0131l\u0131nda tekke ve zaviyelerin yasaklanmas\u0131n\u0131 \u2018Hakk\u0131n tasarrufu\u2019 olarak yorumlam\u0131\u015ft\u0131r. Kenan R\u0131fai, 1950 y\u0131l\u0131nda vefat etmi\u015ftir.<\/p>\n","protected":false},"excerpt":{"rendered":"<p>Galatasaray y\u00f6neticisi Erden Timur\u2019un bir toplant\u0131da elini \u00f6pt\u00fc\u011f\u00fc iddia edildi\u011fi Cemalnur Sargut ile ilgili ara\u015ft\u0131rmalar devam ediyor. Eski hamek ve spor yorumcusu Ahmet \u00c7akar, Galatasarayl\u0131 Erden Timur\u2019un Cemalnur Sargut\u2019un elini \u00f6pt\u00fc\u011f\u00fcn\u00fc iddia etmi\u015f ve bu anlara ait g\u00f6r\u00fcnt\u00fcleri izledi\u011fini \u00f6ne s\u00fcrm\u00fc\u015ft\u00fc. \u00c7akar\u2019\u0131n bu iddialar\u0131n\u0131n ard\u0131ndan Cemalnur Sargut ile ilgili merak edilen detaylar yo\u011fun bir \u015fekilde &hellip;<\/p>\n","protected":false},"author":6,"featured_media":33636,"comment_status":"closed","ping_status":"closed","sticky":false,"template":"","format":"standard","meta":{"footnotes":""},"categories":[1],"tags":[],"class_list":["post-33635","post","type-post","status-publish","format-standard","has-post-thumbnail","hentry","category-genel"],"amp_enabled":true,"_links":{"self":[{"href":"https:\/\/adanaseshaber.com.tr\/index.php?rest_route=\/wp\/v2\/posts\/33635","targetHints":{"allow":["GET"]}}],"collection":[{"href":"https:\/\/adanaseshaber.com.tr\/index.php?rest_route=\/wp\/v2\/posts"}],"about":[{"href":"https:\/\/adanaseshaber.com.tr\/index.php?rest_route=\/wp\/v2\/types\/post"}],"author":[{"embeddable":true,"href":"https:\/\/adanaseshaber.com.tr\/index.php?rest_route=\/wp\/v2\/users\/6"}],"replies":[{"embeddable":true,"href":"https:\/\/adanaseshaber.com.tr\/index.php?rest_route=%2Fwp%2Fv2%2Fcomments&post=33635"}],"version-history":[{"count":1,"href":"https:\/\/adanaseshaber.com.tr\/index.php?rest_route=\/wp\/v2\/posts\/33635\/revisions"}],"predecessor-version":[{"id":33638,"href":"https:\/\/adanaseshaber.com.tr\/index.php?rest_route=\/wp\/v2\/posts\/33635\/revisions\/33638"}],"wp:featuredmedia":[{"embeddable":true,"href":"https:\/\/adanaseshaber.com.tr\/index.php?rest_route=\/wp\/v2\/media\/33636"}],"wp:attachment":[{"href":"https:\/\/adanaseshaber.com.tr\/index.php?rest_route=%2Fwp%2Fv2%2Fmedia&parent=33635"}],"wp:term":[{"taxonomy":"category","embeddable":true,"href":"https:\/\/adanaseshaber.com.tr\/index.php?rest_route=%2Fwp%2Fv2%2Fcategories&post=33635"},{"taxonomy":"post_tag","embeddable":true,"href":"https:\/\/adanaseshaber.com.tr\/index.php?rest_route=%2Fwp%2Fv2%2Ftags&post=33635"}],"curies":[{"name":"wp","href":"https:\/\/api.w.org\/{rel}","templated":true}]}}