{"id":33639,"date":"2022-08-11T00:14:46","date_gmt":"2022-08-10T21:14:46","guid":{"rendered":"https:\/\/www.adanaseshaber.com\/?p=33639"},"modified":"2022-08-11T00:15:46","modified_gmt":"2022-08-10T21:15:46","slug":"norm-ender-ve-demet-akalin-birbirine-girdi-kavgaya-dahil-olan-okan-kurtu-zor-tuttular","status":"publish","type":"post","link":"https:\/\/adanaseshaber.com.tr\/?p=33639","title":{"rendered":"Norm Ender ve Demet Akal\u0131n birbirine girdi! Kavgaya dahil olan Okan Kurt&#8217;u zor tuttular"},"content":{"rendered":"<p>\u00dcnl\u00fc pop\u00e7u Demet Akal\u0131n\u2019\u0131n sahne ald\u0131\u011f\u0131 bir mekanda garsonun ba\u015f\u0131ndan a\u015fa\u011f\u0131 i\u00e7ki d\u00f6kmesi magazin g\u00fcndemine bomba gibi d\u00fc\u015fm\u00fc\u015f ve \u00fcnl\u00fc isimler ba\u015fta olmak \u00fczere \u00e7ok say\u0131da ki\u015finin tepkisini \u00e7ekmi\u015fti. Demet Akal\u0131n\u2019\u0131n bu hareketine tepki g\u00f6steren \u00fcnl\u00fc isimlerden biri de Norm Ender oldu. Demet Akal\u0131n\u2019\u0131n bu hareketine sinirlenen Norm Ender, \u00fcnl\u00fc \u015fark\u0131c\u0131ya a\u011f\u0131r s\u00f6zlerle y\u00fcklendi. Norm Ender, verdi\u011fi konser s\u0131ras\u0131nda sahneye i\u00e7ki getirilmesini istedi ve kendisine getirilen i\u00e7ece\u011fi be\u011fenmedi\u011fini s\u00f6yleyerek Demet Akal\u0131n\u2019a \u00e7ok sert ele\u015ftirilerde bulundu. \u0130\u00e7ece\u011fi be\u011fenmedi\u011fini s\u00f6yleyerek \u2018Kafandan a\u015fa\u011f\u0131 d\u00f6keyim mi?\u2019 s\u00f6zleriyle tak\u0131lan Norm Ender, Akal\u0131n\u2019a g\u00f6nderme yaparak \u00fcnl\u00fc pop\u00e7uya y\u00fcklendi.<\/p>\n<p><strong>GARSONUN KAFASINDAN A\u015eA\u011eI \u0130\u00c7K\u0130 D\u00d6KM\u00dc\u015eT\u00dc<\/strong><\/p>\n<p>\u00dcnl\u00fc \u015fark\u0131c\u0131 Demet Akal\u0131n, Bodrum\u2019da sahne ald\u0131\u011f\u0131 bir mekanda tepki \u00e7eken bir harekete imza atm\u0131\u015ft\u0131. Ge\u00e7ti\u011fimiz g\u00fcnlerde sahne ald\u0131\u011f\u0131 bir mekanda kendisine getirilen i\u00e7kiyi be\u011fenmeyen Akal\u0131n, \u2018Resmen elma suyu vermi\u015fsin bana\u2019 diyerek elindeki i\u00e7kiyi garsonun kafas\u0131ndan a\u015fa\u011f\u0131 d\u00f6km\u00fc\u015ft\u00fc. Demet Akal\u0131n\u2019\u0131n bu hareketi \u00e7ok say\u0131da tepki alm\u0131\u015ft\u0131.<\/p>\n<p><img loading=\"lazy\" decoding=\"async\" class=\"aligncenter wp-image-33644 size-full\" src=\"https:\/\/adanaseshaber.com.tr\/wp-content\/uploads\/2022\/08\/norm-ender-ve-demet-akalin-birbirine-girdi-kavgaya-dahil-olan-okan-kurtu-zor-tuttular-2.jpg\" alt=\"\" width=\"1280\" height=\"720\" srcset=\"https:\/\/adanaseshaber.com.tr\/wp-content\/uploads\/2022\/08\/norm-ender-ve-demet-akalin-birbirine-girdi-kavgaya-dahil-olan-okan-kurtu-zor-tuttular-2.jpg 1280w, https:\/\/adanaseshaber.com.tr\/wp-content\/uploads\/2022\/08\/norm-ender-ve-demet-akalin-birbirine-girdi-kavgaya-dahil-olan-okan-kurtu-zor-tuttular-2-300x169.jpg 300w, https:\/\/adanaseshaber.com.tr\/wp-content\/uploads\/2022\/08\/norm-ender-ve-demet-akalin-birbirine-girdi-kavgaya-dahil-olan-okan-kurtu-zor-tuttular-2-1024x576.jpg 1024w, https:\/\/adanaseshaber.com.tr\/wp-content\/uploads\/2022\/08\/norm-ender-ve-demet-akalin-birbirine-girdi-kavgaya-dahil-olan-okan-kurtu-zor-tuttular-2-768x432.jpg 768w, https:\/\/adanaseshaber.com.tr\/wp-content\/uploads\/2022\/08\/norm-ender-ve-demet-akalin-birbirine-girdi-kavgaya-dahil-olan-okan-kurtu-zor-tuttular-2-390x220.jpg 390w\" sizes=\"auto, (max-width: 1280px) 100vw, 1280px\" \/><\/p>\n<p><strong>\u2018\u00c7APTAN D\u00dc\u015eM\u00dc\u015e POP\u00c7U\u2019<\/strong><\/p>\n<p>\u00dcnl\u00fc \u015fark\u0131c\u0131 Demet Akal\u0131n\u2019\u0131n sahnesinde kendisine getirilen i\u00e7kiyi be\u011fenmeyerek garsonun ba\u015f\u0131ndan a\u015fa\u011f\u0131 d\u00f6kmesine \u00fcnl\u00fc isimlerden de tepki gelmi\u015fti. \u00c7ok say\u0131da \u00fcnl\u00fc sanat\u00e7\u0131 bu harekete tepkisini dile getirmi\u015fti. Akal\u0131n\u2019a tepki g\u00f6steren isimlerden biri de \u00fcnl\u00fc rap\u00e7i Norm ender oldu. Konser s\u0131ras\u0131nda sahneye i\u00e7ki getirilmesini isteyen Norm Ender, getirilen i\u00e7ece\u011fi be\u011fenmedi\u011fini s\u00f6yledi ve \u2018Kafandan a\u015fa\u011f\u0131 d\u00f6keyim mi?\u2019 diyerek tak\u0131ld\u0131. Sahnede asla b\u00f6yle bir \u015fey yapmayaca\u011f\u0131n\u0131 s\u00f6yleyen Norm Ender, \u2018Sahnede asla b\u00f6yle bir \u015fey yapmad\u0131m, yapmam da. Bunu ancak \u00e7aptan d\u00fc\u015fm\u00fc\u015f, modas\u0131 ge\u00e7mi\u015f bir pop\u00e7u yapar arkada\u015flar\u2019 diyerek Akal\u0131n\u2019a y\u00fcklendi.<\/p>\n<p><strong>S\u0130NAN AK\u00c7IL\u2019DAN TEPK\u0130 GELD\u0130<\/strong><\/p>\n<p>Norm Ender\u2019in sahnedeki anlar\u0131 sosyal medya \u00fczerinde h\u0131zla yay\u0131l\u0131rken s\u00f6z konusu g\u00f6r\u00fcnt\u00fcleri g\u00f6ren \u00fcnl\u00fc \u015fark\u0131c\u0131 Sinan Ak\u00e7\u0131l, \u2018Bu \u015fekilde magazin kasmaya, g\u00fcndeme gelmeye \u00e7al\u0131\u015fanlara ne deniyor peki karde\u015fim benim?\u2019 yorumunu yapt\u0131.<\/p>\n<p><img loading=\"lazy\" decoding=\"async\" class=\"aligncenter wp-image-33641 size-full\" src=\"https:\/\/adanaseshaber.com.tr\/wp-content\/uploads\/2022\/08\/norm-ender-ve-demet-akalin-birbirine-girdi-kavgaya-dahil-olan-okan-kurtu-zor-tuttular-1.jpg\" alt=\"\" width=\"1280\" height=\"720\" srcset=\"https:\/\/adanaseshaber.com.tr\/wp-content\/uploads\/2022\/08\/norm-ender-ve-demet-akalin-birbirine-girdi-kavgaya-dahil-olan-okan-kurtu-zor-tuttular-1.jpg 1280w, https:\/\/adanaseshaber.com.tr\/wp-content\/uploads\/2022\/08\/norm-ender-ve-demet-akalin-birbirine-girdi-kavgaya-dahil-olan-okan-kurtu-zor-tuttular-1-300x169.jpg 300w, https:\/\/adanaseshaber.com.tr\/wp-content\/uploads\/2022\/08\/norm-ender-ve-demet-akalin-birbirine-girdi-kavgaya-dahil-olan-okan-kurtu-zor-tuttular-1-1024x576.jpg 1024w, https:\/\/adanaseshaber.com.tr\/wp-content\/uploads\/2022\/08\/norm-ender-ve-demet-akalin-birbirine-girdi-kavgaya-dahil-olan-okan-kurtu-zor-tuttular-1-768x432.jpg 768w, https:\/\/adanaseshaber.com.tr\/wp-content\/uploads\/2022\/08\/norm-ender-ve-demet-akalin-birbirine-girdi-kavgaya-dahil-olan-okan-kurtu-zor-tuttular-1-390x220.jpg 390w\" sizes=\"auto, (max-width: 1280px) 100vw, 1280px\" \/><\/p>\n<p><strong>\u2018OKAN \u00c7OK S\u0130N\u0130RLEND\u0130\u2019<\/strong><\/p>\n<p>\u00dcnl\u00fc rap\u00e7i Norm Ender\u2019in kendisine kar\u015f\u0131 a\u011f\u0131r ele\u015ftiride bulunmas\u0131 ile ilgili sessizli\u011fini bozan Demet Akal\u0131n, \u2018Okan\u2019\u0131 zor tuttuk. \u00c7ok sinirlendi. Bu tarz konu\u015famaz. Kimseyle sorunumuz yok. Lin\u00e7 k\u00fclt\u00fcr\u00fcnden vazge\u00e7mek laz\u0131m.\u2019 dedi.<\/p>\n<p>&nbsp;<\/p>\n","protected":false},"excerpt":{"rendered":"<p>\u00dcnl\u00fc pop\u00e7u Demet Akal\u0131n\u2019\u0131n sahne ald\u0131\u011f\u0131 bir mekanda garsonun ba\u015f\u0131ndan a\u015fa\u011f\u0131 i\u00e7ki d\u00f6kmesi magazin g\u00fcndemine bomba gibi d\u00fc\u015fm\u00fc\u015f ve \u00fcnl\u00fc isimler ba\u015fta olmak \u00fczere \u00e7ok say\u0131da ki\u015finin tepkisini \u00e7ekmi\u015fti. Demet Akal\u0131n\u2019\u0131n bu hareketine tepki g\u00f6steren \u00fcnl\u00fc isimlerden biri de Norm Ender oldu. Demet Akal\u0131n\u2019\u0131n bu hareketine sinirlenen Norm Ender, \u00fcnl\u00fc \u015fark\u0131c\u0131ya a\u011f\u0131r s\u00f6zlerle y\u00fcklendi. Norm &hellip;<\/p>\n","protected":false},"author":6,"featured_media":33640,"comment_status":"closed","ping_status":"closed","sticky":false,"template":"","format":"standard","meta":{"footnotes":""},"categories":[1],"tags":[],"class_list":["post-33639","post","type-post","status-publish","format-standard","has-post-thumbnail","hentry","category-genel"],"amp_enabled":true,"_links":{"self":[{"href":"https:\/\/adanaseshaber.com.tr\/index.php?rest_route=\/wp\/v2\/posts\/33639","targetHints":{"allow":["GET"]}}],"collection":[{"href":"https:\/\/adanaseshaber.com.tr\/index.php?rest_route=\/wp\/v2\/posts"}],"about":[{"href":"https:\/\/adanaseshaber.com.tr\/index.php?rest_route=\/wp\/v2\/types\/post"}],"author":[{"embeddable":true,"href":"https:\/\/adanaseshaber.com.tr\/index.php?rest_route=\/wp\/v2\/users\/6"}],"replies":[{"embeddable":true,"href":"https:\/\/adanaseshaber.com.tr\/index.php?rest_route=%2Fwp%2Fv2%2Fcomments&post=33639"}],"version-history":[{"count":3,"href":"https:\/\/adanaseshaber.com.tr\/index.php?rest_route=\/wp\/v2\/posts\/33639\/revisions"}],"predecessor-version":[{"id":33645,"href":"https:\/\/adanaseshaber.com.tr\/index.php?rest_route=\/wp\/v2\/posts\/33639\/revisions\/33645"}],"wp:featuredmedia":[{"embeddable":true,"href":"https:\/\/adanaseshaber.com.tr\/index.php?rest_route=\/wp\/v2\/media\/33640"}],"wp:attachment":[{"href":"https:\/\/adanaseshaber.com.tr\/index.php?rest_route=%2Fwp%2Fv2%2Fmedia&parent=33639"}],"wp:term":[{"taxonomy":"category","embeddable":true,"href":"https:\/\/adanaseshaber.com.tr\/index.php?rest_route=%2Fwp%2Fv2%2Fcategories&post=33639"},{"taxonomy":"post_tag","embeddable":true,"href":"https:\/\/adanaseshaber.com.tr\/index.php?rest_route=%2Fwp%2Fv2%2Ftags&post=33639"}],"curies":[{"name":"wp","href":"https:\/\/api.w.org\/{rel}","templated":true}]}}