{"id":33673,"date":"2022-08-11T11:58:27","date_gmt":"2022-08-11T08:58:27","guid":{"rendered":"https:\/\/www.adanaseshaber.com\/?p=33673"},"modified":"2022-08-11T11:59:04","modified_gmt":"2022-08-11T08:59:04","slug":"kim-milyoner-olmak-ister-eren-bulbul-sorusunu-bilemeyen-yarismaciya-sunucudan-duygulandiran-konusma","status":"publish","type":"post","link":"https:\/\/adanaseshaber.com.tr\/?p=33673","title":{"rendered":"Kim Milyoner Olmak \u0130ster Eren B\u00fclb\u00fcl sorusunu bilemeyen yar\u0131\u015fmac\u0131ya sunucudan duyguland\u0131ran konu\u015fma"},"content":{"rendered":"<p>ATV ekranlar\u0131nda yay\u0131nlanan Kim Milyoner Olmak \u0130ster yar\u0131\u015fmas\u0131nda sorulan Eren B\u00fclb\u00fcl sorusu herkesi duyguland\u0131rd\u0131. PKK\u2019l\u0131 ter\u00f6ristler taraf\u0131ndan \u015fehit edilen Eren B\u00fclb\u00fcl sorusunu bilemeyen yar\u0131\u015fmac\u0131ya sunucu Kenan \u0130mirzal\u0131o\u011flu\u2019ndan yan\u0131t geldi. Yar\u0131\u015fmac\u0131n\u0131n soruya yanl\u0131\u015f cevap vermesi \u00fczerine konu\u015fan sunucu \u0130mirzal\u0131o\u011flu, yapt\u0131\u011f\u0131 konu\u015fmayla herkesi duyguland\u0131rd\u0131. Ekranlar\u0131n en \u00e7ok izlenen yar\u0131\u015fma programlar\u0131ndan biri olan Kim Milyoner Olmak \u0130ster\u2019e kat\u0131lan bir yar\u0131\u015fmac\u0131n\u0131n Eren B\u00fclb\u00fcl sorusuna yanl\u0131\u015f cevap vermesi \u00fczerine sunucu Kenan \u0130mirzal\u0131o\u011flu\u2019ndan duyguland\u0131ran bir yorum geldi. \u0130mirzal\u0131o\u011flu, \u2018Maalesef 15 ya\u015f\u0131nda o cana k\u0131yd\u0131lar. Hepimizin kalbini yakt\u0131lar. Ay\u015fe annemiz bilsin ki o B\u00fct\u00fcn T\u00fcrkiye\u2019nin evlad\u0131.\u2019 dedi.<\/p>\n<p><strong>\u015eEH\u0130T EREN B\u00dcLB\u00dcL \u0130LE \u0130LG\u0130L\u0130 SORUYA YANLI\u015e CEVAP VERD\u0130<\/strong><\/p>\n<p>Kim Milyoner Olmak \u0130ster\u2019in ekrana gelen son b\u00f6l\u00fcm\u00fcnde bir yar\u0131\u015fmac\u0131ya 100 bin TL\u2019lik soru b\u00f6l\u00fcm\u00fcnde \u2018PKK\u2019l\u0131 ter\u00f6ristlerce 11 A\u011fustos 2017\u2019de \u015fehit edilen Eren B\u00fclb\u00fcl, bug\u00fcn ka\u00e7 ya\u015f\u0131nda olacakt\u0131?\u2019 sorusu soruldu. Yar\u0131\u015fmac\u0131 \u015eevval G\u00fcrsoy, \u00e7ifte cevap hakk\u0131n\u0131 kulland\u0131 ancak soruya do\u011fru cevap veremedi. \u015eehit Eren B\u00fclb\u00fcl sorusuna do\u011fru cevap veremeyen yar\u0131\u015fmac\u0131 30 bin TL\u2019lik baraj \u00f6d\u00fcl\u00fcn\u00fc kazanarak yar\u0131\u015fmaya veda etti.<\/p>\n<p><img loading=\"lazy\" decoding=\"async\" class=\"aligncenter wp-image-33675 size-full\" src=\"https:\/\/adanaseshaber.com.tr\/wp-content\/uploads\/2022\/08\/kim-milyoner-olmak-ister-eren-bulbul-sorusunu-bilemeyen-yarismaciya-sunucudan-duygulandiran-konusma-1.jpg\" alt=\"\" width=\"1280\" height=\"720\" srcset=\"https:\/\/adanaseshaber.com.tr\/wp-content\/uploads\/2022\/08\/kim-milyoner-olmak-ister-eren-bulbul-sorusunu-bilemeyen-yarismaciya-sunucudan-duygulandiran-konusma-1.jpg 1280w, https:\/\/adanaseshaber.com.tr\/wp-content\/uploads\/2022\/08\/kim-milyoner-olmak-ister-eren-bulbul-sorusunu-bilemeyen-yarismaciya-sunucudan-duygulandiran-konusma-1-300x169.jpg 300w, https:\/\/adanaseshaber.com.tr\/wp-content\/uploads\/2022\/08\/kim-milyoner-olmak-ister-eren-bulbul-sorusunu-bilemeyen-yarismaciya-sunucudan-duygulandiran-konusma-1-1024x576.jpg 1024w, https:\/\/adanaseshaber.com.tr\/wp-content\/uploads\/2022\/08\/kim-milyoner-olmak-ister-eren-bulbul-sorusunu-bilemeyen-yarismaciya-sunucudan-duygulandiran-konusma-1-768x432.jpg 768w, https:\/\/adanaseshaber.com.tr\/wp-content\/uploads\/2022\/08\/kim-milyoner-olmak-ister-eren-bulbul-sorusunu-bilemeyen-yarismaciya-sunucudan-duygulandiran-konusma-1-390x220.jpg 390w\" sizes=\"auto, (max-width: 1280px) 100vw, 1280px\" \/><\/p>\n<p><strong>KENAN \u0130M\u0130RZALIO\u011eLU\u2019NDAN DUYGULANDIRAN KONU\u015eMA<\/strong><\/p>\n<p>\u015eehit Eren B\u00fclb\u00fcl sorusunu okurken ve yar\u0131\u015fmac\u0131dan gelecek cevab\u0131 beklerken duyguland\u0131\u011f\u0131 g\u00f6r\u00fclen sunucu Kenan \u0130mirzal\u0131o\u011flu, \u2018Sen 19 ya\u015f\u0131ndayd\u0131n de\u011fil mi? E\u011fer Eren \u015fehit edilmeseydi senden sadece 1 ya\u015f b\u00fcy\u00fck olacakt\u0131. Maalesef 15 ya\u015f\u0131nda o cana k\u0131yd\u0131lar. T\u00fcm \u015fehitlerimizi minnetle, Sevgiyle ve sayg\u0131yla an\u0131yoruz. T\u00fcm dualar\u0131m\u0131z onlarla, ailelerine tekrardan sab\u0131rlar diliyoruz. Hepimizin kalbini yakt\u0131lar. Ay\u015fe annemiz bilsin ki o b\u00fct\u00fcn T\u00fcrkiye\u2019nin evlad\u0131 oldu.\u2019 S\u00f6zleriyle herkesi duyguland\u0131rd\u0131.<\/p>\n<p>&nbsp;<\/p>\n","protected":false},"excerpt":{"rendered":"<p>ATV ekranlar\u0131nda yay\u0131nlanan Kim Milyoner Olmak \u0130ster yar\u0131\u015fmas\u0131nda sorulan Eren B\u00fclb\u00fcl sorusu herkesi duyguland\u0131rd\u0131. PKK\u2019l\u0131 ter\u00f6ristler taraf\u0131ndan \u015fehit edilen Eren B\u00fclb\u00fcl sorusunu bilemeyen yar\u0131\u015fmac\u0131ya sunucu Kenan \u0130mirzal\u0131o\u011flu\u2019ndan yan\u0131t geldi. Yar\u0131\u015fmac\u0131n\u0131n soruya yanl\u0131\u015f cevap vermesi \u00fczerine konu\u015fan sunucu \u0130mirzal\u0131o\u011flu, yapt\u0131\u011f\u0131 konu\u015fmayla herkesi duyguland\u0131rd\u0131. Ekranlar\u0131n en \u00e7ok izlenen yar\u0131\u015fma programlar\u0131ndan biri olan Kim Milyoner Olmak \u0130ster\u2019e kat\u0131lan &hellip;<\/p>\n","protected":false},"author":6,"featured_media":33674,"comment_status":"closed","ping_status":"closed","sticky":false,"template":"","format":"standard","meta":{"footnotes":""},"categories":[1],"tags":[],"class_list":["post-33673","post","type-post","status-publish","format-standard","has-post-thumbnail","hentry","category-genel"],"amp_enabled":true,"_links":{"self":[{"href":"https:\/\/adanaseshaber.com.tr\/index.php?rest_route=\/wp\/v2\/posts\/33673","targetHints":{"allow":["GET"]}}],"collection":[{"href":"https:\/\/adanaseshaber.com.tr\/index.php?rest_route=\/wp\/v2\/posts"}],"about":[{"href":"https:\/\/adanaseshaber.com.tr\/index.php?rest_route=\/wp\/v2\/types\/post"}],"author":[{"embeddable":true,"href":"https:\/\/adanaseshaber.com.tr\/index.php?rest_route=\/wp\/v2\/users\/6"}],"replies":[{"embeddable":true,"href":"https:\/\/adanaseshaber.com.tr\/index.php?rest_route=%2Fwp%2Fv2%2Fcomments&post=33673"}],"version-history":[{"count":3,"href":"https:\/\/adanaseshaber.com.tr\/index.php?rest_route=\/wp\/v2\/posts\/33673\/revisions"}],"predecessor-version":[{"id":33678,"href":"https:\/\/adanaseshaber.com.tr\/index.php?rest_route=\/wp\/v2\/posts\/33673\/revisions\/33678"}],"wp:featuredmedia":[{"embeddable":true,"href":"https:\/\/adanaseshaber.com.tr\/index.php?rest_route=\/wp\/v2\/media\/33674"}],"wp:attachment":[{"href":"https:\/\/adanaseshaber.com.tr\/index.php?rest_route=%2Fwp%2Fv2%2Fmedia&parent=33673"}],"wp:term":[{"taxonomy":"category","embeddable":true,"href":"https:\/\/adanaseshaber.com.tr\/index.php?rest_route=%2Fwp%2Fv2%2Fcategories&post=33673"},{"taxonomy":"post_tag","embeddable":true,"href":"https:\/\/adanaseshaber.com.tr\/index.php?rest_route=%2Fwp%2Fv2%2Ftags&post=33673"}],"curies":[{"name":"wp","href":"https:\/\/api.w.org\/{rel}","templated":true}]}}