{"id":33738,"date":"2022-08-11T14:23:58","date_gmt":"2022-08-11T11:23:58","guid":{"rendered":"https:\/\/www.adanaseshaber.com\/?p=33738"},"modified":"2022-08-11T14:29:57","modified_gmt":"2022-08-11T11:29:57","slug":"istanbulu-kana-bulayacakti-murat-karayilanin-talimat-verdigi-pkkli-terorist-yakalandi","status":"publish","type":"post","link":"https:\/\/adanaseshaber.com.tr\/?p=33738","title":{"rendered":"\u0130stanbul\u2019u kana bulayacakt\u0131! Murat Karay\u0131lan\u2019\u0131n talimat verdi\u011fi PKK\u2019l\u0131 ter\u00f6rist yakaland\u0131"},"content":{"rendered":"<p>Murat Karay\u0131lan\u2019dan talimat alan ve \u0130ran\u2019dan T\u00fcrkiye\u2019ye eylem yapmak \u00fczere gelen PKK\u2019l\u0131 ter\u00f6rist \u0130stanbul\u2019da k\u0131sk\u0131vrak yakaland\u0131. Eylem haz\u0131rl\u0131\u011f\u0131ndaki ter\u00f6ristin yakaland\u0131\u011f\u0131 haberini \u0130\u00e7i\u015fleri Bakan\u0131 S\u00fcleyman Soylu duyurdu. Sosyal medya hesab\u0131ndan payla\u015f\u0131m yapan Bakan Soylu, Emniyet \u0130stihbarat ve \u0130stanbul Emniyet M\u00fcd\u00fcrl\u00fc\u011f\u00fc\u2019n\u00fc tebrik etti. Ter\u00f6rle m\u00fccadele yurt i\u00e7inde ve y\u0131rt d\u0131\u015f\u0131nda h\u0131z kesmeden devam ediyor. \u0130\u00e7i\u015fleri Bakan\u0131 S\u00fcleyman Soylu, sosyal medya hesab\u0131ndan son yapt\u0131\u011f\u0131 payla\u015f\u0131mla \u0130stanbul\u2019da eylem haz\u0131rl\u0131\u011f\u0131nda olan ve g\u00fcvenlik g\u00fc\u00e7leri taraf\u0131ndan etkisiz hale getirilen ter\u00f6rist hakk\u0131nda bilgi verdi. Murat Karay\u0131lan\u2019\u0131n talimat\u0131yla \u0130ran \u00fczerinden T\u00fcrkiye\u2019ye gelen PKK\u2019l\u0131 ter\u00f6rist \u0130stanbul\u2019da yakaland\u0131.<\/p>\n<p><b>EYLEM HAZIRLI\u011eINDAK\u0130 TER\u00d6R\u0130ST YAKALANDI<\/b><\/p>\n<p>T\u00fcrk Silahl\u0131 Kuvvetleri ve emniyet g\u00fc\u00e7lerinin ter\u00f6r \u00f6rg\u00fctlerine kar\u015f\u0131 operasyonlar\u0131 hem yurt i\u00e7inde hem de yurt d\u0131\u015f\u0131nda h\u0131z kesmeden devam ediyor. \u0130\u00e7i\u015fleri Bakan\u0131 S\u00fcleyman Soylu, sosyal medya hesab\u0131 \u00fczerinden yapt\u0131\u011f\u0131 payla\u015f\u0131mlarla ter\u00f6re kar\u015f\u0131 al\u0131nan ba\u015far\u0131l\u0131 sonu\u00e7lar\u0131 kamuoyuna duyuruyor. Bakan S\u00fcleyman Soylu&#8217;nun payla\u015f\u0131mlar\u0131na bir yenisi daha eklendi. Soylu, sosyal medya hesab\u0131ndan yapt\u0131\u011f\u0131 payla\u015f\u0131mla Murat Karay\u0131lan&#8217;\u0131n talimat\u0131yla \u0130ran \u00fczerinden T\u00fcrkiye&#8217;ye ge\u00e7en ve eylem haz\u0131rl\u0131\u011f\u0131nda olan bir PKK&#8217;l\u0131 ter\u00f6ristin g\u00fcvenlik g\u00fc\u00e7leri taraf\u0131ndan yakaland\u0131\u011f\u0131n\u0131 duyurdu.<\/p>\n<p><img loading=\"lazy\" decoding=\"async\" class=\"aligncenter wp-image-33744 size-full\" src=\"https:\/\/adanaseshaber.com.tr\/wp-content\/uploads\/2022\/08\/istanbulu-kana-bulayacakti-murat-karayilanin-talimat-verdigi-pkkli-terorist-yakalandi-1.jpg\" alt=\"\" width=\"1280\" height=\"720\" srcset=\"https:\/\/adanaseshaber.com.tr\/wp-content\/uploads\/2022\/08\/istanbulu-kana-bulayacakti-murat-karayilanin-talimat-verdigi-pkkli-terorist-yakalandi-1.jpg 1280w, https:\/\/adanaseshaber.com.tr\/wp-content\/uploads\/2022\/08\/istanbulu-kana-bulayacakti-murat-karayilanin-talimat-verdigi-pkkli-terorist-yakalandi-1-300x169.jpg 300w, https:\/\/adanaseshaber.com.tr\/wp-content\/uploads\/2022\/08\/istanbulu-kana-bulayacakti-murat-karayilanin-talimat-verdigi-pkkli-terorist-yakalandi-1-1024x576.jpg 1024w, https:\/\/adanaseshaber.com.tr\/wp-content\/uploads\/2022\/08\/istanbulu-kana-bulayacakti-murat-karayilanin-talimat-verdigi-pkkli-terorist-yakalandi-1-768x432.jpg 768w, https:\/\/adanaseshaber.com.tr\/wp-content\/uploads\/2022\/08\/istanbulu-kana-bulayacakti-murat-karayilanin-talimat-verdigi-pkkli-terorist-yakalandi-1-390x220.jpg 390w\" sizes=\"auto, (max-width: 1280px) 100vw, 1280px\" \/><\/p>\n<p><strong>EMN\u0130YET G\u00dc\u00c7LER\u0130N\u0130 TEBR\u0130K ETT\u0130<\/strong><\/p>\n<p>PKK&#8217;n\u0131n s\u00f6zde \u00f6zel kuvvetlerine mensup Seydo Botan Gever kod adl\u0131 Mehdi M\u0131h\u00e7\u0131, g\u00fcvenlik g\u00fc\u00e7lerinin ba\u015far\u0131l\u0131 operasyonuyla \u0130stanbul&#8217;da yakaland\u0131. PKK&#8217;l\u0131 ter\u00f6ristin \u0130stanbul&#8217;a eylem yapmak ve yapt\u0131rmak i\u00e7in geldi\u011fi ve sahte kimlik kulland\u0131\u011f\u0131 tespit edildi. Yakalanan ter\u00f6ristin ayr\u0131ca di\u011fer ter\u00f6ristlere de bomba e\u011fitimi veren ki\u015fi oldu\u011fu bilgisine yer verildi. Sosyal medya hesab\u0131ndan konuyla ilgili payla\u015f\u0131m yapan Bakan Soylu, &#8216;Emniyet \u0130stihbarat ve \u0130stanbul Emniyet M\u00fcd\u00fcrl\u00fc\u011f\u00fcm\u00fcze tebrikler&#8217; notunu d\u00fc\u015ft\u00fc.<\/p>\n","protected":false},"excerpt":{"rendered":"<p>Murat Karay\u0131lan\u2019dan talimat alan ve \u0130ran\u2019dan T\u00fcrkiye\u2019ye eylem yapmak \u00fczere gelen PKK\u2019l\u0131 ter\u00f6rist \u0130stanbul\u2019da k\u0131sk\u0131vrak yakaland\u0131. Eylem haz\u0131rl\u0131\u011f\u0131ndaki ter\u00f6ristin yakaland\u0131\u011f\u0131 haberini \u0130\u00e7i\u015fleri Bakan\u0131 S\u00fcleyman Soylu duyurdu. Sosyal medya hesab\u0131ndan payla\u015f\u0131m yapan Bakan Soylu, Emniyet \u0130stihbarat ve \u0130stanbul Emniyet M\u00fcd\u00fcrl\u00fc\u011f\u00fc\u2019n\u00fc tebrik etti. Ter\u00f6rle m\u00fccadele yurt i\u00e7inde ve y\u0131rt d\u0131\u015f\u0131nda h\u0131z kesmeden devam ediyor. \u0130\u00e7i\u015fleri Bakan\u0131 S\u00fcleyman &hellip;<\/p>\n","protected":false},"author":6,"featured_media":33739,"comment_status":"closed","ping_status":"closed","sticky":false,"template":"","format":"standard","meta":{"footnotes":""},"categories":[1],"tags":[],"class_list":["post-33738","post","type-post","status-publish","format-standard","has-post-thumbnail","hentry","category-genel"],"amp_enabled":true,"_links":{"self":[{"href":"https:\/\/adanaseshaber.com.tr\/index.php?rest_route=\/wp\/v2\/posts\/33738","targetHints":{"allow":["GET"]}}],"collection":[{"href":"https:\/\/adanaseshaber.com.tr\/index.php?rest_route=\/wp\/v2\/posts"}],"about":[{"href":"https:\/\/adanaseshaber.com.tr\/index.php?rest_route=\/wp\/v2\/types\/post"}],"author":[{"embeddable":true,"href":"https:\/\/adanaseshaber.com.tr\/index.php?rest_route=\/wp\/v2\/users\/6"}],"replies":[{"embeddable":true,"href":"https:\/\/adanaseshaber.com.tr\/index.php?rest_route=%2Fwp%2Fv2%2Fcomments&post=33738"}],"version-history":[{"count":5,"href":"https:\/\/adanaseshaber.com.tr\/index.php?rest_route=\/wp\/v2\/posts\/33738\/revisions"}],"predecessor-version":[{"id":33745,"href":"https:\/\/adanaseshaber.com.tr\/index.php?rest_route=\/wp\/v2\/posts\/33738\/revisions\/33745"}],"wp:featuredmedia":[{"embeddable":true,"href":"https:\/\/adanaseshaber.com.tr\/index.php?rest_route=\/wp\/v2\/media\/33739"}],"wp:attachment":[{"href":"https:\/\/adanaseshaber.com.tr\/index.php?rest_route=%2Fwp%2Fv2%2Fmedia&parent=33738"}],"wp:term":[{"taxonomy":"category","embeddable":true,"href":"https:\/\/adanaseshaber.com.tr\/index.php?rest_route=%2Fwp%2Fv2%2Fcategories&post=33738"},{"taxonomy":"post_tag","embeddable":true,"href":"https:\/\/adanaseshaber.com.tr\/index.php?rest_route=%2Fwp%2Fv2%2Ftags&post=33738"}],"curies":[{"name":"wp","href":"https:\/\/api.w.org\/{rel}","templated":true}]}}