{"id":33750,"date":"2022-08-11T15:24:42","date_gmt":"2022-08-11T12:24:42","guid":{"rendered":"https:\/\/www.adanaseshaber.com\/?p=33750"},"modified":"2022-08-11T15:34:51","modified_gmt":"2022-08-11T12:34:51","slug":"cumhurbaskani-erdogan-et-fiyatlarinda-indirim-olacagini-acikladi","status":"publish","type":"post","link":"https:\/\/adanaseshaber.com.tr\/?p=33750","title":{"rendered":"Cumhurba\u015fkan\u0131 Erdo\u011fan et fiyatlar\u0131nda indirim olaca\u011f\u0131n\u0131 a\u00e7\u0131klad\u0131"},"content":{"rendered":"<p>Tar\u0131m Kredi Kooperatifi\u2019ne fiyatlar\u0131 indirin talimat\u0131 veren Cumhurba\u015fkan\u0131 Recep Tayyip Erdo\u011fan, et fiyatlar\u0131nda indirim olaca\u011f\u0131 haberini duyurdu. Et fiyatlar\u0131ndaki indirim m\u00fcjdesini duyuran Erdo\u011fan, Tar\u0131n Kredi Kooperatifi\u2019nde b\u00fcy\u00fckba\u015f hayvan etinin y\u00fczde 30-35 gibi bir indirimle sat\u0131\u015f\u0131na ba\u015flanaca\u011f\u0131n\u0131 aktard\u0131. Son d\u00f6nemde artan fiyatlar vatanda\u015f\u0131n belini b\u00fckerken Cumhurba\u015fkan\u0131 Erdo\u011fan, Tar\u0131m Kredi Kooperatifi\u2019ne fiyatlar\u0131 d\u00fc\u015f\u00fcr\u00fcn talimat\u0131 vermi\u015fti. Tar\u0131m Kredi Kooperatifleri ile ilgili yeni a\u00e7\u0131klamalarda bulunan Erdo\u011fan, et fiyatlar\u0131nda indirim olaca\u011f\u0131 m\u00fcjdesini de payla\u015ft\u0131. Erdo\u011fan, b\u00fcy\u00fckba\u015f hayvan etinin y\u00fczde 30-35 gibi bir indirimle sat\u0131\u015f\u0131na ba\u015flanaca\u011f\u0131n\u0131 s\u00f6yledi.<\/p>\n<p><b>YEN\u0130 F\u0130YAT TAR\u0130FES\u0130<\/b><\/p>\n<p>Devlet Su \u0130\u015fleri&#8217;nin 34 Adet Hidroelektrik Santral A\u00e7\u0131l\u0131\u015f\u0131&#8217;nda \u00f6nemli a\u00e7\u0131klamalara yer veren Cumhurba\u015fkan\u0131 Recep Tayyip Erdo\u011fan, Tar\u0131m Kredi Kooperatifleri ile ilgili yeni duyurular yapt\u0131. Daha \u00f6nce Tar\u0131m Kredi Kooperatifi&#8217;ne fiyatlar\u0131 indirmeleri konusunda talimat veren Erdo\u011fan, et fiyatlar\u0131n\u0131n d\u00fc\u015f\u00fcr\u00fclece\u011fini duyurdu. Cumhurba\u015fkan\u0131 Erdo\u011fan, Tar\u0131m Kredi Kooperatifleri&#8217;nde b\u00fcy\u00fckba\u015f hayvan etinin y\u00fczde 30-35 gibi bir indirimle sat\u0131\u015f\u0131na ba\u015flanaca\u011f\u0131n\u0131 aktard\u0131. \u00dcr\u00fcnlerin girdi ve \u00e7\u0131kt\u0131 fiyatlar\u0131yla sat\u0131larak vatanda\u015flar\u0131n korunmas\u0131n\u0131 istediklerini s\u00f6yleyen Erdo\u011fan, yeni uygulanacak fiyat tarifesi ile vatanda\u015flar\u0131n rahat bir nefes alaca\u011f\u0131n\u0131 belirtti.<\/p>\n<p><img loading=\"lazy\" decoding=\"async\" class=\"aligncenter wp-image-33762 size-full\" src=\"https:\/\/adanaseshaber.com.tr\/wp-content\/uploads\/2022\/08\/cumhurbaskani-erdogan-et-fiyatlarinda-indirim-olacagini-acikladi-1.jpg\" alt=\"\" width=\"1280\" height=\"720\" srcset=\"https:\/\/adanaseshaber.com.tr\/wp-content\/uploads\/2022\/08\/cumhurbaskani-erdogan-et-fiyatlarinda-indirim-olacagini-acikladi-1.jpg 1280w, https:\/\/adanaseshaber.com.tr\/wp-content\/uploads\/2022\/08\/cumhurbaskani-erdogan-et-fiyatlarinda-indirim-olacagini-acikladi-1-300x169.jpg 300w, https:\/\/adanaseshaber.com.tr\/wp-content\/uploads\/2022\/08\/cumhurbaskani-erdogan-et-fiyatlarinda-indirim-olacagini-acikladi-1-1024x576.jpg 1024w, https:\/\/adanaseshaber.com.tr\/wp-content\/uploads\/2022\/08\/cumhurbaskani-erdogan-et-fiyatlarinda-indirim-olacagini-acikladi-1-768x432.jpg 768w, https:\/\/adanaseshaber.com.tr\/wp-content\/uploads\/2022\/08\/cumhurbaskani-erdogan-et-fiyatlarinda-indirim-olacagini-acikladi-1-390x220.jpg 390w\" sizes=\"auto, (max-width: 1280px) 100vw, 1280px\" \/><\/p>\n<p><strong>&#8216;H\u0130ZAYA GELECEKLER&#8217;<\/strong><\/p>\n<p>A\u00e7\u0131klamalar\u0131na devam eden Cumhurba\u015fkan\u0131 Erdo\u011fan, son d\u00f6nemde ya\u015fanan fahi\u015f fiyat art\u0131\u015flar\u0131na da de\u011findi ve \u00e7ok net ifadelerle &#8216;Piyasalar\u0131n dengesini bozanlar hizaya gelecek&#8217; dedi. Koyun ve kuzu etinde y\u00fczde 25 indirim ba\u015flat\u0131ld\u0131\u011f\u0131n\u0131 aktaran Erdo\u011fan, &#8216;Bu sabah Tar\u0131m Kredi Kooperatifi Ba\u015fkan\u0131yla konu\u015ftum. B\u00fcy\u00fckba\u015f hayvanlarda da y\u00fczde 30-35 indirimle onlar\u0131n da sat\u0131\u015f\u0131na ba\u015flayaca\u011f\u0131z. \u00dclkemizin her yerinde malum koyun-kuzu ge\u00e7erli de\u011fil. Karadeniz&#8217;de daha \u00e7ok b\u00fcy\u00fckba\u015f makbuld\u00fcr. Bu piyasalar\u0131n dengesini bozanlar\u0131 da hizaya getirecek. 1300 tane Tar\u0131m Kredi Kooperatifi&#8217;nin marketi var.Tar\u0131m Kredi&#8217;nin di\u011fer \u00fcr\u00fcnlerinde de \u015feker, ay\u00e7i\u00e7ek ya\u011f gibi 30-40 \u00e7e\u015fit \u00fcr\u00fcnde de s\u00fcratle indirime gidilecek.&#8217; ifadelerine yer verdi.<\/p>\n","protected":false},"excerpt":{"rendered":"<p>Tar\u0131m Kredi Kooperatifi\u2019ne fiyatlar\u0131 indirin talimat\u0131 veren Cumhurba\u015fkan\u0131 Recep Tayyip Erdo\u011fan, et fiyatlar\u0131nda indirim olaca\u011f\u0131 haberini duyurdu. Et fiyatlar\u0131ndaki indirim m\u00fcjdesini duyuran Erdo\u011fan, Tar\u0131n Kredi Kooperatifi\u2019nde b\u00fcy\u00fckba\u015f hayvan etinin y\u00fczde 30-35 gibi bir indirimle sat\u0131\u015f\u0131na ba\u015flanaca\u011f\u0131n\u0131 aktard\u0131. Son d\u00f6nemde artan fiyatlar vatanda\u015f\u0131n belini b\u00fckerken Cumhurba\u015fkan\u0131 Erdo\u011fan, Tar\u0131m Kredi Kooperatifi\u2019ne fiyatlar\u0131 d\u00fc\u015f\u00fcr\u00fcn talimat\u0131 vermi\u015fti. Tar\u0131m Kredi &hellip;<\/p>\n","protected":false},"author":6,"featured_media":33752,"comment_status":"closed","ping_status":"closed","sticky":false,"template":"","format":"standard","meta":{"footnotes":""},"categories":[1],"tags":[],"class_list":["post-33750","post","type-post","status-publish","format-standard","has-post-thumbnail","hentry","category-genel"],"amp_enabled":true,"_links":{"self":[{"href":"https:\/\/adanaseshaber.com.tr\/index.php?rest_route=\/wp\/v2\/posts\/33750","targetHints":{"allow":["GET"]}}],"collection":[{"href":"https:\/\/adanaseshaber.com.tr\/index.php?rest_route=\/wp\/v2\/posts"}],"about":[{"href":"https:\/\/adanaseshaber.com.tr\/index.php?rest_route=\/wp\/v2\/types\/post"}],"author":[{"embeddable":true,"href":"https:\/\/adanaseshaber.com.tr\/index.php?rest_route=\/wp\/v2\/users\/6"}],"replies":[{"embeddable":true,"href":"https:\/\/adanaseshaber.com.tr\/index.php?rest_route=%2Fwp%2Fv2%2Fcomments&post=33750"}],"version-history":[{"count":5,"href":"https:\/\/adanaseshaber.com.tr\/index.php?rest_route=\/wp\/v2\/posts\/33750\/revisions"}],"predecessor-version":[{"id":33763,"href":"https:\/\/adanaseshaber.com.tr\/index.php?rest_route=\/wp\/v2\/posts\/33750\/revisions\/33763"}],"wp:featuredmedia":[{"embeddable":true,"href":"https:\/\/adanaseshaber.com.tr\/index.php?rest_route=\/wp\/v2\/media\/33752"}],"wp:attachment":[{"href":"https:\/\/adanaseshaber.com.tr\/index.php?rest_route=%2Fwp%2Fv2%2Fmedia&parent=33750"}],"wp:term":[{"taxonomy":"category","embeddable":true,"href":"https:\/\/adanaseshaber.com.tr\/index.php?rest_route=%2Fwp%2Fv2%2Fcategories&post=33750"},{"taxonomy":"post_tag","embeddable":true,"href":"https:\/\/adanaseshaber.com.tr\/index.php?rest_route=%2Fwp%2Fv2%2Ftags&post=33750"}],"curies":[{"name":"wp","href":"https:\/\/api.w.org\/{rel}","templated":true}]}}