{"id":33767,"date":"2022-08-11T15:57:59","date_gmt":"2022-08-11T12:57:59","guid":{"rendered":"https:\/\/www.adanaseshaber.com\/?p=33767"},"modified":"2022-08-11T15:57:29","modified_gmt":"2022-08-11T12:57:29","slug":"ekrem-imamoglu-iski-tarafindan-cekilen-bu-kareye-isyan-etti","status":"publish","type":"post","link":"https:\/\/adanaseshaber.com.tr\/?p=33767","title":{"rendered":"Ekrem \u0130mamo\u011flu \u0130SK\u0130 taraf\u0131ndan \u00e7ekilen bu kareye isyan etti"},"content":{"rendered":"<p>\u0130stanbul i\u00e7in yap\u0131lan sa\u011fanak ya\u011f\u0131\u015f \u00f6ncesi \u0130BB ekipleri teyakkuza ge\u00e7ti. Ekiplerin \u00e7al\u0131\u015fmas\u0131n\u0131 AKOM\u2019dan takip eden \u0130BB Belediye Ba\u015fkan\u0131 Ekrem \u0130mamo\u011flu, sosyal medya hesab\u0131ndan yapt\u0131\u011f\u0131 payla\u015f\u0131mla \u015fikayet\u00e7i oldu\u011fu bir durumu kamuoyunun bilgisine sundu. \u0130SK\u0130 ekipleri taraf\u0131ndan \u00e7ekilen bir kareyi sosyal medya hesab\u0131ndan payla\u015fan \u0130mamo\u011flu, \u00e7imentolu sular\u0131n ya\u011fmur suyu kanallar\u0131na b\u0131rak\u0131lmas\u0131na isyan etti. \u0130SK\u0130 ekiplerinin \u00e7ekti\u011fi foto\u011fraf karesini sosyal medya hesab\u0131ndan payla\u015fan ve \u00e7imentolu sular\u0131n ya\u011fmur suyu kanallar\u0131na b\u0131rak\u0131lmas\u0131na isyan eden \u0130mamo\u011flu, \u2018\u0130\u015fg\u00fczarl\u0131k bu, yapmay\u0131n\u2019 ifadelerine yer verdi. Sabah saatlerinden itibaren AKOM\u2019a giden \u0130mamo\u011flu, ekiplerin \u00e7al\u0131\u015fmas\u0131n\u0131 buradan takip etti. Daha sonra kameralar kar\u015f\u0131s\u0131na ge\u00e7erek a\u00e7\u0131klamalarda bulunan \u0130BB Ba\u015fkan\u0131, sahada olan personel say\u0131s\u0131 ve yap\u0131lan \u00e7al\u0131\u015fmalarla ilgili de bilgi aktard\u0131. \u0130\u015fte detaylar\u2026<\/p>\n<p><strong>\u00c7ALI\u015eMALAR DEVAM ED\u0130YOR<\/strong><\/p>\n<p>\u0130stanbul i\u00e7in turuncu kodlu uyar\u0131 yap\u0131ld\u0131 ve kentte \u015fiddetli ya\u011f\u0131\u015f etkili olaca\u011f\u0131 uyar\u0131lar\u0131 pe\u015f pe\u015fe geldi. Yap\u0131lan uyar\u0131lardan sonra \u0130BB ekipleri teyakkuza ge\u00e7ti. \u0130BB Ba\u015fkan\u0131 Ekrem \u0130mamo\u011flu ise sabah saatlerinden itibaren AKOM\u2019a giderek ekiplerin \u00e7al\u0131\u015fmas\u0131n\u0131 buradan takip etti. Kameralar kar\u015f\u0131s\u0131na ge\u00e7erek a\u00e7\u0131klamalarda bulunan \u0130mamo\u011flu, \u2018S\u00fcre\u00e7 devam ediyor. Bu konuda hem AFAD\u2019\u0131n hem de AKOM olarak bizlerin yapt\u0131\u011f\u0131 ya\u011fmur uyar\u0131s\u0131yla beraber kurumumuz, bu hafta ba\u015f\u0131ndan beri teyakkuzda. Kurumumuz, s\u00fcre\u00e7le ilgili tedbirlerini rutinin d\u0131\u015f\u0131na \u00e7\u0131kartarak artt\u0131rm\u0131\u015f durumda ve yo\u011fun bir \u00e7al\u0131\u015fma i\u00e7erisinde. \u015eu anda b\u00fct\u00fcn ilgili kurumlar\u0131m\u0131z\u0131n y\u00f6neticileri burada. Kontrol\u00fc buradan y\u00fcr\u00fct\u00fcyoruz. \u0130stanbul genelinde \u015fu anda t\u00fcm\u00fcyle haz\u0131r olan 4 bin 625 personelimiz sahada. Bin 831 ara\u00e7-ekipmanla birlikte vatanda\u015flar\u0131m\u0131z\u0131n ya\u015fayaca\u011f\u0131 zorluklara kar\u015f\u0131 haz\u0131rl\u0131klar\u0131n\u0131 yapm\u0131\u015f bir bi\u00e7imde bu sa\u011fanak ya\u011f\u0131\u015fa kar\u015f\u0131 m\u00fcdahaleyle ilgili \u00e7al\u0131\u015fmalar\u0131n\u0131 s\u00fcrd\u00fcr\u00fcyor.\u2019 ifadelerine yer verdi.<\/p>\n<p><img loading=\"lazy\" decoding=\"async\" class=\"aligncenter wp-image-33769 size-full\" src=\"https:\/\/adanaseshaber.com.tr\/wp-content\/uploads\/2022\/08\/ekrem-imamoglu-iski-tarafindan-cekilen-bu-kareye-isyan-etti-1.jpg\" alt=\"\" width=\"1280\" height=\"720\" srcset=\"https:\/\/adanaseshaber.com.tr\/wp-content\/uploads\/2022\/08\/ekrem-imamoglu-iski-tarafindan-cekilen-bu-kareye-isyan-etti-1.jpg 1280w, https:\/\/adanaseshaber.com.tr\/wp-content\/uploads\/2022\/08\/ekrem-imamoglu-iski-tarafindan-cekilen-bu-kareye-isyan-etti-1-300x169.jpg 300w, https:\/\/adanaseshaber.com.tr\/wp-content\/uploads\/2022\/08\/ekrem-imamoglu-iski-tarafindan-cekilen-bu-kareye-isyan-etti-1-1024x576.jpg 1024w, https:\/\/adanaseshaber.com.tr\/wp-content\/uploads\/2022\/08\/ekrem-imamoglu-iski-tarafindan-cekilen-bu-kareye-isyan-etti-1-768x432.jpg 768w, https:\/\/adanaseshaber.com.tr\/wp-content\/uploads\/2022\/08\/ekrem-imamoglu-iski-tarafindan-cekilen-bu-kareye-isyan-etti-1-390x220.jpg 390w\" sizes=\"auto, (max-width: 1280px) 100vw, 1280px\" \/><\/p>\n<p><strong>\u2018YAPMAYIN\u2019<\/strong><\/p>\n<p>\u0130BB Ba\u015fkan\u0131 Ekrem \u0130mamo\u011flu\u2019nun sosyal medya hesab\u0131 \u00fczerinden yapt\u0131\u011f\u0131 bir payla\u015f\u0131m da dikkat \u00e7ekti. \u0130SK\u0130 ekipleri taraf\u0131ndan Silivri\u2019de \u00e7ekilen bir foto\u011fraf karesini payla\u015fan \u0130mamo\u011flu, \u2018Baz\u0131 i\u015fg\u00fczarlar beton mikserlerinin temizli\u011fini yap\u0131yor, \u00e7imentolu sular\u0131 ya\u011fmur suyu kanallar\u0131na b\u0131rak\u0131yor. Sonra beton donuyor, kanal t\u0131kan\u0131yor, evleri ve i\u015fyerlerini su bas\u0131yor. YAPMAYIN.\u2019 notunu d\u00fc\u015ft\u00fc.<\/p>\n","protected":false},"excerpt":{"rendered":"<p>\u0130stanbul i\u00e7in yap\u0131lan sa\u011fanak ya\u011f\u0131\u015f \u00f6ncesi \u0130BB ekipleri teyakkuza ge\u00e7ti. Ekiplerin \u00e7al\u0131\u015fmas\u0131n\u0131 AKOM\u2019dan takip eden \u0130BB Belediye Ba\u015fkan\u0131 Ekrem \u0130mamo\u011flu, sosyal medya hesab\u0131ndan yapt\u0131\u011f\u0131 payla\u015f\u0131mla \u015fikayet\u00e7i oldu\u011fu bir durumu kamuoyunun bilgisine sundu. \u0130SK\u0130 ekipleri taraf\u0131ndan \u00e7ekilen bir kareyi sosyal medya hesab\u0131ndan payla\u015fan \u0130mamo\u011flu, \u00e7imentolu sular\u0131n ya\u011fmur suyu kanallar\u0131na b\u0131rak\u0131lmas\u0131na isyan etti. \u0130SK\u0130 ekiplerinin \u00e7ekti\u011fi foto\u011fraf &hellip;<\/p>\n","protected":false},"author":6,"featured_media":33768,"comment_status":"closed","ping_status":"closed","sticky":false,"template":"","format":"standard","meta":{"footnotes":""},"categories":[1],"tags":[],"class_list":["post-33767","post","type-post","status-publish","format-standard","has-post-thumbnail","hentry","category-genel"],"amp_enabled":true,"_links":{"self":[{"href":"https:\/\/adanaseshaber.com.tr\/index.php?rest_route=\/wp\/v2\/posts\/33767","targetHints":{"allow":["GET"]}}],"collection":[{"href":"https:\/\/adanaseshaber.com.tr\/index.php?rest_route=\/wp\/v2\/posts"}],"about":[{"href":"https:\/\/adanaseshaber.com.tr\/index.php?rest_route=\/wp\/v2\/types\/post"}],"author":[{"embeddable":true,"href":"https:\/\/adanaseshaber.com.tr\/index.php?rest_route=\/wp\/v2\/users\/6"}],"replies":[{"embeddable":true,"href":"https:\/\/adanaseshaber.com.tr\/index.php?rest_route=%2Fwp%2Fv2%2Fcomments&post=33767"}],"version-history":[{"count":2,"href":"https:\/\/adanaseshaber.com.tr\/index.php?rest_route=\/wp\/v2\/posts\/33767\/revisions"}],"predecessor-version":[{"id":33771,"href":"https:\/\/adanaseshaber.com.tr\/index.php?rest_route=\/wp\/v2\/posts\/33767\/revisions\/33771"}],"wp:featuredmedia":[{"embeddable":true,"href":"https:\/\/adanaseshaber.com.tr\/index.php?rest_route=\/wp\/v2\/media\/33768"}],"wp:attachment":[{"href":"https:\/\/adanaseshaber.com.tr\/index.php?rest_route=%2Fwp%2Fv2%2Fmedia&parent=33767"}],"wp:term":[{"taxonomy":"category","embeddable":true,"href":"https:\/\/adanaseshaber.com.tr\/index.php?rest_route=%2Fwp%2Fv2%2Fcategories&post=33767"},{"taxonomy":"post_tag","embeddable":true,"href":"https:\/\/adanaseshaber.com.tr\/index.php?rest_route=%2Fwp%2Fv2%2Ftags&post=33767"}],"curies":[{"name":"wp","href":"https:\/\/api.w.org\/{rel}","templated":true}]}}