{"id":33803,"date":"2022-08-11T16:56:28","date_gmt":"2022-08-11T13:56:28","guid":{"rendered":"https:\/\/www.adanaseshaber.com\/?p=33803"},"modified":"2022-08-11T16:56:04","modified_gmt":"2022-08-11T13:56:04","slug":"aci-bal-yiyen-ayi-sosyal-medyada-viral-oldu","status":"publish","type":"post","link":"https:\/\/adanaseshaber.com.tr\/?p=33803","title":{"rendered":"Ac\u0131 bal yiyen ay\u0131 sosyal medyada viral oldu"},"content":{"rendered":"<p>D\u00fczce\u2019de ac\u0131 bal yiyen ve bay\u0131lan ay\u0131 sosyal medyada viral oldu. Y\u0131\u011f\u0131lca il\u00e7esinde bal \u00fcretimi yapan ar\u0131c\u0131lar\u0131n kovanlar\u0131ndaki bal\u0131 yiyen ay\u0131, bal\u0131 fazla ka\u00e7\u0131r\u0131nca olanlar oldu. \u00dcreticilerin kovanlar\u0131ndaki bal\u0131 yiyen ve bay\u0131lan ay\u0131n\u0131n ayakta durmakta g\u00fc\u00e7l\u00fck \u00e7ekti\u011fi halleri herkesi g\u00fcl\u00fcmsetti. Orman \u0130\u015fletme M\u00fcd\u00fcrl\u00fc\u011f\u00fc ekipleri, ayakta durmakta g\u00fc\u00e7l\u00fck \u00e7eken ay\u0131y\u0131 kamyonetin kasas\u0131na koyarak g\u00f6t\u00fcrd\u00fc. Karaka\u015f k\u00f6y\u00fcnde ya\u015fanan olay sosyal medyan\u0131n g\u00fcndemine oturdu. Ormanda ac\u0131 bal \u00fcretimi yapmakta olan ar\u0131c\u0131lar, kovanlar\u0131n\u0131n yan\u0131ndaki bayg\u0131n ay\u0131y\u0131 g\u00f6r\u00fcnce b\u00fcy\u00fck bir \u015fa\u015fk\u0131nl\u0131k ya\u015fad\u0131. Daha sonra kovanlar\u0131n\u0131n par\u00e7aland\u0131\u011f\u0131n\u0131 g\u00f6ren ar\u0131c\u0131lar, ay\u0131n\u0131n fazla bal yiyerek bay\u0131ld\u0131\u011f\u0131n\u0131 tahmin etti ve durumu Orman \u0130\u015fletme M\u00fcd\u00fcrl\u00fc\u011f\u00fc ekiplerine bildirdi.<\/p>\n<p><strong>FAZLA BAL Y\u0130YEREK BAYILDI<\/strong><\/p>\n<p>Olay, D\u00fczce\u2019nin Y\u0131\u011f\u0131lca il\u00e7esi Karaka\u015f k\u00f6y\u00fcnde meydana geldi. Ac\u0131 bal \u00fcretimi yapan ar\u0131c\u0131lar, kovanlar\u0131n\u0131n yan\u0131nda bayg\u0131n bir ay\u0131 buldu. Kovanlar\u0131n par\u00e7aland\u0131\u011f\u0131n\u0131 g\u00f6ren ar\u0131c\u0131lar, ay\u0131n\u0131n fazla bal yiyerek bayg\u0131nl\u0131k ge\u00e7irdi\u011fini tahmin etti ve durumu hemen Orman \u0130\u015fletme M\u00fcd\u00fcrl\u00fc\u011f\u00fc ekiplerine bildirdi. Olay yerine gelen Orman \u0130\u015fletme M\u00fcd\u00fcrl\u00fc\u011f\u00fc ekipleri ise ayakta durmakta g\u00fc\u00e7l\u00fck \u00e7eken ay\u0131y\u0131 araca ald\u0131. Bu esnada ay\u0131n\u0131n kamyonetin kasas\u0131na koyulmas\u0131na yard\u0131mc\u0131 olan ar\u0131c\u0131lar, \u2018Az yeseydin bal\u0131. Bal tuttu seni. Bal tuttuysa birazdan canlan\u0131r ve bize sald\u0131r\u0131r\u2019 ifadelerini kulland\u0131.<\/p>\n<p><img loading=\"lazy\" decoding=\"async\" class=\"aligncenter wp-image-33806 size-full\" src=\"https:\/\/adanaseshaber.com.tr\/wp-content\/uploads\/2022\/08\/aci-bal-yiyen-ayi-sosyal-medyada-viral-oldu-2.jpg\" alt=\"\" width=\"1280\" height=\"720\" srcset=\"https:\/\/adanaseshaber.com.tr\/wp-content\/uploads\/2022\/08\/aci-bal-yiyen-ayi-sosyal-medyada-viral-oldu-2.jpg 1280w, https:\/\/adanaseshaber.com.tr\/wp-content\/uploads\/2022\/08\/aci-bal-yiyen-ayi-sosyal-medyada-viral-oldu-2-300x169.jpg 300w, https:\/\/adanaseshaber.com.tr\/wp-content\/uploads\/2022\/08\/aci-bal-yiyen-ayi-sosyal-medyada-viral-oldu-2-1024x576.jpg 1024w, https:\/\/adanaseshaber.com.tr\/wp-content\/uploads\/2022\/08\/aci-bal-yiyen-ayi-sosyal-medyada-viral-oldu-2-768x432.jpg 768w, https:\/\/adanaseshaber.com.tr\/wp-content\/uploads\/2022\/08\/aci-bal-yiyen-ayi-sosyal-medyada-viral-oldu-2-390x220.jpg 390w\" sizes=\"auto, (max-width: 1280px) 100vw, 1280px\" \/><\/p>\n<p><strong>SOSYAL MEDYADA V\u0130RAL OLDU<\/strong><\/p>\n<p>Kamyonetin kasas\u0131na g\u00f6t\u00fcr\u00fcl\u00fcrken ayakta durmakta g\u00fc\u00e7l\u00fck \u00e7eken ay\u0131n\u0131n bu halleri herkesi g\u00fcl\u00fcmsetti. Sosyal medyada viral olan g\u00f6r\u00fcnt\u00fcler payla\u015f\u0131m rekoru k\u0131rarken ay\u0131 ise kontrolden ge\u00e7irildikten sonra ormana b\u0131rak\u0131ld\u0131 ve kendisine gelmesinin hemen ard\u0131ndan g\u00f6zden kayboldu.<\/p>\n","protected":false},"excerpt":{"rendered":"<p>D\u00fczce\u2019de ac\u0131 bal yiyen ve bay\u0131lan ay\u0131 sosyal medyada viral oldu. Y\u0131\u011f\u0131lca il\u00e7esinde bal \u00fcretimi yapan ar\u0131c\u0131lar\u0131n kovanlar\u0131ndaki bal\u0131 yiyen ay\u0131, bal\u0131 fazla ka\u00e7\u0131r\u0131nca olanlar oldu. \u00dcreticilerin kovanlar\u0131ndaki bal\u0131 yiyen ve bay\u0131lan ay\u0131n\u0131n ayakta durmakta g\u00fc\u00e7l\u00fck \u00e7ekti\u011fi halleri herkesi g\u00fcl\u00fcmsetti. Orman \u0130\u015fletme M\u00fcd\u00fcrl\u00fc\u011f\u00fc ekipleri, ayakta durmakta g\u00fc\u00e7l\u00fck \u00e7eken ay\u0131y\u0131 kamyonetin kasas\u0131na koyarak g\u00f6t\u00fcrd\u00fc. Karaka\u015f k\u00f6y\u00fcnde &hellip;<\/p>\n","protected":false},"author":6,"featured_media":33805,"comment_status":"closed","ping_status":"closed","sticky":false,"template":"","format":"standard","meta":{"footnotes":""},"categories":[1],"tags":[],"class_list":["post-33803","post","type-post","status-publish","format-standard","has-post-thumbnail","hentry","category-genel"],"amp_enabled":true,"_links":{"self":[{"href":"https:\/\/adanaseshaber.com.tr\/index.php?rest_route=\/wp\/v2\/posts\/33803","targetHints":{"allow":["GET"]}}],"collection":[{"href":"https:\/\/adanaseshaber.com.tr\/index.php?rest_route=\/wp\/v2\/posts"}],"about":[{"href":"https:\/\/adanaseshaber.com.tr\/index.php?rest_route=\/wp\/v2\/types\/post"}],"author":[{"embeddable":true,"href":"https:\/\/adanaseshaber.com.tr\/index.php?rest_route=\/wp\/v2\/users\/6"}],"replies":[{"embeddable":true,"href":"https:\/\/adanaseshaber.com.tr\/index.php?rest_route=%2Fwp%2Fv2%2Fcomments&post=33803"}],"version-history":[{"count":2,"href":"https:\/\/adanaseshaber.com.tr\/index.php?rest_route=\/wp\/v2\/posts\/33803\/revisions"}],"predecessor-version":[{"id":33808,"href":"https:\/\/adanaseshaber.com.tr\/index.php?rest_route=\/wp\/v2\/posts\/33803\/revisions\/33808"}],"wp:featuredmedia":[{"embeddable":true,"href":"https:\/\/adanaseshaber.com.tr\/index.php?rest_route=\/wp\/v2\/media\/33805"}],"wp:attachment":[{"href":"https:\/\/adanaseshaber.com.tr\/index.php?rest_route=%2Fwp%2Fv2%2Fmedia&parent=33803"}],"wp:term":[{"taxonomy":"category","embeddable":true,"href":"https:\/\/adanaseshaber.com.tr\/index.php?rest_route=%2Fwp%2Fv2%2Fcategories&post=33803"},{"taxonomy":"post_tag","embeddable":true,"href":"https:\/\/adanaseshaber.com.tr\/index.php?rest_route=%2Fwp%2Fv2%2Ftags&post=33803"}],"curies":[{"name":"wp","href":"https:\/\/api.w.org\/{rel}","templated":true}]}}