{"id":33812,"date":"2022-08-11T17:16:00","date_gmt":"2022-08-11T14:16:00","guid":{"rendered":"https:\/\/www.adanaseshaber.com\/?p=33812"},"modified":"2022-08-11T17:16:13","modified_gmt":"2022-08-11T14:16:13","slug":"ertem-sener-galatasarayi-tehdit-etti-taraftarlar-ayaga-kalkti","status":"publish","type":"post","link":"https:\/\/adanaseshaber.com.tr\/?p=33812","title":{"rendered":"Ertem \u015eener Galatasaray\u2019\u0131 tehdit etti, taraftarlar aya\u011fa kalkt\u0131"},"content":{"rendered":"<p>\u00dcnl\u00fc spiker Ertem \u015eener, eski hakem ve spor yorumcusu Ahmet \u00c7akar ile beraber sosyal medya hesab\u0131ndan canl\u0131 yay\u0131n a\u00e7t\u0131. Ertem \u015eener\u2019in a\u00e7t\u0131\u011f\u0131 yay\u0131nda Galatasaray ile ilgili s\u00f6yledi\u011fi s\u00f6zler sar\u0131 k\u0131rm\u0131z\u0131l\u0131 taraftarlar\u0131 aya\u011fa kald\u0131rd\u0131. Ahmet \u00c7akar\u2019\u0131n da konuk oldu\u011fu canl\u0131 yay\u0131n\u0131n ard\u0131ndan tepkilerin \u00e7\u0131\u011f gibi b\u00fcy\u00fcd\u00fc\u011f\u00fc g\u00f6r\u00fcld\u00fc. Galatasaray taraftarlar\u0131 \u00fcnl\u00fc spikere \u00e7ok a\u011f\u0131r s\u00f6zlerle y\u00fcklendi. Ge\u00e7ti\u011fimiz sezon ayr\u0131ld\u0131\u011f\u0131 Beyaz TV&#8217;ye yeni sezonda geri d\u00f6nen \u00fcnl\u00fc spiker Ertem \u015eener, Galatasaray taraftar\u0131n\u0131n tepkisini \u00e7ekti. \u015eener\u2019in Ahmet \u00c7akar ile beraber sosyal medya hesab\u0131 \u00fczerinden a\u00e7t\u0131\u011f\u0131 canl\u0131 yay\u0131nda s\u00f6yledikleri sar\u0131 k\u0131rm\u0131z\u0131l\u0131 taraftarlar\u0131 adeta \u00e7ileden \u00e7\u0131kard\u0131. Galatasaray taraftar\u0131n\u0131n Ertem \u015eener\u2019e tepkisi s\u00fcr\u00fcyor. Peki, ertem \u015eener Galatasaray\u2019a ne dedi? Ertem \u015eener Galatasaray\u2019\u0131 tehdit mi etti? Galatasarayl\u0131 taraftarlar neden Ertem \u015eener\u2019e tepki g\u00f6steriyor? \u0130\u015fte t\u00fcm merak edilenler\u2026<\/p>\n<p><strong>CANLI YAYINDAK\u0130 S\u00d6ZLER\u0130 TEPK\u0130 TOPLADI<\/strong><\/p>\n<p>Ge\u00e7ti\u011fimiz sezon ayr\u0131ld\u0131\u011f\u0131 Beyaz TV ekranlar\u0131na geri d\u00f6nen \u00fcnl\u00fc spor spikeri Ertem \u015eener, beraber program yapt\u0131\u011f\u0131 eski hakem ve spor yorumcusu Ahmet \u00c7akar ile beraber sosyal medya hesab\u0131 \u00fczerinden canl\u0131 yay\u0131n a\u00e7t\u0131. Ertem \u015eener ve Ahmet \u00c7akar\u2019\u0131n yay\u0131n\u0131na y\u00fczlerce taraftar kat\u0131l\u0131m g\u00f6sterdi. Yay\u0131n esnas\u0131nda yaz\u0131lan bir yorumu okuyan ve \u00e7ok sinirlenen \u015eener, yay\u0131na kat\u0131lan bir ki\u015finin yazd\u0131\u011f\u0131 Beyaz TV\u2019nin Galatasaray Kul\u00fcb\u00fc\u2019ne giri\u015f \u00e7\u0131k\u0131\u015f\u0131n\u0131n iptal edilece\u011fi y\u00f6n\u00fcndeki yoruma \u2018Hadi iptal etsinler bakay\u0131m, hadi\u2019 s\u00f6zleriyle yan\u0131t verdi. Ertem \u015eener\u2019in bu tavr\u0131 Galatasaray taraftar\u0131n\u0131 aya\u011fa kald\u0131rd\u0131.<\/p>\n<p><img loading=\"lazy\" decoding=\"async\" class=\"aligncenter wp-image-33816 size-full\" src=\"https:\/\/adanaseshaber.com.tr\/wp-content\/uploads\/2022\/08\/ertem-sener-galatasarayi-tehdit-etti-taraftarlar-ayaga-kalkti-1.jpg\" alt=\"\" width=\"1280\" height=\"720\" srcset=\"https:\/\/adanaseshaber.com.tr\/wp-content\/uploads\/2022\/08\/ertem-sener-galatasarayi-tehdit-etti-taraftarlar-ayaga-kalkti-1.jpg 1280w, https:\/\/adanaseshaber.com.tr\/wp-content\/uploads\/2022\/08\/ertem-sener-galatasarayi-tehdit-etti-taraftarlar-ayaga-kalkti-1-300x169.jpg 300w, https:\/\/adanaseshaber.com.tr\/wp-content\/uploads\/2022\/08\/ertem-sener-galatasarayi-tehdit-etti-taraftarlar-ayaga-kalkti-1-1024x576.jpg 1024w, https:\/\/adanaseshaber.com.tr\/wp-content\/uploads\/2022\/08\/ertem-sener-galatasarayi-tehdit-etti-taraftarlar-ayaga-kalkti-1-768x432.jpg 768w, https:\/\/adanaseshaber.com.tr\/wp-content\/uploads\/2022\/08\/ertem-sener-galatasarayi-tehdit-etti-taraftarlar-ayaga-kalkti-1-390x220.jpg 390w\" sizes=\"auto, (max-width: 1280px) 100vw, 1280px\" \/><\/p>\n<p><strong>TARAFTARLAR TEPK\u0130 G\u00d6STER\u0130YOR<\/strong><\/p>\n<p>Ertem \u015eener\u2019in kulland\u0131\u011f\u0131 bu s\u00f6zler \u00fczerine baz\u0131 taraftarlar ise \u2018Sen Galatasaray\u2019\u0131 tehdit mi ediyorsun?\u2019 yorumunu yapt\u0131. Ertem \u015eener ise \u2018Tehdit falan de\u011fil, biz s\u00f6z\u00fcm\u00fczde durduk, , iptal etsinler diyorum rica ediyorum\u2019 yan\u0131t\u0131n\u0131 verdi. Ertem \u015eener\u2019e Galatasaray taraftarlar\u0131n\u0131n tepkisi devam ederken \u00fcnl\u00fc spor spikerinden yeni bir a\u00e7\u0131klama daha geldi.<\/p>\n<p><strong>\u2018\u00d6Z\u00dcR D\u0130LEMEK YOK\u2019<\/strong><\/p>\n<p>Olay\u0131n sosyal medyada g\u00fcndem olmas\u0131 ve tepkilerin giderek b\u00fcy\u00fcmesinin ard\u0131ndan yeni bir a\u00e7\u0131klama daha yapan Ertem \u015eener, kendisine gelen \u2018\u00d6z\u00fcr dile\u2019 bask\u0131lar\u0131na ise \u2018\u00d6z\u00fcr m\u00f6z\u00fcr dilemek yok. Hatas\u0131 olan \u00f6z\u00fcr diler. Benim Galatasaray\u2019a ve camias\u0131na en ufak bir sayg\u0131s\u0131zl\u0131\u011f\u0131m olmad\u0131, olamaz. Sus, konu\u015fma, sosyal medyaya g\u00f6re hareket et. Birilerinin i\u015fine gelmez ise lin\u00e7. Hem de su\u00e7suz yere. \u00d6z\u00fcr dilemiyorum, dilemeyece\u011fim.\u2019 yan\u0131t\u0131n\u0131 verdi.<\/p>\n","protected":false},"excerpt":{"rendered":"<p>\u00dcnl\u00fc spiker Ertem \u015eener, eski hakem ve spor yorumcusu Ahmet \u00c7akar ile beraber sosyal medya hesab\u0131ndan canl\u0131 yay\u0131n a\u00e7t\u0131. Ertem \u015eener\u2019in a\u00e7t\u0131\u011f\u0131 yay\u0131nda Galatasaray ile ilgili s\u00f6yledi\u011fi s\u00f6zler sar\u0131 k\u0131rm\u0131z\u0131l\u0131 taraftarlar\u0131 aya\u011fa kald\u0131rd\u0131. Ahmet \u00c7akar\u2019\u0131n da konuk oldu\u011fu canl\u0131 yay\u0131n\u0131n ard\u0131ndan tepkilerin \u00e7\u0131\u011f gibi b\u00fcy\u00fcd\u00fc\u011f\u00fc g\u00f6r\u00fcld\u00fc. Galatasaray taraftarlar\u0131 \u00fcnl\u00fc spikere \u00e7ok a\u011f\u0131r s\u00f6zlerle y\u00fcklendi. Ge\u00e7ti\u011fimiz &hellip;<\/p>\n","protected":false},"author":6,"featured_media":33815,"comment_status":"closed","ping_status":"closed","sticky":false,"template":"","format":"standard","meta":{"footnotes":""},"categories":[5],"tags":[],"class_list":["post-33812","post","type-post","status-publish","format-standard","has-post-thumbnail","hentry","category-spor"],"amp_enabled":true,"_links":{"self":[{"href":"https:\/\/adanaseshaber.com.tr\/index.php?rest_route=\/wp\/v2\/posts\/33812","targetHints":{"allow":["GET"]}}],"collection":[{"href":"https:\/\/adanaseshaber.com.tr\/index.php?rest_route=\/wp\/v2\/posts"}],"about":[{"href":"https:\/\/adanaseshaber.com.tr\/index.php?rest_route=\/wp\/v2\/types\/post"}],"author":[{"embeddable":true,"href":"https:\/\/adanaseshaber.com.tr\/index.php?rest_route=\/wp\/v2\/users\/6"}],"replies":[{"embeddable":true,"href":"https:\/\/adanaseshaber.com.tr\/index.php?rest_route=%2Fwp%2Fv2%2Fcomments&post=33812"}],"version-history":[{"count":2,"href":"https:\/\/adanaseshaber.com.tr\/index.php?rest_route=\/wp\/v2\/posts\/33812\/revisions"}],"predecessor-version":[{"id":33818,"href":"https:\/\/adanaseshaber.com.tr\/index.php?rest_route=\/wp\/v2\/posts\/33812\/revisions\/33818"}],"wp:featuredmedia":[{"embeddable":true,"href":"https:\/\/adanaseshaber.com.tr\/index.php?rest_route=\/wp\/v2\/media\/33815"}],"wp:attachment":[{"href":"https:\/\/adanaseshaber.com.tr\/index.php?rest_route=%2Fwp%2Fv2%2Fmedia&parent=33812"}],"wp:term":[{"taxonomy":"category","embeddable":true,"href":"https:\/\/adanaseshaber.com.tr\/index.php?rest_route=%2Fwp%2Fv2%2Fcategories&post=33812"},{"taxonomy":"post_tag","embeddable":true,"href":"https:\/\/adanaseshaber.com.tr\/index.php?rest_route=%2Fwp%2Fv2%2Ftags&post=33812"}],"curies":[{"name":"wp","href":"https:\/\/api.w.org\/{rel}","templated":true}]}}