{"id":33822,"date":"2022-08-11T18:29:14","date_gmt":"2022-08-11T15:29:14","guid":{"rendered":"https:\/\/www.adanaseshaber.com\/?p=33822"},"modified":"2022-08-11T18:29:14","modified_gmt":"2022-08-11T15:29:14","slug":"tiktokta-canli-yayin-yapan-4-kadina-gonderilen-hediyeler-agizlari-acik-birakti","status":"publish","type":"post","link":"https:\/\/adanaseshaber.com.tr\/?p=33822","title":{"rendered":"TikTok\u2019ta canl\u0131 yay\u0131n yapan 4 kad\u0131na g\u00f6nderilen hediyeler a\u011f\u0131zlar\u0131 a\u00e7\u0131k b\u0131rakt\u0131"},"content":{"rendered":"<p>TikTok\u2019ta ya\u015fananlar T\u00fcrkiye g\u00fcndeminde geni\u015f yer bulmaya devam ediyor. Son olarak TikTok\u2019ta canl\u0131 yay\u0131n yapan 4 kad\u0131n\u0131n yay\u0131n\u0131 k\u0131sa s\u00fcrede g\u00fcndem oldu. Canl\u0131 yay\u0131n yapan kad\u0131nlardan birinin kendilerine g\u00f6nderilen hediyeyle ilgili s\u00f6yledikleri ve kad\u0131nlar\u0131n sohbet ettikleri anlar izlenme rekoru k\u0131rd\u0131. Sosyal medyan\u0131n da g\u00fcndemine oturan canl\u0131 yay\u0131nla ilgili yorum ya\u011fd\u0131. TikTok\u2019taki ilgin\u00e7 olaylara bir yenisi daha eklendi. Son olarak 4 kad\u0131n taraf\u0131ndan a\u00e7\u0131lan canl\u0131 yay\u0131n g\u00fcn\u00fcn en \u00e7ok konu\u015fulan konusu oldu. 4 arkada\u015f\u0131n TikTok \u00fczerinden a\u00e7t\u0131klar\u0131 canl\u0131 yay\u0131nda hem birbirleriyle hem de takip\u00e7ileriyle yapt\u0131klar\u0131 sohbet izlenme rekoru k\u0131rd\u0131. Kad\u0131nlardan birinin takip\u00e7ileri taraf\u0131ndan kendilerine g\u00f6nderilen hediye kar\u015f\u0131s\u0131nda yapt\u0131\u011f\u0131 yorum ise yay\u0131n\u0131n en ilgin\u00e7 an\u0131 oldu.<\/p>\n<p><strong>4 ARKADA\u015eIN T\u0130KTOK CANLI YAYINI G\u00dcNDEM OLDU<\/strong><\/p>\n<p>En yayg\u0131n kullan\u0131lan sosyal medya uygulamalar\u0131ndan biri olan TikTok, T\u00fcrkiye\u2019nin g\u00fcndeminde birinci s\u0131rada yer almaya devam ediyor. TikTok \u00fczerinden yap\u0131lan payla\u015f\u0131mlar s\u0131k s\u0131k g\u00fcndeme gelirken son olarak 4 arkada\u015f\u0131n uygulama \u00fczerinden a\u00e7t\u0131\u011f\u0131 canl\u0131 yay\u0131n \u00e7ok konu\u015fuldu. 4 arkada\u015f, TikTok \u00fczerinden a\u00e7\u0131lan canl\u0131 yay\u0131na kat\u0131lan 4 arkada\u015f, hem kendi aralar\u0131nda sohbet etti hem de takip\u00e7ileri ile ilgili konu\u015fma yapt\u0131. Takip\u00e7ileri ise canl\u0131 yay\u0131n yapan 4 kad\u0131na hediye g\u00f6nderdi.<\/p>\n<p><img loading=\"lazy\" decoding=\"async\" class=\"aligncenter wp-image-33824 size-full\" src=\"https:\/\/adanaseshaber.com.tr\/wp-content\/uploads\/2022\/08\/tiktokta-canli-yayin-yapan-4-kadina-gonderilen-hediyeler-agizlari-acik-birakti-1.jpg\" alt=\"\" width=\"1280\" height=\"720\" srcset=\"https:\/\/adanaseshaber.com.tr\/wp-content\/uploads\/2022\/08\/tiktokta-canli-yayin-yapan-4-kadina-gonderilen-hediyeler-agizlari-acik-birakti-1.jpg 1280w, https:\/\/adanaseshaber.com.tr\/wp-content\/uploads\/2022\/08\/tiktokta-canli-yayin-yapan-4-kadina-gonderilen-hediyeler-agizlari-acik-birakti-1-300x169.jpg 300w, https:\/\/adanaseshaber.com.tr\/wp-content\/uploads\/2022\/08\/tiktokta-canli-yayin-yapan-4-kadina-gonderilen-hediyeler-agizlari-acik-birakti-1-1024x576.jpg 1024w, https:\/\/adanaseshaber.com.tr\/wp-content\/uploads\/2022\/08\/tiktokta-canli-yayin-yapan-4-kadina-gonderilen-hediyeler-agizlari-acik-birakti-1-768x432.jpg 768w, https:\/\/adanaseshaber.com.tr\/wp-content\/uploads\/2022\/08\/tiktokta-canli-yayin-yapan-4-kadina-gonderilen-hediyeler-agizlari-acik-birakti-1-390x220.jpg 390w\" sizes=\"auto, (max-width: 1280px) 100vw, 1280px\" \/><\/p>\n<p><strong>SANDIK HED\u0130YES\u0130 G\u00d6NDERD\u0130<\/strong><\/p>\n<p>4 arkada\u015f\u0131n TikTok canl\u0131 yay\u0131n\u0131 esnas\u0131ndaki sohbetleri g\u00fcndem oldu. Sosyal medyan\u0131n en \u00e7ok konu\u015fulan konular\u0131ndan biri olan yay\u0131nla ilgili \u00e7ok say\u0131da yorum geldi. Takip\u00e7ilerinin g\u00f6nderdi\u011fi hediyelere yorum yapan kad\u0131nlardan biri kendilerine sand\u0131k hediyesi g\u00f6nderen ki\u015fiye \u2018Allah sand\u0131klar\u0131 atandan raz\u0131 olsun\u2019 dedi. Bu anlar ise k\u0131sa s\u00fcrede izlenme rekoru k\u0131rd\u0131.<\/p>\n<p>&nbsp;<\/p>\n","protected":false},"excerpt":{"rendered":"<p>TikTok\u2019ta ya\u015fananlar T\u00fcrkiye g\u00fcndeminde geni\u015f yer bulmaya devam ediyor. Son olarak TikTok\u2019ta canl\u0131 yay\u0131n yapan 4 kad\u0131n\u0131n yay\u0131n\u0131 k\u0131sa s\u00fcrede g\u00fcndem oldu. Canl\u0131 yay\u0131n yapan kad\u0131nlardan birinin kendilerine g\u00f6nderilen hediyeyle ilgili s\u00f6yledikleri ve kad\u0131nlar\u0131n sohbet ettikleri anlar izlenme rekoru k\u0131rd\u0131. Sosyal medyan\u0131n da g\u00fcndemine oturan canl\u0131 yay\u0131nla ilgili yorum ya\u011fd\u0131. TikTok\u2019taki ilgin\u00e7 olaylara bir yenisi &hellip;<\/p>\n","protected":false},"author":6,"featured_media":33823,"comment_status":"closed","ping_status":"closed","sticky":false,"template":"","format":"standard","meta":{"footnotes":""},"categories":[1],"tags":[],"class_list":["post-33822","post","type-post","status-publish","format-standard","has-post-thumbnail","hentry","category-genel"],"amp_enabled":true,"_links":{"self":[{"href":"https:\/\/adanaseshaber.com.tr\/index.php?rest_route=\/wp\/v2\/posts\/33822","targetHints":{"allow":["GET"]}}],"collection":[{"href":"https:\/\/adanaseshaber.com.tr\/index.php?rest_route=\/wp\/v2\/posts"}],"about":[{"href":"https:\/\/adanaseshaber.com.tr\/index.php?rest_route=\/wp\/v2\/types\/post"}],"author":[{"embeddable":true,"href":"https:\/\/adanaseshaber.com.tr\/index.php?rest_route=\/wp\/v2\/users\/6"}],"replies":[{"embeddable":true,"href":"https:\/\/adanaseshaber.com.tr\/index.php?rest_route=%2Fwp%2Fv2%2Fcomments&post=33822"}],"version-history":[{"count":2,"href":"https:\/\/adanaseshaber.com.tr\/index.php?rest_route=\/wp\/v2\/posts\/33822\/revisions"}],"predecessor-version":[{"id":33826,"href":"https:\/\/adanaseshaber.com.tr\/index.php?rest_route=\/wp\/v2\/posts\/33822\/revisions\/33826"}],"wp:featuredmedia":[{"embeddable":true,"href":"https:\/\/adanaseshaber.com.tr\/index.php?rest_route=\/wp\/v2\/media\/33823"}],"wp:attachment":[{"href":"https:\/\/adanaseshaber.com.tr\/index.php?rest_route=%2Fwp%2Fv2%2Fmedia&parent=33822"}],"wp:term":[{"taxonomy":"category","embeddable":true,"href":"https:\/\/adanaseshaber.com.tr\/index.php?rest_route=%2Fwp%2Fv2%2Fcategories&post=33822"},{"taxonomy":"post_tag","embeddable":true,"href":"https:\/\/adanaseshaber.com.tr\/index.php?rest_route=%2Fwp%2Fv2%2Ftags&post=33822"}],"curies":[{"name":"wp","href":"https:\/\/api.w.org\/{rel}","templated":true}]}}