{"id":33832,"date":"2022-08-11T19:07:30","date_gmt":"2022-08-11T16:07:30","guid":{"rendered":"https:\/\/www.adanaseshaber.com\/?p=33832"},"modified":"2022-08-11T19:08:35","modified_gmt":"2022-08-11T16:08:35","slug":"teskilat-kadrosuna-edhodan-bomba-transfer","status":"publish","type":"post","link":"https:\/\/adanaseshaber.com.tr\/?p=33832","title":{"rendered":"Te\u015fkilat kadrosuna EDHO\u2019dan bomba transfer"},"content":{"rendered":"<p>TRT ekranlar\u0131n\u0131n sevilen dizisi Te\u015fkilat\u2019a yeni sezonda bomba bir transfer ger\u00e7ekle\u015fiyor. Ekrana vedas\u0131yla hayranlar\u0131n\u0131 bir hayli \u00fczen E\u015fk\u0131ya D\u00fcnyaya H\u00fck\u00fcmdar Olmaz dizisinden Te\u015fkilat\u2019a \u00e7ok konu\u015fulacak bir transfer ger\u00e7ekle\u015fecek. Dizinin sevilen karakterlerinden olan \u00fcnl\u00fc oyuncu Te\u015fkilat dizisiyle yeniden sevenlerinin kar\u015f\u0131s\u0131na \u00e7\u0131kacak. Yeni sezonu b\u00fcy\u00fck bir heyecanla beklenen diziyle ilgili ara\u015ft\u0131rmalar devam ediyor. Yay\u0131nland\u0131\u011f\u0131 ilk g\u00fcnden bu yana b\u00fcy\u00fck bir ilgiyle takip edilen sevilen dizi Te\u015fkilat, yeni sezon haz\u0131rl\u0131klar\u0131na devam ediyor. \u00c7a\u011flar Ertu\u011frul\u2019un vedas\u0131 dizinin hayranlar\u0131n\u0131 \u00fczse de yeni sezona bomba gibi haz\u0131rlanan dizinin kadrosuna kat\u0131lan isim izleyiciyi heyecanland\u0131rd\u0131. Ge\u00e7ti\u011fimiz y\u0131l ekrana vedas\u0131yla herkesi \u00fczen E\u015fk\u0131ya D\u00fcnyaya H\u00fck\u00fcmdar Olmaz\u2019\u0131n yak\u0131\u015f\u0131kl\u0131 oyuncusu Yunus Emre Y\u0131ld\u0131r\u0131mer\u2019in Te\u015fkilat dizisinin kadrosuna kat\u0131lma a\u015famas\u0131nda oldu\u011fu \u00f6\u011frenildi.<\/p>\n<p><strong>YEN\u0130 SEZON \u00c7EK\u0130MLER\u0130 BA\u015eLIYOR<\/strong><\/p>\n<p>TRT ekranlar\u0131n\u0131n izlenme rekorlar\u0131 k\u0131ran dizisi Te\u015fkilat, yeni sezon i\u00e7in haz\u0131rl\u0131klar\u0131na devam ediyor. Yeni sezon \u00e7ekimlerine ba\u015flamaya haz\u0131rlanan sevilen dizi yine \u00e7ok iddial\u0131. Bilindi\u011fi gibi dizinin ba\u015frol oyuncular\u0131ndan biri olan \u00c7a\u011flar Ertu\u011frul\u2019un vedas\u0131 \u00e7ok konu\u015fulmu\u015f ve hayranlar\u0131 b\u00fcy\u00fck bir \u00fcz\u00fcnt\u00fc ya\u015fam\u0131\u015ft\u0131. \u00c7a\u011flar Ertu\u011frul\u2019un vedas\u0131 sonras\u0131nda dizinin kadrosuna yeni isimler kat\u0131laca\u011f\u0131 g\u00fcndeme gelmi\u015fti.<\/p>\n<p><img loading=\"lazy\" decoding=\"async\" class=\"aligncenter wp-image-33834 size-full\" src=\"https:\/\/adanaseshaber.com.tr\/wp-content\/uploads\/2022\/08\/teskilat-kadrosuna-edhodan-bomba-transfer-1.jpg\" alt=\"\" width=\"1280\" height=\"720\" srcset=\"https:\/\/adanaseshaber.com.tr\/wp-content\/uploads\/2022\/08\/teskilat-kadrosuna-edhodan-bomba-transfer-1.jpg 1280w, https:\/\/adanaseshaber.com.tr\/wp-content\/uploads\/2022\/08\/teskilat-kadrosuna-edhodan-bomba-transfer-1-300x169.jpg 300w, https:\/\/adanaseshaber.com.tr\/wp-content\/uploads\/2022\/08\/teskilat-kadrosuna-edhodan-bomba-transfer-1-1024x576.jpg 1024w, https:\/\/adanaseshaber.com.tr\/wp-content\/uploads\/2022\/08\/teskilat-kadrosuna-edhodan-bomba-transfer-1-768x432.jpg 768w, https:\/\/adanaseshaber.com.tr\/wp-content\/uploads\/2022\/08\/teskilat-kadrosuna-edhodan-bomba-transfer-1-390x220.jpg 390w\" sizes=\"auto, (max-width: 1280px) 100vw, 1280px\" \/><\/p>\n<p><strong>EDHO\u2019NUN ALPASLAN\u2019I TE\u015eK\u0130LAT\u2019A GEL\u0130YOR<\/strong><\/p>\n<p>Ge\u00e7ti\u011fimiz y\u0131l ekrana veda eden ve vedas\u0131yla \u00e7ok konu\u015fulan E\u015fk\u0131ya D\u00fcnyaya H\u00fck\u00fcmdar Olmaz\u2019\u0131n sevilen karakterlerinden biri olan Alpaslan\u2019a hayat veren oyuncu Yunus Emre Y\u0131ld\u0131r\u0131mer\u2019in Te\u015fkilat dizisiyle imza a\u015famas\u0131nda oldu\u011fu \u00f6\u011frenildi. \u00dcnl\u00fc oyuncunun Te\u015fkilat dizisi kadrosuna kat\u0131laca\u011f\u0131na dair haberler hayranlar\u0131n\u0131 olduk\u00e7a heyecanland\u0131rd\u0131. Yunus Emre Y\u0131ld\u0131r\u0131mer\u2019in Te\u015fkilat dizisi ile anla\u015fma a\u015famas\u0131nda oldu\u011funu duyanlar \u00fcnl\u00fc oyuncunun dizinin kadrosuna \u00e7ok yak\u0131\u015faca\u011f\u0131na dair yorumlar yapt\u0131.<\/p>\n","protected":false},"excerpt":{"rendered":"<p>TRT ekranlar\u0131n\u0131n sevilen dizisi Te\u015fkilat\u2019a yeni sezonda bomba bir transfer ger\u00e7ekle\u015fiyor. Ekrana vedas\u0131yla hayranlar\u0131n\u0131 bir hayli \u00fczen E\u015fk\u0131ya D\u00fcnyaya H\u00fck\u00fcmdar Olmaz dizisinden Te\u015fkilat\u2019a \u00e7ok konu\u015fulacak bir transfer ger\u00e7ekle\u015fecek. Dizinin sevilen karakterlerinden olan \u00fcnl\u00fc oyuncu Te\u015fkilat dizisiyle yeniden sevenlerinin kar\u015f\u0131s\u0131na \u00e7\u0131kacak. Yeni sezonu b\u00fcy\u00fck bir heyecanla beklenen diziyle ilgili ara\u015ft\u0131rmalar devam ediyor. Yay\u0131nland\u0131\u011f\u0131 ilk g\u00fcnden bu &hellip;<\/p>\n","protected":false},"author":6,"featured_media":33833,"comment_status":"closed","ping_status":"closed","sticky":false,"template":"","format":"standard","meta":{"footnotes":""},"categories":[15431],"tags":[],"class_list":["post-33832","post","type-post","status-publish","format-standard","has-post-thumbnail","hentry","category-medya"],"amp_enabled":true,"_links":{"self":[{"href":"https:\/\/adanaseshaber.com.tr\/index.php?rest_route=\/wp\/v2\/posts\/33832","targetHints":{"allow":["GET"]}}],"collection":[{"href":"https:\/\/adanaseshaber.com.tr\/index.php?rest_route=\/wp\/v2\/posts"}],"about":[{"href":"https:\/\/adanaseshaber.com.tr\/index.php?rest_route=\/wp\/v2\/types\/post"}],"author":[{"embeddable":true,"href":"https:\/\/adanaseshaber.com.tr\/index.php?rest_route=\/wp\/v2\/users\/6"}],"replies":[{"embeddable":true,"href":"https:\/\/adanaseshaber.com.tr\/index.php?rest_route=%2Fwp%2Fv2%2Fcomments&post=33832"}],"version-history":[{"count":3,"href":"https:\/\/adanaseshaber.com.tr\/index.php?rest_route=\/wp\/v2\/posts\/33832\/revisions"}],"predecessor-version":[{"id":33838,"href":"https:\/\/adanaseshaber.com.tr\/index.php?rest_route=\/wp\/v2\/posts\/33832\/revisions\/33838"}],"wp:featuredmedia":[{"embeddable":true,"href":"https:\/\/adanaseshaber.com.tr\/index.php?rest_route=\/wp\/v2\/media\/33833"}],"wp:attachment":[{"href":"https:\/\/adanaseshaber.com.tr\/index.php?rest_route=%2Fwp%2Fv2%2Fmedia&parent=33832"}],"wp:term":[{"taxonomy":"category","embeddable":true,"href":"https:\/\/adanaseshaber.com.tr\/index.php?rest_route=%2Fwp%2Fv2%2Fcategories&post=33832"},{"taxonomy":"post_tag","embeddable":true,"href":"https:\/\/adanaseshaber.com.tr\/index.php?rest_route=%2Fwp%2Fv2%2Ftags&post=33832"}],"curies":[{"name":"wp","href":"https:\/\/api.w.org\/{rel}","templated":true}]}}