{"id":33851,"date":"2022-08-11T21:29:55","date_gmt":"2022-08-11T18:29:55","guid":{"rendered":"https:\/\/www.adanaseshaber.com\/?p=33851"},"modified":"2022-08-11T21:39:14","modified_gmt":"2022-08-11T18:39:14","slug":"5-islami-dayanisma-oyunlarinda-katarli-oyuncu-saad-sulaman-turk-oyunculara-kafa-kesme-hareketi-yapti","status":"publish","type":"post","link":"https:\/\/adanaseshaber.com.tr\/?p=33851","title":{"rendered":"5. \u0130slami Dayan\u0131\u015fma Oyunlar\u0131\u2019nda Katarl\u0131 oyuncu Saad Sulaiman T\u00fcrk oyunculara kafa kesme hareketi yapt\u0131"},"content":{"rendered":"<p>5. \u0130slami Dayan\u0131\u015fma Oyunlar\u0131\u2019nda skandal bir olay ya\u015fand\u0131. T\u00fcrkiye ile Katar aras\u0131nda oynanan voleybol ma\u00e7\u0131nda Katarl\u0131 voleybolcu Saad Sulaiman, T\u00fcrk oyunculara kafa kesme hareketi yapt\u0131. Katarl\u0131 voleybolcunun tart\u0131\u015fma esnas\u0131nda yapt\u0131\u011f\u0131 bu hareket g\u00fcndeme bomba gibi d\u00fc\u015ferken sosyal medya aya\u011fa kalkt\u0131. Kar\u015f\u0131la\u015fmaya damga vuran bu anlarla ilgili \u00e7ok say\u0131da yorum geldi. T\u00fcrkiye ile Katar aras\u0131nda oynanan voleybol ma\u00e7\u0131nda Katarl\u0131 voleybolcu Saad Sulaiman\u2019\u0131n millilerimize yapt\u0131\u011f\u0131 kafa kesme hareketi sosyal medyay\u0131 aya\u011fa kald\u0131rd\u0131. Katarl\u0131 voleybolcunun tart\u0131\u015fma esnas\u0131nda yapt\u0131\u011f\u0131 harekete tepki ya\u011fd\u0131. Kar\u015f\u0131la\u015fmaya damga vuran bu hareketle ilgili \u00e7ok say\u0131da payla\u015f\u0131m yap\u0131l\u0131rken olay g\u00fcn\u00fcn en \u00e7ok konu\u015fulanlar\u0131 aras\u0131nda en \u00fcst s\u0131rada yerini ald\u0131.<\/p>\n<p><strong>T\u00dcRK OYUNCULARA KAFA KESME HAREKET\u0130 YAPTI<\/strong><\/p>\n<p>Konya&#8217;da d\u00fczenlenen 5. \u0130slami Dayan\u0131\u015fma Oyunlar\u0131&#8217;nda T\u00fcrkiye-Katar aras\u0131nda oynanan voleybol ma\u00e7\u0131na Katarl\u0131 voleybolcu Saad Sulaiman&#8217;\u0131n yapt\u0131\u011f\u0131 skandal hareket damga vurdu. Kar\u015f\u0131la\u015fma esnas\u0131nda ya\u015fanan bir tart\u0131\u015fma s\u0131ras\u0131nda T\u00fcrk oyunculara d\u00f6nerek kafa kesme hareketi yapan Saad Sulaiman&#8217;a sosyal medyadan tepki ya\u011fd\u0131.<\/p>\n<p><img loading=\"lazy\" decoding=\"async\" class=\"aligncenter wp-image-33858 size-full\" src=\"https:\/\/adanaseshaber.com.tr\/wp-content\/uploads\/2022\/08\/5-islami-dayanisma-oyunlarinda-katarli-oyuncu-saad-sulaman-turk-oyunculara-kafa-kesme-hareketi-yapti-1.jpg\" alt=\"\" width=\"1280\" height=\"720\" srcset=\"https:\/\/adanaseshaber.com.tr\/wp-content\/uploads\/2022\/08\/5-islami-dayanisma-oyunlarinda-katarli-oyuncu-saad-sulaman-turk-oyunculara-kafa-kesme-hareketi-yapti-1.jpg 1280w, https:\/\/adanaseshaber.com.tr\/wp-content\/uploads\/2022\/08\/5-islami-dayanisma-oyunlarinda-katarli-oyuncu-saad-sulaman-turk-oyunculara-kafa-kesme-hareketi-yapti-1-300x169.jpg 300w, https:\/\/adanaseshaber.com.tr\/wp-content\/uploads\/2022\/08\/5-islami-dayanisma-oyunlarinda-katarli-oyuncu-saad-sulaman-turk-oyunculara-kafa-kesme-hareketi-yapti-1-1024x576.jpg 1024w, https:\/\/adanaseshaber.com.tr\/wp-content\/uploads\/2022\/08\/5-islami-dayanisma-oyunlarinda-katarli-oyuncu-saad-sulaman-turk-oyunculara-kafa-kesme-hareketi-yapti-1-768x432.jpg 768w, https:\/\/adanaseshaber.com.tr\/wp-content\/uploads\/2022\/08\/5-islami-dayanisma-oyunlarinda-katarli-oyuncu-saad-sulaman-turk-oyunculara-kafa-kesme-hareketi-yapti-1-390x220.jpg 390w\" sizes=\"auto, (max-width: 1280px) 100vw, 1280px\" \/><\/p>\n<p><strong>SOSYAL MEDYA AYA\u011eA KALKTI<\/strong><\/p>\n<p>T\u00fcrkiye ile Katar aras\u0131nda oynanan voleybol ma\u00e7\u0131nda tansiyon y\u00fckseldi. Ma\u00e7\u0131n 3. setinin sonunda Katar&#8217;\u0131n liberosu Saad Sulaiman, tart\u0131\u015fma s\u0131ras\u0131nda T\u00fcrk oyunculara do\u011fru d\u00f6nerek kafa kesme hareketi yapt\u0131. \u0130ki tak\u0131m aras\u0131nda ya\u015fanan tart\u0131\u015fma s\u0131ras\u0131nda oyun d\u0131\u015f\u0131 kalan ve bu duruma \u00e7ok sinirlenen Sulaman, kenarda adeta \u00e7\u0131lg\u0131na d\u00f6nd\u00fc. Oyun d\u0131\u015f\u0131 kalmas\u0131na \u00e7ok sinirlenen Katarl\u0131 sporcu, aya\u011fa kalkarak millilerimizin oldu\u011fu y\u00f6ne do\u011fru d\u00f6nd\u00fc ve kafa kesme hareketi yapt\u0131. Bu anlar kameralara saniye saniye yans\u0131rken g\u00f6r\u00fcnt\u00fclerin h\u0131zla yay\u0131lmas\u0131n\u0131n ard\u0131ndan sosyal medyada tepkiler \u00e7\u0131\u011f gibi b\u00fcy\u00fcd\u00fc.<\/p>\n<p>&nbsp;<\/p>\n","protected":false},"excerpt":{"rendered":"<p>5. \u0130slami Dayan\u0131\u015fma Oyunlar\u0131\u2019nda skandal bir olay ya\u015fand\u0131. T\u00fcrkiye ile Katar aras\u0131nda oynanan voleybol ma\u00e7\u0131nda Katarl\u0131 voleybolcu Saad Sulaiman, T\u00fcrk oyunculara kafa kesme hareketi yapt\u0131. Katarl\u0131 voleybolcunun tart\u0131\u015fma esnas\u0131nda yapt\u0131\u011f\u0131 bu hareket g\u00fcndeme bomba gibi d\u00fc\u015ferken sosyal medya aya\u011fa kalkt\u0131. Kar\u015f\u0131la\u015fmaya damga vuran bu anlarla ilgili \u00e7ok say\u0131da yorum geldi. T\u00fcrkiye ile Katar aras\u0131nda oynanan &hellip;<\/p>\n","protected":false},"author":6,"featured_media":33852,"comment_status":"closed","ping_status":"closed","sticky":false,"template":"","format":"standard","meta":{"footnotes":""},"categories":[5],"tags":[],"class_list":["post-33851","post","type-post","status-publish","format-standard","has-post-thumbnail","hentry","category-spor"],"amp_enabled":true,"_links":{"self":[{"href":"https:\/\/adanaseshaber.com.tr\/index.php?rest_route=\/wp\/v2\/posts\/33851","targetHints":{"allow":["GET"]}}],"collection":[{"href":"https:\/\/adanaseshaber.com.tr\/index.php?rest_route=\/wp\/v2\/posts"}],"about":[{"href":"https:\/\/adanaseshaber.com.tr\/index.php?rest_route=\/wp\/v2\/types\/post"}],"author":[{"embeddable":true,"href":"https:\/\/adanaseshaber.com.tr\/index.php?rest_route=\/wp\/v2\/users\/6"}],"replies":[{"embeddable":true,"href":"https:\/\/adanaseshaber.com.tr\/index.php?rest_route=%2Fwp%2Fv2%2Fcomments&post=33851"}],"version-history":[{"count":6,"href":"https:\/\/adanaseshaber.com.tr\/index.php?rest_route=\/wp\/v2\/posts\/33851\/revisions"}],"predecessor-version":[{"id":33859,"href":"https:\/\/adanaseshaber.com.tr\/index.php?rest_route=\/wp\/v2\/posts\/33851\/revisions\/33859"}],"wp:featuredmedia":[{"embeddable":true,"href":"https:\/\/adanaseshaber.com.tr\/index.php?rest_route=\/wp\/v2\/media\/33852"}],"wp:attachment":[{"href":"https:\/\/adanaseshaber.com.tr\/index.php?rest_route=%2Fwp%2Fv2%2Fmedia&parent=33851"}],"wp:term":[{"taxonomy":"category","embeddable":true,"href":"https:\/\/adanaseshaber.com.tr\/index.php?rest_route=%2Fwp%2Fv2%2Fcategories&post=33851"},{"taxonomy":"post_tag","embeddable":true,"href":"https:\/\/adanaseshaber.com.tr\/index.php?rest_route=%2Fwp%2Fv2%2Ftags&post=33851"}],"curies":[{"name":"wp","href":"https:\/\/api.w.org\/{rel}","templated":true}]}}