{"id":33860,"date":"2022-08-11T22:16:22","date_gmt":"2022-08-11T19:16:22","guid":{"rendered":"https:\/\/www.adanaseshaber.com\/?p=33860"},"modified":"2022-08-11T22:27:00","modified_gmt":"2022-08-11T19:27:00","slug":"austria-wien-nerenin-takimi-austria-wien-oyunculari-kimler-fenerbahce-austria-wien-maci-ne-zaman","status":"publish","type":"post","link":"https:\/\/adanaseshaber.com.tr\/?p=33860","title":{"rendered":"Austria Wien nerenin tak\u0131m\u0131? Austria Wien oyuncular\u0131 kimler? Fenerbah\u00e7e Austria Wien ma\u00e7\u0131 ne zaman?"},"content":{"rendered":"<p>Fenerbah\u00e7e, bu ak\u015fam ekrana gelen Slovacko ma\u00e7\u0131ndan galip ayr\u0131ld\u0131. \u0130lk kar\u015f\u0131la\u015fmada rakibini Kad\u0131k\u00f6y\u2019de 3-0 ma\u011flup eden Fenerbah\u00e7e, bu ak\u015fam oynanan r\u00f6van\u015f ma\u00e7\u0131nda 1-1\u2019lik skorla Slovacko\u2019yu eleyerek bir \u00fcst tura y\u00fckseldi. Fenerbah\u00e7e\u2019nin yeni rakibi ise Austria Wien oldu. UEFA Avrupa Ligi 3. eleme turunda temsilcimiz Fenerbah\u00e7e, deplasmanda Slovacko\u2019yu 1-1\u2019lik skorla eledi. \u0130lk ma\u00e7\u0131 3-0 kazanan sar\u0131 lacivertliler toplamda 4-1\u2019lik skorla play-off turuna y\u00fckselmeyi ba\u015fard\u0131. Fenerbah\u00e7e\u2019nin yeni rakibi ise Austria Wien oldu. Peki, Austria Wien nerenin tak\u0131m\u0131? Austria Wien hangi \u00fclkenin tak\u0131m\u0131? Austria Wien nas\u0131l bir tak\u0131m? Austria Wien oyuncular\u0131 kimler? Fenerbah\u00e7e-Austria Wien ma\u00e7\u0131 ne zaman, hangi g\u00fcn? \u0130\u015fte t\u00fcm merak edilenler\u2026<\/p>\n<p><b>AUSTR\u0130A W\u0130EN HANG\u0130 \u00dcLKEN\u0130N TAKIMI?<\/b><\/p>\n<p>Austria Wien, Avusturya&#8217;n\u0131n Viyana \u015fehrinde kurulan futbol kul\u00fcb\u00fcd\u00fcr. Mor beyazl\u0131 ekip, UEFA Avrupa Ligi 3. eleme play-off turunda temsilcimiz Fenerbah\u00e7e&#8217;nin rakibi olacak.<\/p>\n<p><img loading=\"lazy\" decoding=\"async\" class=\"aligncenter wp-image-33865 size-full\" src=\"https:\/\/adanaseshaber.com.tr\/wp-content\/uploads\/2022\/08\/austria-wien-nerenin-takimi-austria-wien-oyunculari-kimler-fenerbahce-austria-wien-maci-ne-zaman-1.jpg\" alt=\"\" width=\"1280\" height=\"720\" srcset=\"https:\/\/adanaseshaber.com.tr\/wp-content\/uploads\/2022\/08\/austria-wien-nerenin-takimi-austria-wien-oyunculari-kimler-fenerbahce-austria-wien-maci-ne-zaman-1.jpg 1280w, https:\/\/adanaseshaber.com.tr\/wp-content\/uploads\/2022\/08\/austria-wien-nerenin-takimi-austria-wien-oyunculari-kimler-fenerbahce-austria-wien-maci-ne-zaman-1-300x169.jpg 300w, https:\/\/adanaseshaber.com.tr\/wp-content\/uploads\/2022\/08\/austria-wien-nerenin-takimi-austria-wien-oyunculari-kimler-fenerbahce-austria-wien-maci-ne-zaman-1-1024x576.jpg 1024w, https:\/\/adanaseshaber.com.tr\/wp-content\/uploads\/2022\/08\/austria-wien-nerenin-takimi-austria-wien-oyunculari-kimler-fenerbahce-austria-wien-maci-ne-zaman-1-768x432.jpg 768w, https:\/\/adanaseshaber.com.tr\/wp-content\/uploads\/2022\/08\/austria-wien-nerenin-takimi-austria-wien-oyunculari-kimler-fenerbahce-austria-wien-maci-ne-zaman-1-390x220.jpg 390w\" sizes=\"auto, (max-width: 1280px) 100vw, 1280px\" \/><\/p>\n<p><strong>AUSTR\u0130A W\u0130EN OYUNCU KADROSU<\/strong><\/p>\n<p>Austria Wien tak\u0131m\u0131n oyuncu kadrosu \u015f\u00f6yle;<\/p>\n<p>&#8211; LPatrick Pentz<\/p>\n<p>&#8211; Filip Antovski<\/p>\n<p>-Eric Martel<\/p>\n<p>-Niels Hahn<\/p>\n<p>-Tristan Hammond<\/p>\n<p>Vesel Demaku<\/p>\n<p>&#8211; Alexander Gr\u00fcnwald<\/p>\n<p>-Lukas Wedl<\/p>\n<p>-Leonardo lvkic<\/p>\n<p>-Can Keles<\/p>\n<p>-Anouar El Moukhantir<\/p>\n<p>&#8211; Noah Ohio<\/p>\n<p>LAmmar Helac<\/p>\n<p>Matthias Braun\u00f6der<\/p>\n<p>-Christian Schoissengeyr<\/p>\n<p>-Muharem Huskovic<\/p>\n<p>-Markus Suttner<\/p>\n<p>-Manfred Fischer<\/p>\n<p>-Dominik Fitz<\/p>\n<p>-Georg Teigl<\/p>\n<p>-Johannes Handl<\/p>\n<p>-Marvin da Gra\u00e7a<\/p>\n<p>-Esad Bejic<\/p>\n<p>-Aleksandar Jukic<\/p>\n<p>-Marco Djuricin<\/p>\n<p>-Mirko Kos<\/p>\n<p>&nbsp;<\/p>\n<p>&nbsp;<\/p>\n","protected":false},"excerpt":{"rendered":"<p>Fenerbah\u00e7e, bu ak\u015fam ekrana gelen Slovacko ma\u00e7\u0131ndan galip ayr\u0131ld\u0131. \u0130lk kar\u015f\u0131la\u015fmada rakibini Kad\u0131k\u00f6y\u2019de 3-0 ma\u011flup eden Fenerbah\u00e7e, bu ak\u015fam oynanan r\u00f6van\u015f ma\u00e7\u0131nda 1-1\u2019lik skorla Slovacko\u2019yu eleyerek bir \u00fcst tura y\u00fckseldi. Fenerbah\u00e7e\u2019nin yeni rakibi ise Austria Wien oldu. UEFA Avrupa Ligi 3. eleme turunda temsilcimiz Fenerbah\u00e7e, deplasmanda Slovacko\u2019yu 1-1\u2019lik skorla eledi. \u0130lk ma\u00e7\u0131 3-0 kazanan sar\u0131 &hellip;<\/p>\n","protected":false},"author":6,"featured_media":33861,"comment_status":"closed","ping_status":"closed","sticky":false,"template":"","format":"standard","meta":{"footnotes":""},"categories":[5],"tags":[],"class_list":["post-33860","post","type-post","status-publish","format-standard","has-post-thumbnail","hentry","category-spor"],"amp_enabled":true,"_links":{"self":[{"href":"https:\/\/adanaseshaber.com.tr\/index.php?rest_route=\/wp\/v2\/posts\/33860","targetHints":{"allow":["GET"]}}],"collection":[{"href":"https:\/\/adanaseshaber.com.tr\/index.php?rest_route=\/wp\/v2\/posts"}],"about":[{"href":"https:\/\/adanaseshaber.com.tr\/index.php?rest_route=\/wp\/v2\/types\/post"}],"author":[{"embeddable":true,"href":"https:\/\/adanaseshaber.com.tr\/index.php?rest_route=\/wp\/v2\/users\/6"}],"replies":[{"embeddable":true,"href":"https:\/\/adanaseshaber.com.tr\/index.php?rest_route=%2Fwp%2Fv2%2Fcomments&post=33860"}],"version-history":[{"count":4,"href":"https:\/\/adanaseshaber.com.tr\/index.php?rest_route=\/wp\/v2\/posts\/33860\/revisions"}],"predecessor-version":[{"id":33866,"href":"https:\/\/adanaseshaber.com.tr\/index.php?rest_route=\/wp\/v2\/posts\/33860\/revisions\/33866"}],"wp:featuredmedia":[{"embeddable":true,"href":"https:\/\/adanaseshaber.com.tr\/index.php?rest_route=\/wp\/v2\/media\/33861"}],"wp:attachment":[{"href":"https:\/\/adanaseshaber.com.tr\/index.php?rest_route=%2Fwp%2Fv2%2Fmedia&parent=33860"}],"wp:term":[{"taxonomy":"category","embeddable":true,"href":"https:\/\/adanaseshaber.com.tr\/index.php?rest_route=%2Fwp%2Fv2%2Fcategories&post=33860"},{"taxonomy":"post_tag","embeddable":true,"href":"https:\/\/adanaseshaber.com.tr\/index.php?rest_route=%2Fwp%2Fv2%2Ftags&post=33860"}],"curies":[{"name":"wp","href":"https:\/\/api.w.org\/{rel}","templated":true}]}}