{"id":33867,"date":"2022-08-12T00:18:47","date_gmt":"2022-08-11T21:18:47","guid":{"rendered":"https:\/\/www.adanaseshaber.com\/?p=33867"},"modified":"2022-08-12T00:18:11","modified_gmt":"2022-08-11T21:18:11","slug":"esenyurtta-yol-ortasinda-cirilciplak-spor-yapan-sahis-kimseye-aldiris-etmedi","status":"publish","type":"post","link":"https:\/\/adanaseshaber.com.tr\/?p=33867","title":{"rendered":"Esenyurt\u2019ta yol ortas\u0131nda \u00e7\u0131r\u0131l\u00e7\u0131plak spor yapan \u015fah\u0131s kimseye ald\u0131r\u0131\u015f etmedi"},"content":{"rendered":"<p>\u0130stanbul\u2019un Esenyurt il\u00e7esinde yol ortas\u0131nda \u00e7\u0131r\u0131l\u00e7\u0131plak \u015fekilde spor yapan yabanc\u0131 uyruklu bir \u015fah\u0131s kendisini uyaran vatanda\u015flara ald\u0131r\u0131\u015f etmedi. Son d\u00f6nemde sokaklarda ya\u015fanan ilgin\u00e7 olaylara bir yenisi daha eklenirken bu kez adres Esenyurt oldu. Ge\u00e7ti\u011fimiz aylarda Bebek Sahili\u2019nde ya\u015fanan olay \u00e7ok konu\u015fulmu\u015f ve s\u00f6z konusu g\u00f6r\u00fcnt\u00fclere tepkiler \u00e7\u0131\u011f gibi b\u00fcy\u00fcm\u00fc\u015ft\u00fc. Bu kez de Esenyurt sokaklar\u0131ndan ilgin\u00e7 bir g\u00f6r\u00fcnt\u00fc geldi. Esenyurt\u2019ta yabanc\u0131 uyruklu bir \u015fah\u0131s kendisini \u00e7\u0131r\u0131l\u00e7\u0131plak soka\u011fa atarak spor yapmaya ba\u015flad\u0131. G\u00fcndeme bomba gibi d\u00fc\u015fen \u00e7\u0131plakl\u0131k vakas\u0131n\u0131n ya\u015fand\u0131\u011f\u0131 Esenyurt\u2019ta \u015fahs\u0131n \u00e7evredekilerin uyar\u0131lar\u0131na ald\u0131r\u0131\u015f etmedi\u011fi ve ilgin\u00e7 hareketlerini s\u00fcrd\u00fcrd\u00fc. Baz\u0131 vatanda\u015flar \u015fahs\u0131n mahrem yerlerini dondurma kal\u0131b\u0131yla \u00f6rtmeye \u00e7al\u0131\u015ft\u0131 ancak \u015fah\u0131s spor yapmaya devam etti.<\/p>\n<p><strong>SOKAKTA \u00c7IRIL\u00c7IPLAK SPOR YAPTI<\/strong><\/p>\n<p>Olay, \u0130stanbul\u2019un Esenyurt il\u00e7esinde Naz\u0131m Hikmet Bulvar\u0131\u2019nda meydana geldi. Yabanc\u0131 uyruklu bir \u015fah\u0131s sokak ortas\u0131nda \u00e7\u0131r\u0131l\u00e7\u0131plak spor yaparken g\u00f6r\u00fcnt\u00fclendi. \u00c7evredeki vatanda\u015flar\u0131n \u015fa\u015fk\u0131nl\u0131kla izledi\u011fi yabanc\u0131 uyruklu \u015fah\u0131s kendisine gelen uyar\u0131lara ald\u0131r\u0131\u015f etmeden spora devam etti. Cadde ortas\u0131nda \u00e7\u0131r\u0131l\u00e7\u0131plak bir halde spor yapan yabanc\u0131 uyruklu \u015fah\u0131s vatanda\u015flardan gelen tepkilere ald\u0131r\u0131\u015f etmedi. Baz\u0131 vatanda\u015flar ise \u015fahs\u0131n mahrem yerlerini dondurma kab\u0131yla \u00f6rtmeye \u00e7al\u0131\u015ft\u0131. Ancak \u00e7evredekilerin uyar\u0131lar\u0131 ve tepkilerine ald\u0131r\u0131\u015f etmeyen \u015fah\u0131s spor yapmaya devam etti.<\/p>\n<p><img loading=\"lazy\" decoding=\"async\" class=\"aligncenter wp-image-33869 size-full\" src=\"https:\/\/adanaseshaber.com.tr\/wp-content\/uploads\/2022\/08\/esenyurtta-yol-ortasinda-cirilciplak-spor-yapan-sahis-kimseye-aldiris-etmedi-1.jpg\" alt=\"\" width=\"1280\" height=\"720\" srcset=\"https:\/\/adanaseshaber.com.tr\/wp-content\/uploads\/2022\/08\/esenyurtta-yol-ortasinda-cirilciplak-spor-yapan-sahis-kimseye-aldiris-etmedi-1.jpg 1280w, https:\/\/adanaseshaber.com.tr\/wp-content\/uploads\/2022\/08\/esenyurtta-yol-ortasinda-cirilciplak-spor-yapan-sahis-kimseye-aldiris-etmedi-1-300x169.jpg 300w, https:\/\/adanaseshaber.com.tr\/wp-content\/uploads\/2022\/08\/esenyurtta-yol-ortasinda-cirilciplak-spor-yapan-sahis-kimseye-aldiris-etmedi-1-1024x576.jpg 1024w, https:\/\/adanaseshaber.com.tr\/wp-content\/uploads\/2022\/08\/esenyurtta-yol-ortasinda-cirilciplak-spor-yapan-sahis-kimseye-aldiris-etmedi-1-768x432.jpg 768w, https:\/\/adanaseshaber.com.tr\/wp-content\/uploads\/2022\/08\/esenyurtta-yol-ortasinda-cirilciplak-spor-yapan-sahis-kimseye-aldiris-etmedi-1-390x220.jpg 390w\" sizes=\"auto, (max-width: 1280px) 100vw, 1280px\" \/><\/p>\n<p><strong>EL\u0130NE SOPA ALIP VURMAYA KALKTI<\/strong><\/p>\n<p>\u015eahs\u0131n sergiledi\u011fi tav\u0131rlar ve \u00e7evreden gelen tepkilere ald\u0131r\u0131\u015f etmemesi baz\u0131 vatanda\u015flar\u0131 \u00f6fkelendirdi. Bir vatanda\u015f\u0131n eline sopa alarak \u015fahsa do\u011frulttu\u011fu ve vurmaya kakt\u0131\u011f\u0131 g\u00f6r\u00fcld\u00fc. Baz\u0131 vatanda\u015flar \u015fahs\u0131n kendinde olmad\u0131\u011f\u0131na dair yorumlar yapt\u0131. Sokak ortas\u0131nda kimseye ald\u0131rmadan \u00e7\u0131r\u0131l\u00e7\u0131plak halde spor yapan \u015fahs\u0131n g\u00f6r\u00fcnt\u00fcleri \u00e7evredeki vatanda\u015flar\u0131n cep telefonu kameralar\u0131na saniye saniye yans\u0131d\u0131. Sosyal medyada da h\u0131zla yay\u0131lan g\u00f6r\u00fcnt\u00fcler tepki toplad\u0131.<\/p>\n","protected":false},"excerpt":{"rendered":"<p>\u0130stanbul\u2019un Esenyurt il\u00e7esinde yol ortas\u0131nda \u00e7\u0131r\u0131l\u00e7\u0131plak \u015fekilde spor yapan yabanc\u0131 uyruklu bir \u015fah\u0131s kendisini uyaran vatanda\u015flara ald\u0131r\u0131\u015f etmedi. Son d\u00f6nemde sokaklarda ya\u015fanan ilgin\u00e7 olaylara bir yenisi daha eklenirken bu kez adres Esenyurt oldu. Ge\u00e7ti\u011fimiz aylarda Bebek Sahili\u2019nde ya\u015fanan olay \u00e7ok konu\u015fulmu\u015f ve s\u00f6z konusu g\u00f6r\u00fcnt\u00fclere tepkiler \u00e7\u0131\u011f gibi b\u00fcy\u00fcm\u00fc\u015ft\u00fc. Bu kez de Esenyurt sokaklar\u0131ndan ilgin\u00e7 &hellip;<\/p>\n","protected":false},"author":6,"featured_media":33868,"comment_status":"closed","ping_status":"closed","sticky":false,"template":"","format":"standard","meta":{"footnotes":""},"categories":[1],"tags":[],"class_list":["post-33867","post","type-post","status-publish","format-standard","has-post-thumbnail","hentry","category-genel"],"amp_enabled":true,"_links":{"self":[{"href":"https:\/\/adanaseshaber.com.tr\/index.php?rest_route=\/wp\/v2\/posts\/33867","targetHints":{"allow":["GET"]}}],"collection":[{"href":"https:\/\/adanaseshaber.com.tr\/index.php?rest_route=\/wp\/v2\/posts"}],"about":[{"href":"https:\/\/adanaseshaber.com.tr\/index.php?rest_route=\/wp\/v2\/types\/post"}],"author":[{"embeddable":true,"href":"https:\/\/adanaseshaber.com.tr\/index.php?rest_route=\/wp\/v2\/users\/6"}],"replies":[{"embeddable":true,"href":"https:\/\/adanaseshaber.com.tr\/index.php?rest_route=%2Fwp%2Fv2%2Fcomments&post=33867"}],"version-history":[{"count":2,"href":"https:\/\/adanaseshaber.com.tr\/index.php?rest_route=\/wp\/v2\/posts\/33867\/revisions"}],"predecessor-version":[{"id":33871,"href":"https:\/\/adanaseshaber.com.tr\/index.php?rest_route=\/wp\/v2\/posts\/33867\/revisions\/33871"}],"wp:featuredmedia":[{"embeddable":true,"href":"https:\/\/adanaseshaber.com.tr\/index.php?rest_route=\/wp\/v2\/media\/33868"}],"wp:attachment":[{"href":"https:\/\/adanaseshaber.com.tr\/index.php?rest_route=%2Fwp%2Fv2%2Fmedia&parent=33867"}],"wp:term":[{"taxonomy":"category","embeddable":true,"href":"https:\/\/adanaseshaber.com.tr\/index.php?rest_route=%2Fwp%2Fv2%2Fcategories&post=33867"},{"taxonomy":"post_tag","embeddable":true,"href":"https:\/\/adanaseshaber.com.tr\/index.php?rest_route=%2Fwp%2Fv2%2Ftags&post=33867"}],"curies":[{"name":"wp","href":"https:\/\/api.w.org\/{rel}","templated":true}]}}