{"id":33926,"date":"2022-08-12T11:44:47","date_gmt":"2022-08-12T08:44:47","guid":{"rendered":"https:\/\/www.adanaseshaber.com\/?p=33926"},"modified":"2022-08-12T11:48:28","modified_gmt":"2022-08-12T08:48:28","slug":"saglikcilara-ek-odeme-yonetmeligi-resmi-gazetede-yayimlandi","status":"publish","type":"post","link":"https:\/\/adanaseshaber.com.tr\/?p=33926","title":{"rendered":"Sa\u011fl\u0131k\u00e7\u0131lara Ek \u00d6deme Y\u00f6netmeli\u011fi Resmi Gazete\u2019de yay\u0131mland\u0131"},"content":{"rendered":"<p>Sa\u011fl\u0131k Bakan\u0131 Fahrettin Koca, sosyal medya hesab\u0131ndan sa\u011fl\u0131k \u00e7al\u0131\u015fanlar\u0131na y\u00f6nelik d\u00fczenlemelerle ilgili bilgilendirme yapmaya devam ediyor. S\u00fcrece ili\u015fkin t\u00fcm detaylar\u0131 sosyal medya hesab\u0131ndan payla\u015fan Bakan Koca, m\u00fcjdeyi verdi. Sa\u011fl\u0131k \u00c7al\u0131\u015fanlar\u0131\u2019n\u0131n \u00f6zl\u00fck haklar\u0131na y\u00f6nelik \u00f6nemli de\u011fi\u015fiklikleri i\u00e7eren Ek \u00d6deme Y\u00f6netmeli\u011fi Resmi Gazete\u2019de yay\u0131mland\u0131. M\u00fcjdeli haberi sosyal medya hesab\u0131 \u00fczerinden duyuran Bakan Koca, \u2018Y\u00f6netmelik dili hepimiz i\u00e7in a\u00e7\u0131k olmayabilir. G\u00fcnl\u00fck hayata terc\u00fcme, her ay\u0131n 15\u2019inde yap\u0131lacak\u2019 notunu d\u00fc\u015ft\u00fc. Sa\u011fl\u0131k \u00e7al\u0131\u015fanlar\u0131na y\u00f6nelik d\u00fczenlemenin Resmi Gazete\u2019de yay\u0131mlanmas\u0131n\u0131n ard\u0131ndan sosyal medyan\u0131n da g\u00fcndemi Ek \u00d6deme Y\u00f6netmeli\u011fi oldu. Yap\u0131lan d\u00fczenlemeyle ilgili \u00e7ok say\u0131da yorum geldi.<\/p>\n<p><strong>SA\u011eLIK BAKANI DUYURDU<\/strong><\/p>\n<p>Sa\u011fl\u0131k Bakan\u0131 Fahrettin Koca, sosyal medya hesab\u0131ndan yapt\u0131\u011f\u0131 payla\u015f\u0131mla sa\u011fl\u0131k \u00e7al\u0131\u015fanlar\u0131na y\u00f6nelik d\u00fczenlemeyle ilgili m\u00fcjdeli haberi verdi. Sa\u011fl\u0131k Bakanl\u0131\u011f\u0131 Ek \u00d6deme Y\u00f6netmeli\u011fi\u2019nin Resmi Gazete\u2019de yay\u0131mland\u0131\u011f\u0131n\u0131 duyuran Bakan Koca, \u2018Y\u00f6netmelik dili hepimiz i\u00e7in a\u00e7\u0131k olmayabilir. G\u00fcnl\u00fck hayata terc\u00fcme her ay\u0131n 15\u2019inde yap\u0131lacak. Hay\u0131rl\u0131 olsun\u2019 ifadelerini kulland\u0131.<\/p>\n<p><img loading=\"lazy\" decoding=\"async\" class=\"aligncenter wp-image-33935 size-full\" src=\"https:\/\/adanaseshaber.com.tr\/wp-content\/uploads\/2022\/08\/saglikcilara-ek-odeme-yonetmeligi-resmi-gazetede-yayimlandi-1.jpg\" alt=\"\" width=\"1280\" height=\"720\" srcset=\"https:\/\/adanaseshaber.com.tr\/wp-content\/uploads\/2022\/08\/saglikcilara-ek-odeme-yonetmeligi-resmi-gazetede-yayimlandi-1.jpg 1280w, https:\/\/adanaseshaber.com.tr\/wp-content\/uploads\/2022\/08\/saglikcilara-ek-odeme-yonetmeligi-resmi-gazetede-yayimlandi-1-300x169.jpg 300w, https:\/\/adanaseshaber.com.tr\/wp-content\/uploads\/2022\/08\/saglikcilara-ek-odeme-yonetmeligi-resmi-gazetede-yayimlandi-1-1024x576.jpg 1024w, https:\/\/adanaseshaber.com.tr\/wp-content\/uploads\/2022\/08\/saglikcilara-ek-odeme-yonetmeligi-resmi-gazetede-yayimlandi-1-768x432.jpg 768w, https:\/\/adanaseshaber.com.tr\/wp-content\/uploads\/2022\/08\/saglikcilara-ek-odeme-yonetmeligi-resmi-gazetede-yayimlandi-1-390x220.jpg 390w\" sizes=\"auto, (max-width: 1280px) 100vw, 1280px\" \/><\/p>\n<p><strong>&#8216;T\u00dcRK\u0130YE&#8217;DE DOKTOR OLMANIN ANLAMI DE\u011e\u0130\u015eT\u0130&#8217;<\/strong><\/p>\n<p>Sosyal medya hesab\u0131ndan yapt\u0131\u011f\u0131 payla\u015f\u0131mlarla sa\u011fl\u0131k \u00e7al\u0131\u015fanlar\u0131na y\u00f6nelik d\u00fczenlemeyle ilgili s\u00fcrecin her detay\u0131n\u0131 aktaran Sa\u011fl\u0131k Bakan\u0131 Fahrettin Koca, &#8216;Bir g\u00fcn bir y\u00f6netmelik okuduk. T\u00fcrkiye&#8217;de doktor olman\u0131n anlam\u0131 de\u011fi\u015fti. \u0130leride b\u00f6yle denecek.&#8217; ifadelerini kulland\u0131. Payla\u015f\u0131mlar\u0131n\u0131 pe\u015f pe\u015fe s\u0131ralayan Bakan Koca, &#8216;Sa\u011fl\u0131k Personeline D\u00f6ner Sermaye Ek \u00d6demesi Y\u00f6netmeli\u011fi Resmi Gazete&#8217;de yay\u0131mland\u0131. Y\u00f6netmelik dili hepimiz i\u00e7in a\u00e7\u0131k olmayabilir. G\u00fcnl\u00fck hayata terc\u00fcme her ay\u0131n 15&#8217;inde yap\u0131lacak. Hay\u0131rl\u0131 olsun.&#8217; Bakan Koca, &#8216;Kitap gibi sa\u011flam y\u00f6netmelik! T\u0131kla oku&#8217; ifadeleriyle s\u00f6z konusu y\u00f6netmeli\u011fin internet sitesi linkini de payla\u015ft\u0131. ifadeleriyle yeni d\u00fczenlemeyle ilgili m\u00fcjdeyi verdi.<\/p>\n","protected":false},"excerpt":{"rendered":"<p>Sa\u011fl\u0131k Bakan\u0131 Fahrettin Koca, sosyal medya hesab\u0131ndan sa\u011fl\u0131k \u00e7al\u0131\u015fanlar\u0131na y\u00f6nelik d\u00fczenlemelerle ilgili bilgilendirme yapmaya devam ediyor. S\u00fcrece ili\u015fkin t\u00fcm detaylar\u0131 sosyal medya hesab\u0131ndan payla\u015fan Bakan Koca, m\u00fcjdeyi verdi. Sa\u011fl\u0131k \u00c7al\u0131\u015fanlar\u0131\u2019n\u0131n \u00f6zl\u00fck haklar\u0131na y\u00f6nelik \u00f6nemli de\u011fi\u015fiklikleri i\u00e7eren Ek \u00d6deme Y\u00f6netmeli\u011fi Resmi Gazete\u2019de yay\u0131mland\u0131. M\u00fcjdeli haberi sosyal medya hesab\u0131 \u00fczerinden duyuran Bakan Koca, \u2018Y\u00f6netmelik dili hepimiz i\u00e7in &hellip;<\/p>\n","protected":false},"author":6,"featured_media":33927,"comment_status":"closed","ping_status":"closed","sticky":false,"template":"","format":"standard","meta":{"footnotes":""},"categories":[9],"tags":[],"class_list":["post-33926","post","type-post","status-publish","format-standard","has-post-thumbnail","hentry","category-saglik"],"amp_enabled":true,"_links":{"self":[{"href":"https:\/\/adanaseshaber.com.tr\/index.php?rest_route=\/wp\/v2\/posts\/33926","targetHints":{"allow":["GET"]}}],"collection":[{"href":"https:\/\/adanaseshaber.com.tr\/index.php?rest_route=\/wp\/v2\/posts"}],"about":[{"href":"https:\/\/adanaseshaber.com.tr\/index.php?rest_route=\/wp\/v2\/types\/post"}],"author":[{"embeddable":true,"href":"https:\/\/adanaseshaber.com.tr\/index.php?rest_route=\/wp\/v2\/users\/6"}],"replies":[{"embeddable":true,"href":"https:\/\/adanaseshaber.com.tr\/index.php?rest_route=%2Fwp%2Fv2%2Fcomments&post=33926"}],"version-history":[{"count":6,"href":"https:\/\/adanaseshaber.com.tr\/index.php?rest_route=\/wp\/v2\/posts\/33926\/revisions"}],"predecessor-version":[{"id":33936,"href":"https:\/\/adanaseshaber.com.tr\/index.php?rest_route=\/wp\/v2\/posts\/33926\/revisions\/33936"}],"wp:featuredmedia":[{"embeddable":true,"href":"https:\/\/adanaseshaber.com.tr\/index.php?rest_route=\/wp\/v2\/media\/33927"}],"wp:attachment":[{"href":"https:\/\/adanaseshaber.com.tr\/index.php?rest_route=%2Fwp%2Fv2%2Fmedia&parent=33926"}],"wp:term":[{"taxonomy":"category","embeddable":true,"href":"https:\/\/adanaseshaber.com.tr\/index.php?rest_route=%2Fwp%2Fv2%2Fcategories&post=33926"},{"taxonomy":"post_tag","embeddable":true,"href":"https:\/\/adanaseshaber.com.tr\/index.php?rest_route=%2Fwp%2Fv2%2Ftags&post=33926"}],"curies":[{"name":"wp","href":"https:\/\/api.w.org\/{rel}","templated":true}]}}