{"id":33940,"date":"2022-08-12T12:06:25","date_gmt":"2022-08-12T09:06:25","guid":{"rendered":"https:\/\/www.adanaseshaber.com\/?p=33940"},"modified":"2022-08-12T12:06:12","modified_gmt":"2022-08-12T09:06:12","slug":"mehmet-ali-erbil-haftada-kac-kez-cinsel-iliskiye-girdigini-acikladi","status":"publish","type":"post","link":"https:\/\/adanaseshaber.com.tr\/?p=33940","title":{"rendered":"Mehmet Ali Erbil haftada ka\u00e7 kez cinsel ili\u015fkiye girdi\u011fini a\u00e7\u0131klad\u0131"},"content":{"rendered":"<p>\u00dcnl\u00fc komedyen Mehmet Ali Erbil, a\u00e7\u0131klamalar\u0131 ve sosyal medya payla\u015f\u0131mlar\u0131yla s\u0131k s\u0131k magazin man\u015fetlerinde yer almay\u0131 ba\u015far\u0131yor. Mehmet Ali Erbil\u2019in son yapt\u0131\u011f\u0131 a\u00e7\u0131klama ise magazin g\u00fcndemine bomba gibi d\u00fc\u015ft\u00fc. TikTok\u2019ta canl\u0131 yay\u0131n a\u00e7an Erbil, haftada ka\u00e7 kez cinsel ili\u015fkiye girdi\u011fini a\u00e7\u0131klad\u0131. Erbil\u2019in cinsel ili\u015fki a\u00e7\u0131klamas\u0131 sosyal medyan\u0131n da g\u00fcndemine yerle\u015fti. Ya\u015fad\u0131\u011f\u0131 sa\u011fl\u0131k sorunlar\u0131n\u0131 yava\u015f yava\u015f atlatan Mehmet Ali Erbil, TikTok canl\u0131 yay\u0131n\u0131nda yapt\u0131\u011f\u0131 cinsel ili\u015fki a\u00e7\u0131klamas\u0131yla g\u00fcndeme bomba gibi d\u00fc\u015ft\u00fc. Yapt\u0131\u011f\u0131 a\u00e7\u0131klamalar ve \u00e7\u0131k\u0131\u015flar\u0131yla s\u0131k s\u0131k magazin man\u015fetlerinin en \u00fcst s\u0131ralar\u0131nda yer alan Erbil, oyuncu Onur Sermik ile a\u00e7t\u0131\u011f\u0131 canl\u0131 yay\u0131nda yapt\u0131\u011f\u0131 a\u00e7\u0131klamalarla g\u00fcndem oldu. \u00dcnl\u00fc komedyenin cinsel ili\u015fki a\u00e7\u0131klamas\u0131 \u00e7ok konu\u015fuldu.<\/p>\n<p><strong>OLAY OLAN C\u0130NSEL \u0130L\u0130\u015eK\u0130 \u0130T\u0130RAFI<\/strong><\/p>\n<p>Ka\u00e7\u0131\u015f sendromu hastal\u0131\u011f\u0131 sebebiyle tedavi g\u00f6ren ve sa\u011fl\u0131k sorunlar\u0131n\u0131 yava\u015f yava\u015f atlatan Mehmet Ali Erbil, son d\u00f6nemde yapt\u0131\u011f\u0131 \u00e7\u0131k\u0131\u015flarla g\u00fcndemden d\u00fc\u015fm\u00fcyor. Daha \u00f6nce \u015fark\u0131c\u0131 Ece Ronay\u2019a att\u0131\u011f\u0131 mesajlarla g\u00fcndeme gelen Erbil, sosyal medya hesab\u0131ndan a\u00e7t\u0131\u011f\u0131 canl\u0131 yay\u0131nda yapt\u0131\u011f\u0131 cinsel ili\u015fki itiraf\u0131 ile \u00e7ok konu\u015fuldu.<\/p>\n<p><strong>\u2018D\u00dcNYA REKORU BENDE\u2019<\/strong><\/p>\n<p>Ya\u015fad\u0131\u011f\u0131 sa\u011fl\u0131k sorunlar\u0131 sebebiyle uzun s\u00fcre ekranlardan uzak kalan \u00fcnl\u00fc komedyen Mehmet Ali Erbil, TikTok\u2019ta kendisine hesap a\u00e7arak yay\u0131nlar yapmaya ba\u015flad\u0131. Oyuncu Onur Sermik ile canl\u0131 yay\u0131n a\u00e7an Erbil, kendisine \u00fcst\u00fc kapal\u0131 olarak y\u00f6neltilen \u2018Bug\u00fcne kadar ka\u00e7 ki\u015fiyle birlikte oldunuz?\u2019 sorusuna olay yaratan bir yan\u0131t verdi. Erbil, \u2018D\u00fcnya rekoru bende. Y\u0131llarca haftan\u0131n 6 g\u00fcn\u00fc yapt\u0131m. Pazar g\u00fcn\u00fcm bo\u015ftu. Bir mecra beni kapatm\u0131\u015ft\u0131.\u2019 itiraf\u0131nda bulundu.<\/p>\n<p><img loading=\"lazy\" decoding=\"async\" class=\"aligncenter wp-image-33944 size-full\" src=\"https:\/\/adanaseshaber.com.tr\/wp-content\/uploads\/2022\/08\/mehmet-ali-erbil-haftada-kac-kez-cinsel-iliskiye-girdigini-acikladi-1.jpg\" alt=\"\" width=\"1280\" height=\"720\" srcset=\"https:\/\/adanaseshaber.com.tr\/wp-content\/uploads\/2022\/08\/mehmet-ali-erbil-haftada-kac-kez-cinsel-iliskiye-girdigini-acikladi-1.jpg 1280w, https:\/\/adanaseshaber.com.tr\/wp-content\/uploads\/2022\/08\/mehmet-ali-erbil-haftada-kac-kez-cinsel-iliskiye-girdigini-acikladi-1-300x169.jpg 300w, https:\/\/adanaseshaber.com.tr\/wp-content\/uploads\/2022\/08\/mehmet-ali-erbil-haftada-kac-kez-cinsel-iliskiye-girdigini-acikladi-1-1024x576.jpg 1024w, https:\/\/adanaseshaber.com.tr\/wp-content\/uploads\/2022\/08\/mehmet-ali-erbil-haftada-kac-kez-cinsel-iliskiye-girdigini-acikladi-1-768x432.jpg 768w, https:\/\/adanaseshaber.com.tr\/wp-content\/uploads\/2022\/08\/mehmet-ali-erbil-haftada-kac-kez-cinsel-iliskiye-girdigini-acikladi-1-390x220.jpg 390w\" sizes=\"auto, (max-width: 1280px) 100vw, 1280px\" \/><\/p>\n<p><strong>ECE RONAY MESAJLARI \u0130F\u015eA ETM\u0130\u015eT\u0130<\/strong><\/p>\n<p>Ge\u00e7ti\u011fimiz aylarda \u015fark\u0131c\u0131 ve sosyal medya fenomeni Ece Ronay\u2019la ya\u015fad\u0131\u011f\u0131 mesaj olay\u0131 sebebiyle mahkemelik olan Mehmet Ali Erbil, magazin man\u015fetlerinin en \u00fcst s\u0131ralar\u0131na yerle\u015fmi\u015fti. Ece Ronay, komedyen Mehmet Ali Erbil\u2019in kendisine att\u0131\u011f\u0131 mesajlar\u0131 if\u015fa etmi\u015f ve Erbil hakk\u0131nda su\u00e7 duyurusunda bulunmu\u015ftu. Hakk\u0131ndaki iddialar sonras\u0131nda a\u00e7\u0131klama yapan Erbil, \u2018Benim telefonum asistan\u0131m\u0131n elinde. O mesajlar\u0131 ben atmad\u0131m.\u2019 demi\u015fti.<\/p>\n","protected":false},"excerpt":{"rendered":"<p>\u00dcnl\u00fc komedyen Mehmet Ali Erbil, a\u00e7\u0131klamalar\u0131 ve sosyal medya payla\u015f\u0131mlar\u0131yla s\u0131k s\u0131k magazin man\u015fetlerinde yer almay\u0131 ba\u015far\u0131yor. Mehmet Ali Erbil\u2019in son yapt\u0131\u011f\u0131 a\u00e7\u0131klama ise magazin g\u00fcndemine bomba gibi d\u00fc\u015ft\u00fc. TikTok\u2019ta canl\u0131 yay\u0131n a\u00e7an Erbil, haftada ka\u00e7 kez cinsel ili\u015fkiye girdi\u011fini a\u00e7\u0131klad\u0131. Erbil\u2019in cinsel ili\u015fki a\u00e7\u0131klamas\u0131 sosyal medyan\u0131n da g\u00fcndemine yerle\u015fti. Ya\u015fad\u0131\u011f\u0131 sa\u011fl\u0131k sorunlar\u0131n\u0131 yava\u015f yava\u015f &hellip;<\/p>\n","protected":false},"author":6,"featured_media":33943,"comment_status":"closed","ping_status":"closed","sticky":false,"template":"","format":"standard","meta":{"footnotes":""},"categories":[15431],"tags":[],"class_list":["post-33940","post","type-post","status-publish","format-standard","has-post-thumbnail","hentry","category-medya"],"amp_enabled":true,"_links":{"self":[{"href":"https:\/\/adanaseshaber.com.tr\/index.php?rest_route=\/wp\/v2\/posts\/33940","targetHints":{"allow":["GET"]}}],"collection":[{"href":"https:\/\/adanaseshaber.com.tr\/index.php?rest_route=\/wp\/v2\/posts"}],"about":[{"href":"https:\/\/adanaseshaber.com.tr\/index.php?rest_route=\/wp\/v2\/types\/post"}],"author":[{"embeddable":true,"href":"https:\/\/adanaseshaber.com.tr\/index.php?rest_route=\/wp\/v2\/users\/6"}],"replies":[{"embeddable":true,"href":"https:\/\/adanaseshaber.com.tr\/index.php?rest_route=%2Fwp%2Fv2%2Fcomments&post=33940"}],"version-history":[{"count":2,"href":"https:\/\/adanaseshaber.com.tr\/index.php?rest_route=\/wp\/v2\/posts\/33940\/revisions"}],"predecessor-version":[{"id":33946,"href":"https:\/\/adanaseshaber.com.tr\/index.php?rest_route=\/wp\/v2\/posts\/33940\/revisions\/33946"}],"wp:featuredmedia":[{"embeddable":true,"href":"https:\/\/adanaseshaber.com.tr\/index.php?rest_route=\/wp\/v2\/media\/33943"}],"wp:attachment":[{"href":"https:\/\/adanaseshaber.com.tr\/index.php?rest_route=%2Fwp%2Fv2%2Fmedia&parent=33940"}],"wp:term":[{"taxonomy":"category","embeddable":true,"href":"https:\/\/adanaseshaber.com.tr\/index.php?rest_route=%2Fwp%2Fv2%2Fcategories&post=33940"},{"taxonomy":"post_tag","embeddable":true,"href":"https:\/\/adanaseshaber.com.tr\/index.php?rest_route=%2Fwp%2Fv2%2Ftags&post=33940"}],"curies":[{"name":"wp","href":"https:\/\/api.w.org\/{rel}","templated":true}]}}