{"id":33948,"date":"2022-08-12T12:33:50","date_gmt":"2022-08-12T09:33:50","guid":{"rendered":"https:\/\/www.adanaseshaber.com\/?p=33948"},"modified":"2022-08-12T12:33:25","modified_gmt":"2022-08-12T09:33:25","slug":"suriyede-turk-bayragini-yakip-tsk-araclarini-tasladilar","status":"publish","type":"post","link":"https:\/\/adanaseshaber.com.tr\/?p=33948","title":{"rendered":"Suriye\u2019de T\u00fcrk bayra\u011f\u0131n\u0131 yak\u0131p TSK ara\u00e7lar\u0131n\u0131 ta\u015flad\u0131lar"},"content":{"rendered":"<p>D\u0131\u015fi\u015fleri Bakan\u0131 Mevl\u00fct \u00c7avu\u015fo\u011flu\u2019nun d\u00fcn yapt\u0131\u011f\u0131 Esad ile diyalog \u00e7\u0131k\u0131\u015f\u0131n\u0131n ard\u0131ndan Azez ve Cerablus\u2019ta baz\u0131 gruplar\u0131n sahaya indi\u011fi ve \u00e7irkin provokasyonlar ger\u00e7ekle\u015ftirdi\u011fi g\u00f6r\u00fcld\u00fc. \u00d6zg\u00fcr Suriye Ordusu\u2019nun kontrol\u00fcnde olan Azez\u2019de d\u00fcn ak\u015fam bir grup, direkte as\u0131l\u0131 olan T\u00fcrk bayra\u011f\u0131na sald\u0131rd\u0131 ve T\u00fcrk bayra\u011f\u0131n\u0131 yakt\u0131. \u00c7irkin sald\u0131r\u0131n\u0131n g\u00f6r\u00fcnt\u00fcleri an be an kameralara yans\u0131d\u0131. Bakan \u00c7avu\u015fo\u011flu\u2019nun a\u00e7\u0131klamalar\u0131n\u0131n ard\u0131ndan ba\u015flayan \u00e7irkin provokasyonlar tepki \u00e7ekti. Baz\u0131 gruplar\u0131n sahaya inerek T\u00fcrk bayra\u011f\u0131n\u0131 yakmas\u0131 sosyal medyay\u0131 aya\u011fa kald\u0131rd\u0131. T\u00fcrk bayra\u011f\u0131 ate\u015fe verilirken TSK\u2019ya ait z\u0131rhl\u0131 ara\u00e7lar\u0131n da ta\u015fland\u0131\u011f\u0131 iddia edildi. B\u00f6lgeden gelen g\u00f6r\u00fcnt\u00fcler b\u00fcy\u00fck tepki toplarken provokasyonu ger\u00e7ekle\u015ftiren grubun Esad ile bar\u0131\u015fmayacaklar\u0131na dair sloganlar att\u0131klar\u0131 \u00f6ne s\u00fcr\u00fcld\u00fc. \u0130\u015fte detaylar\u2026<\/p>\n<p><strong>DI\u015e\u0130\u015eLER\u0130 BAKANI \u00c7AVU\u015eO\u011eLU\u2019NDAN A\u00c7IKLAMALAR<\/strong><\/p>\n<p>D\u0131\u015fi\u015fleri Bakan\u0131 Mevl\u00fct \u00c7avu\u015fo\u011flu\u2019nun 13. B\u00fcy\u00fckel\u00e7iler Konferans\u0131\u2019nda Suriye konusunda yapt\u0131\u011f\u0131 a\u00e7\u0131klamalar g\u00fcndem oldu. Suriye\u2019deki operasyonlarla ilgili bilgi aktaran ve \u2018Suriye i\u00e7inde belirli ajandas\u0131 olan ter\u00f6ristleri temizlemek i\u00e7in bu operasyonlar\u0131 yap\u0131yoruz. \u2018 ifadelerine yer veren Bakan \u00c7avu\u015fo\u011flu, \u2018Astana\u2019n\u0131n amac\u0131 bu sorunu \u00e7\u00f6z\u00fcme kavu\u015fturmak. Bunun yolu da diplomassi masas\u0131ndan ge\u00e7iyor.\u2019 dedi. Suriye Devlet Ba\u015fkan\u0131 Esad ile T\u00fcrkiye aras\u0131nda bir diyalog olup olmad\u0131\u011f\u0131na dair sorular\u0131 da yan\u0131tlayan D\u0131\u015fi\u015fleri Bakan\u0131 Mevl\u00fct \u00c7avu\u015fo\u011flu, \u2018\u015eu anda b\u00f6yle bir temas s\u00f6z konusu de\u011fil. Uzun zamand\u0131r Putin ve Rus yetkililer Cumhurba\u015fkan\u0131m\u0131z\u0131 g\u00f6r\u00fc\u015ft\u00fcrmek istediler. Cumhurba\u015fkan\u0131m\u0131z da istihbaratlar\u0131n g\u00f6r\u00fc\u015fmesinin faydal\u0131 olaca\u011f\u0131n\u0131 s\u00f6ylemi\u015flerdi.\u2019 ifadelerini kulland\u0131.<\/p>\n<p><img loading=\"lazy\" decoding=\"async\" class=\"aligncenter wp-image-33952 size-full\" src=\"https:\/\/adanaseshaber.com.tr\/wp-content\/uploads\/2022\/08\/suriyede-turk-bayragini-yakip-tsk-araclarini-tasladilar-1.jpg\" alt=\"\" width=\"1280\" height=\"720\" srcset=\"https:\/\/adanaseshaber.com.tr\/wp-content\/uploads\/2022\/08\/suriyede-turk-bayragini-yakip-tsk-araclarini-tasladilar-1.jpg 1280w, https:\/\/adanaseshaber.com.tr\/wp-content\/uploads\/2022\/08\/suriyede-turk-bayragini-yakip-tsk-araclarini-tasladilar-1-300x169.jpg 300w, https:\/\/adanaseshaber.com.tr\/wp-content\/uploads\/2022\/08\/suriyede-turk-bayragini-yakip-tsk-araclarini-tasladilar-1-1024x576.jpg 1024w, https:\/\/adanaseshaber.com.tr\/wp-content\/uploads\/2022\/08\/suriyede-turk-bayragini-yakip-tsk-araclarini-tasladilar-1-768x432.jpg 768w, https:\/\/adanaseshaber.com.tr\/wp-content\/uploads\/2022\/08\/suriyede-turk-bayragini-yakip-tsk-araclarini-tasladilar-1-390x220.jpg 390w\" sizes=\"auto, (max-width: 1280px) 100vw, 1280px\" \/><\/p>\n<p><strong>T\u00dcRK BAYRA\u011eINA \u00c7\u0130RK\u0130N SALDIRI<\/strong><\/p>\n<p>D\u0131\u015fi\u015fleri Bakan\u0131 Mevl\u00fct \u00c7avu\u015fo\u011flu\u2019nun bu a\u00e7\u0131klamalar\u0131n\u0131n ard\u0131ndan Azez ve Cerablus\u2019ta baz\u0131 gruplar sahaya inerek \u00e7irkin provokasyonlarda bulundu. Bir grubun direkte as\u0131l\u0131 olan T\u00fcrk bayra\u011f\u0131n\u0131 yakt\u0131\u011f\u0131 anlar kameralara saniye saniye yans\u0131d\u0131.<\/p>\n<p>&nbsp;<\/p>\n","protected":false},"excerpt":{"rendered":"<p>D\u0131\u015fi\u015fleri Bakan\u0131 Mevl\u00fct \u00c7avu\u015fo\u011flu\u2019nun d\u00fcn yapt\u0131\u011f\u0131 Esad ile diyalog \u00e7\u0131k\u0131\u015f\u0131n\u0131n ard\u0131ndan Azez ve Cerablus\u2019ta baz\u0131 gruplar\u0131n sahaya indi\u011fi ve \u00e7irkin provokasyonlar ger\u00e7ekle\u015ftirdi\u011fi g\u00f6r\u00fcld\u00fc. \u00d6zg\u00fcr Suriye Ordusu\u2019nun kontrol\u00fcnde olan Azez\u2019de d\u00fcn ak\u015fam bir grup, direkte as\u0131l\u0131 olan T\u00fcrk bayra\u011f\u0131na sald\u0131rd\u0131 ve T\u00fcrk bayra\u011f\u0131n\u0131 yakt\u0131. \u00c7irkin sald\u0131r\u0131n\u0131n g\u00f6r\u00fcnt\u00fcleri an be an kameralara yans\u0131d\u0131. Bakan \u00c7avu\u015fo\u011flu\u2019nun a\u00e7\u0131klamalar\u0131n\u0131n ard\u0131ndan &hellip;<\/p>\n","protected":false},"author":6,"featured_media":33951,"comment_status":"closed","ping_status":"closed","sticky":false,"template":"","format":"standard","meta":{"footnotes":""},"categories":[1],"tags":[],"class_list":["post-33948","post","type-post","status-publish","format-standard","has-post-thumbnail","hentry","category-genel"],"amp_enabled":true,"_links":{"self":[{"href":"https:\/\/adanaseshaber.com.tr\/index.php?rest_route=\/wp\/v2\/posts\/33948","targetHints":{"allow":["GET"]}}],"collection":[{"href":"https:\/\/adanaseshaber.com.tr\/index.php?rest_route=\/wp\/v2\/posts"}],"about":[{"href":"https:\/\/adanaseshaber.com.tr\/index.php?rest_route=\/wp\/v2\/types\/post"}],"author":[{"embeddable":true,"href":"https:\/\/adanaseshaber.com.tr\/index.php?rest_route=\/wp\/v2\/users\/6"}],"replies":[{"embeddable":true,"href":"https:\/\/adanaseshaber.com.tr\/index.php?rest_route=%2Fwp%2Fv2%2Fcomments&post=33948"}],"version-history":[{"count":2,"href":"https:\/\/adanaseshaber.com.tr\/index.php?rest_route=\/wp\/v2\/posts\/33948\/revisions"}],"predecessor-version":[{"id":33954,"href":"https:\/\/adanaseshaber.com.tr\/index.php?rest_route=\/wp\/v2\/posts\/33948\/revisions\/33954"}],"wp:featuredmedia":[{"embeddable":true,"href":"https:\/\/adanaseshaber.com.tr\/index.php?rest_route=\/wp\/v2\/media\/33951"}],"wp:attachment":[{"href":"https:\/\/adanaseshaber.com.tr\/index.php?rest_route=%2Fwp%2Fv2%2Fmedia&parent=33948"}],"wp:term":[{"taxonomy":"category","embeddable":true,"href":"https:\/\/adanaseshaber.com.tr\/index.php?rest_route=%2Fwp%2Fv2%2Fcategories&post=33948"},{"taxonomy":"post_tag","embeddable":true,"href":"https:\/\/adanaseshaber.com.tr\/index.php?rest_route=%2Fwp%2Fv2%2Ftags&post=33948"}],"curies":[{"name":"wp","href":"https:\/\/api.w.org\/{rel}","templated":true}]}}