{"id":33988,"date":"2022-08-12T14:52:16","date_gmt":"2022-08-12T11:52:16","guid":{"rendered":"https:\/\/www.adanaseshaber.com\/?p=33988"},"modified":"2022-08-12T15:00:11","modified_gmt":"2022-08-12T12:00:11","slug":"arnavutkoyde-kamyondaki-demirler-iett-otobusune-dustu-yaralilar-var","status":"publish","type":"post","link":"https:\/\/adanaseshaber.com.tr\/?p=33988","title":{"rendered":"Arnavutk\u00f6y\u2019de kamyondaki demirler \u0130ETT otob\u00fcs\u00fcne d\u00fc\u015ft\u00fc: Yaral\u0131lar var"},"content":{"rendered":"<p>\u0130stanbul Arnavutk\u00f6y\u2019de yanl\u0131\u015f y\u00fckleme yap\u0131lan demir direklerle yolda ilerleyen kamyon dura\u011fa yana\u015fan \u0130ETT otob\u00fcs\u00fcn\u00fc bi\u00e7ti. Kamyonun yoldan h\u0131zla ge\u00e7ti\u011fi iddia edilirken bu anlarda kasadan d\u0131\u015far\u0131 uzanan demir direk \u0130ETT otob\u00fcs\u00fcn\u00fcn sol taraf\u0131na tak\u0131ld\u0131. Demirlerin otob\u00fcs\u00fcn sol taraf\u0131na b\u00fcy\u00fck hasar verdi\u011fi \u00f6\u011frenilirken kazada 5 ki\u015fi yaraland\u0131. Arnavutk\u00f6y\u2019de ya\u015fanan kazada 2\u2019si a\u011f\u0131r 5 ki\u015finin yaraland\u0131\u011f\u0131 \u00f6\u011frenildi. Yanl\u0131\u015f y\u00fckleme yap\u0131lan demir direklerle yolda ilerleyen kamyon dura\u011fa yana\u015fan \u0130ETT otob\u00fcs\u00fcn\u00fc bi\u00e7ti. Kamyona yanl\u0131\u015f y\u00fcklenen ve d\u0131\u015far\u0131 uzanan demir direklerden biri otob\u00fcs\u00fcn sol taraf\u0131na tak\u0131ld\u0131. Kamyon otob\u00fcs\u00fcn i\u00e7ine girerek sol taraf\u0131n\u0131 bi\u00e7ti.<\/p>\n<p><strong>DEM\u0130R Y\u00dcKL\u00dc KAMYON \u0130ETT OTOB\u00dcS\u00dcN\u00dc B\u0130\u00c7T\u0130<\/strong><\/p>\n<p>Olay, saat 12.30 sular\u0131nda Arnavutk\u00f6y Sincanlar Otob\u00fcs Dura\u011f\u0131&#8217;nda ya\u015fand\u0131. Al\u0131nan bilgilere g\u00f6re, \u0130ETT otob\u00fcs\u00fc dura\u011fa yana\u015ft\u0131\u011f\u0131 esnada yanl\u0131\u015f y\u00fckleme yap\u0131lan demir direklerle yolda ilerleyen bir kamyon otob\u00fcs\u00fcn yan\u0131ndan h\u0131zla ge\u00e7ti. Bu s\u0131rada kamyondan sarkan demir direk \u0130ETT otob\u00fcs\u00fcn\u00fcn sol taraf\u0131na tak\u0131ld\u0131. Kamyonun otob\u00fc\u00fcsn i\u00e7ine girerek sol taraf\u0131n\u0131 bi\u00e7ti\u011fi \u00f6\u011frenildi.<\/p>\n<p><strong>5 K\u0130\u015e\u0130 YARALI<\/strong><\/p>\n<p>Arnavutk\u00f6y&#8217;de meydana gelen kazada 2&#8217;si a\u011f\u0131r 5 ki\u015finin yaraland\u0131\u011f\u0131 \u00f6\u011frenildi. Otob\u00fcs\u00fcn sol taraf\u0131n\u0131n b\u00fcy\u00fck hasar g\u00f6rd\u00fc\u011f\u00fc kazan\u0131n ard\u0131ndan yaral\u0131lar olay yerine gelen ambulanslarla hastaneye sevk edildi.<\/p>\n<p><img loading=\"lazy\" decoding=\"async\" class=\"aligncenter wp-image-33995 size-full\" src=\"https:\/\/adanaseshaber.com.tr\/wp-content\/uploads\/2022\/08\/arnavutkoyde-kamyondaki-demirler-iett-otobusune-dustu-yaralilar-var-1.jpg\" alt=\"\" width=\"1280\" height=\"720\" srcset=\"https:\/\/adanaseshaber.com.tr\/wp-content\/uploads\/2022\/08\/arnavutkoyde-kamyondaki-demirler-iett-otobusune-dustu-yaralilar-var-1.jpg 1280w, https:\/\/adanaseshaber.com.tr\/wp-content\/uploads\/2022\/08\/arnavutkoyde-kamyondaki-demirler-iett-otobusune-dustu-yaralilar-var-1-300x169.jpg 300w, https:\/\/adanaseshaber.com.tr\/wp-content\/uploads\/2022\/08\/arnavutkoyde-kamyondaki-demirler-iett-otobusune-dustu-yaralilar-var-1-1024x576.jpg 1024w, https:\/\/adanaseshaber.com.tr\/wp-content\/uploads\/2022\/08\/arnavutkoyde-kamyondaki-demirler-iett-otobusune-dustu-yaralilar-var-1-768x432.jpg 768w, https:\/\/adanaseshaber.com.tr\/wp-content\/uploads\/2022\/08\/arnavutkoyde-kamyondaki-demirler-iett-otobusune-dustu-yaralilar-var-1-390x220.jpg 390w\" sizes=\"auto, (max-width: 1280px) 100vw, 1280px\" \/><\/p>\n<p><strong>KAMYON \u015eOF\u00d6R\u00dc G\u00d6ZALTINA ALINDI<\/strong><\/p>\n<p>Feci kazada yaralananlar sa\u011fl\u0131k ekiplerinin olay yerindeki ilk m\u00fcdahalesi sonras\u0131nda ambulanslarla \u00e7evre hastanelere sevk edildi. Kamyon \u015fof\u00f6r\u00fc ise olay yerinde g\u00f6zalt\u0131na al\u0131nd\u0131.<\/p>\n","protected":false},"excerpt":{"rendered":"<p>\u0130stanbul Arnavutk\u00f6y\u2019de yanl\u0131\u015f y\u00fckleme yap\u0131lan demir direklerle yolda ilerleyen kamyon dura\u011fa yana\u015fan \u0130ETT otob\u00fcs\u00fcn\u00fc bi\u00e7ti. Kamyonun yoldan h\u0131zla ge\u00e7ti\u011fi iddia edilirken bu anlarda kasadan d\u0131\u015far\u0131 uzanan demir direk \u0130ETT otob\u00fcs\u00fcn\u00fcn sol taraf\u0131na tak\u0131ld\u0131. Demirlerin otob\u00fcs\u00fcn sol taraf\u0131na b\u00fcy\u00fck hasar verdi\u011fi \u00f6\u011frenilirken kazada 5 ki\u015fi yaraland\u0131. Arnavutk\u00f6y\u2019de ya\u015fanan kazada 2\u2019si a\u011f\u0131r 5 ki\u015finin yaraland\u0131\u011f\u0131 \u00f6\u011frenildi. Yanl\u0131\u015f &hellip;<\/p>\n","protected":false},"author":6,"featured_media":33989,"comment_status":"closed","ping_status":"closed","sticky":false,"template":"","format":"standard","meta":{"footnotes":""},"categories":[1],"tags":[],"class_list":["post-33988","post","type-post","status-publish","format-standard","has-post-thumbnail","hentry","category-genel"],"amp_enabled":true,"_links":{"self":[{"href":"https:\/\/adanaseshaber.com.tr\/index.php?rest_route=\/wp\/v2\/posts\/33988","targetHints":{"allow":["GET"]}}],"collection":[{"href":"https:\/\/adanaseshaber.com.tr\/index.php?rest_route=\/wp\/v2\/posts"}],"about":[{"href":"https:\/\/adanaseshaber.com.tr\/index.php?rest_route=\/wp\/v2\/types\/post"}],"author":[{"embeddable":true,"href":"https:\/\/adanaseshaber.com.tr\/index.php?rest_route=\/wp\/v2\/users\/6"}],"replies":[{"embeddable":true,"href":"https:\/\/adanaseshaber.com.tr\/index.php?rest_route=%2Fwp%2Fv2%2Fcomments&post=33988"}],"version-history":[{"count":6,"href":"https:\/\/adanaseshaber.com.tr\/index.php?rest_route=\/wp\/v2\/posts\/33988\/revisions"}],"predecessor-version":[{"id":33996,"href":"https:\/\/adanaseshaber.com.tr\/index.php?rest_route=\/wp\/v2\/posts\/33988\/revisions\/33996"}],"wp:featuredmedia":[{"embeddable":true,"href":"https:\/\/adanaseshaber.com.tr\/index.php?rest_route=\/wp\/v2\/media\/33989"}],"wp:attachment":[{"href":"https:\/\/adanaseshaber.com.tr\/index.php?rest_route=%2Fwp%2Fv2%2Fmedia&parent=33988"}],"wp:term":[{"taxonomy":"category","embeddable":true,"href":"https:\/\/adanaseshaber.com.tr\/index.php?rest_route=%2Fwp%2Fv2%2Fcategories&post=33988"},{"taxonomy":"post_tag","embeddable":true,"href":"https:\/\/adanaseshaber.com.tr\/index.php?rest_route=%2Fwp%2Fv2%2Ftags&post=33988"}],"curies":[{"name":"wp","href":"https:\/\/api.w.org\/{rel}","templated":true}]}}