{"id":34043,"date":"2022-08-12T17:44:39","date_gmt":"2022-08-12T14:44:39","guid":{"rendered":"https:\/\/www.adanaseshaber.com\/?p=34043"},"modified":"2022-08-12T19:00:07","modified_gmt":"2022-08-12T16:00:07","slug":"begum-polat-affettim-sarkisinin-klibindeki-sevisme-sahneleriyle-gundem-oldu","status":"publish","type":"post","link":"https:\/\/adanaseshaber.com.tr\/?p=34043","title":{"rendered":"Beg\u00fcm Polat Affettim \u015fark\u0131s\u0131n\u0131n klibindeki sevi\u015fme sahneleriyle g\u00fcndem oldu"},"content":{"rendered":"<p>Konserleri g\u00fcndem olan Beg\u00fcm Polat\u2019\u0131n yeni \u015fark\u0131s\u0131 Affettim\u2019e \u00e7ekti\u011fi klip olay yaratt\u0131. Polat\u2019\u0131n yeni \u015fark\u0131s\u0131 Affettim\u2019in klibi yay\u0131nlan\u0131r yay\u0131nlanmaz g\u00fcndem oldu. Klipteki erotik sahneler sosyal medyan\u0131n g\u00fcndemine oturdu. Beg\u00fcm Polat\u2019\u0131n klibindeki sahneleri \u00e7ok cesur bulan sosyal medya kullan\u0131c\u0131lar\u0131ndan baz\u0131lar\u0131 ise bunun bir sanat oldu\u011funu s\u00f6yleyerek \u015fark\u0131c\u0131ya destek \u00e7\u0131kt\u0131. Her konserinden sonra g\u00fcndemin ilk s\u0131ralar\u0131na yerle\u015fen Beg\u00fcm Polat, yeni klibiyle bir kez daha magazin man\u015fetlerinin en \u00fcst s\u0131ralar\u0131nda yerini ald\u0131. Her konseri olay olan Polat\u2019\u0131n yeni \u015fark\u0131s\u0131 Affettim\u2019e \u00e7ekti\u011fi klip \u00e7ok konu\u015fuldu. Sosyal medyan\u0131n da g\u00fcndemine oturan kliple ilgili \u00e7ok say\u0131da yorum geldi.<\/p>\n<p><strong>EROT\u0130K SAHNELER TEPK\u0130 \u00c7EKT\u0130<\/strong><\/p>\n<p>Beg\u00fcm Polat\u2019\u0131n yeni \u015fark\u0131c\u0131 Affettim\u2019e \u00e7ekti\u011fi klip olay yaratt\u0131. Yeni \u015fark\u0131s\u0131 Affettim\u2019in klibinin yay\u0131nlanmas\u0131n\u0131n ard\u0131ndan klipteki erotik sahneler tepki \u00e7ekti. Klipteki cesur sahneler baz\u0131 sosyal medya kullan\u0131c\u0131lar\u0131 taraf\u0131ndan ele\u015ftirilirken baz\u0131 kullan\u0131c\u0131lar ise bunun bir sanat oldu\u011funu s\u00f6yleyerek Polat\u2019a destek \u00e7\u0131kt\u0131.<\/p>\n<p><img loading=\"lazy\" decoding=\"async\" class=\"aligncenter wp-image-34045 size-full\" src=\"https:\/\/adanaseshaber.com.tr\/wp-content\/uploads\/2022\/08\/begum-polat-affettim-sarkisinin-klibindeki-sevisme-sahneleriyle-gundem-oldu-1.jpg\" alt=\"\" width=\"1280\" height=\"720\" srcset=\"https:\/\/adanaseshaber.com.tr\/wp-content\/uploads\/2022\/08\/begum-polat-affettim-sarkisinin-klibindeki-sevisme-sahneleriyle-gundem-oldu-1.jpg 1280w, https:\/\/adanaseshaber.com.tr\/wp-content\/uploads\/2022\/08\/begum-polat-affettim-sarkisinin-klibindeki-sevisme-sahneleriyle-gundem-oldu-1-300x169.jpg 300w, https:\/\/adanaseshaber.com.tr\/wp-content\/uploads\/2022\/08\/begum-polat-affettim-sarkisinin-klibindeki-sevisme-sahneleriyle-gundem-oldu-1-1024x576.jpg 1024w, https:\/\/adanaseshaber.com.tr\/wp-content\/uploads\/2022\/08\/begum-polat-affettim-sarkisinin-klibindeki-sevisme-sahneleriyle-gundem-oldu-1-768x432.jpg 768w, https:\/\/adanaseshaber.com.tr\/wp-content\/uploads\/2022\/08\/begum-polat-affettim-sarkisinin-klibindeki-sevisme-sahneleriyle-gundem-oldu-1-390x220.jpg 390w\" sizes=\"auto, (max-width: 1280px) 100vw, 1280px\" \/><\/p>\n<p><strong>SOSYAL MEDYANIN G\u00dcNDEM\u0130NDE<\/strong><\/p>\n<p>Beg\u00fcm Polat\u2019\u0131n Affettim adl\u0131 \u015fark\u0131s\u0131n\u0131n klibi k\u0131sa s\u00fcrede sosyal medyan\u0131n g\u00fcndemine yerle\u015fti. Klipteki cesur sahneler \u00e7ok ele\u015ftirilirken klibiyle olay yaratan \u015fark\u0131n\u0131n \u00e7ok k\u0131sa s\u00fcrede en \u00e7ok dinlenenler aras\u0131na girmesi dikkat \u00e7ekti.<\/p>\n<p><img loading=\"lazy\" decoding=\"async\" class=\"aligncenter wp-image-34048 size-full\" src=\"https:\/\/adanaseshaber.com.tr\/wp-content\/uploads\/2022\/08\/begum-polat-affettim-sarkisinin-klibindeki-sevisme-sahneleriyle-gundem-oldu-2.jpg\" alt=\"\" width=\"1280\" height=\"720\" srcset=\"https:\/\/adanaseshaber.com.tr\/wp-content\/uploads\/2022\/08\/begum-polat-affettim-sarkisinin-klibindeki-sevisme-sahneleriyle-gundem-oldu-2.jpg 1280w, https:\/\/adanaseshaber.com.tr\/wp-content\/uploads\/2022\/08\/begum-polat-affettim-sarkisinin-klibindeki-sevisme-sahneleriyle-gundem-oldu-2-300x169.jpg 300w, https:\/\/adanaseshaber.com.tr\/wp-content\/uploads\/2022\/08\/begum-polat-affettim-sarkisinin-klibindeki-sevisme-sahneleriyle-gundem-oldu-2-1024x576.jpg 1024w, https:\/\/adanaseshaber.com.tr\/wp-content\/uploads\/2022\/08\/begum-polat-affettim-sarkisinin-klibindeki-sevisme-sahneleriyle-gundem-oldu-2-768x432.jpg 768w, https:\/\/adanaseshaber.com.tr\/wp-content\/uploads\/2022\/08\/begum-polat-affettim-sarkisinin-klibindeki-sevisme-sahneleriyle-gundem-oldu-2-390x220.jpg 390w\" sizes=\"auto, (max-width: 1280px) 100vw, 1280px\" \/><\/p>\n<p><strong>KL\u0130P \u0130LK 2 SAATTE 40 B\u0130N G\u00d6R\u00dcNT\u00dcLENMEYE ULA\u015eTI<\/strong><\/p>\n<p>Beg\u00fcm Polat\u2019\u0131n ele\u015ftirilerin hedefinde yer alan klibi ilk 2 saatte 40 bin g\u00f6r\u00fcnt\u00fclenmeye ula\u015ft\u0131. G\u00fcnden olan klibi ayn\u0131 anda 5 bin ki\u015fi izlerken sosyal medyada da \u00e7ok say\u0131da yorum ve payla\u015f\u0131m ald\u0131\u011f\u0131 g\u00f6r\u00fcld\u00fc. Bir grubun ele\u015ftirdi\u011fi klibe bir grup destek verirken cesur sahnelerin yer ald\u0131\u011f\u0131 klip i\u00e7in sosyal medya kullan\u0131c\u0131lar\u0131 ikiye b\u00f6l\u00fcnd\u00fc.<\/p>\n","protected":false},"excerpt":{"rendered":"<p>Konserleri g\u00fcndem olan Beg\u00fcm Polat\u2019\u0131n yeni \u015fark\u0131s\u0131 Affettim\u2019e \u00e7ekti\u011fi klip olay yaratt\u0131. Polat\u2019\u0131n yeni \u015fark\u0131s\u0131 Affettim\u2019in klibi yay\u0131nlan\u0131r yay\u0131nlanmaz g\u00fcndem oldu. Klipteki erotik sahneler sosyal medyan\u0131n g\u00fcndemine oturdu. Beg\u00fcm Polat\u2019\u0131n klibindeki sahneleri \u00e7ok cesur bulan sosyal medya kullan\u0131c\u0131lar\u0131ndan baz\u0131lar\u0131 ise bunun bir sanat oldu\u011funu s\u00f6yleyerek \u015fark\u0131c\u0131ya destek \u00e7\u0131kt\u0131. Her konserinden sonra g\u00fcndemin ilk s\u0131ralar\u0131na yerle\u015fen &hellip;<\/p>\n","protected":false},"author":6,"featured_media":34044,"comment_status":"closed","ping_status":"closed","sticky":false,"template":"","format":"standard","meta":{"footnotes":""},"categories":[15431],"tags":[],"class_list":["post-34043","post","type-post","status-publish","format-standard","has-post-thumbnail","hentry","category-medya"],"amp_enabled":true,"_links":{"self":[{"href":"https:\/\/adanaseshaber.com.tr\/index.php?rest_route=\/wp\/v2\/posts\/34043","targetHints":{"allow":["GET"]}}],"collection":[{"href":"https:\/\/adanaseshaber.com.tr\/index.php?rest_route=\/wp\/v2\/posts"}],"about":[{"href":"https:\/\/adanaseshaber.com.tr\/index.php?rest_route=\/wp\/v2\/types\/post"}],"author":[{"embeddable":true,"href":"https:\/\/adanaseshaber.com.tr\/index.php?rest_route=\/wp\/v2\/users\/6"}],"replies":[{"embeddable":true,"href":"https:\/\/adanaseshaber.com.tr\/index.php?rest_route=%2Fwp%2Fv2%2Fcomments&post=34043"}],"version-history":[{"count":2,"href":"https:\/\/adanaseshaber.com.tr\/index.php?rest_route=\/wp\/v2\/posts\/34043\/revisions"}],"predecessor-version":[{"id":34050,"href":"https:\/\/adanaseshaber.com.tr\/index.php?rest_route=\/wp\/v2\/posts\/34043\/revisions\/34050"}],"wp:featuredmedia":[{"embeddable":true,"href":"https:\/\/adanaseshaber.com.tr\/index.php?rest_route=\/wp\/v2\/media\/34044"}],"wp:attachment":[{"href":"https:\/\/adanaseshaber.com.tr\/index.php?rest_route=%2Fwp%2Fv2%2Fmedia&parent=34043"}],"wp:term":[{"taxonomy":"category","embeddable":true,"href":"https:\/\/adanaseshaber.com.tr\/index.php?rest_route=%2Fwp%2Fv2%2Fcategories&post=34043"},{"taxonomy":"post_tag","embeddable":true,"href":"https:\/\/adanaseshaber.com.tr\/index.php?rest_route=%2Fwp%2Fv2%2Ftags&post=34043"}],"curies":[{"name":"wp","href":"https:\/\/api.w.org\/{rel}","templated":true}]}}