{"id":34074,"date":"2022-08-12T19:36:39","date_gmt":"2022-08-12T16:36:39","guid":{"rendered":"https:\/\/www.adanaseshaber.com\/?p=34074"},"modified":"2022-08-12T19:37:10","modified_gmt":"2022-08-12T16:37:10","slug":"ah-nerede-dizisi-final-mi-yapiyor-ah-nerede-oyuncu-kadrosu-ve-karakterleri","status":"publish","type":"post","link":"https:\/\/adanaseshaber.com.tr\/?p=34074","title":{"rendered":"Ah Nerede dizisi final mi yap\u0131yor? Ah Nerede oyuncu kadrosu ve karakterleri"},"content":{"rendered":"<p>Star TV\u2019nin tan\u0131t\u0131mlar\u0131yla dikkat \u00e7eken ve yay\u0131nland\u0131\u011f\u0131 ilk g\u00fcnden bu yana b\u00fcy\u00fck bir merakla takip edilen Ye\u015fil\u00e7am\u2019dan uyarlama dizisi Ah Nerede\u2019nin final yap\u0131p yapmayaca\u011f\u0131 sevenleri taraf\u0131ndan ara\u015ft\u0131r\u0131l\u0131yor. Dizinin final yapaca\u011f\u0131na dair iddialar\u0131n ard\u0131ndan dizinin yak\u0131n takip\u00e7ileri konuyla ilgili yo\u011fun bir ara\u015ft\u0131rmaya ba\u015flad\u0131. Ah nerede dizisinin final yap\u0131p yapmayaca\u011f\u0131 hakk\u0131ndaki ara\u015ft\u0131rmalar s\u00fcr\u00fcyor. Ye\u015fil\u00e7am\u2019\u0131n unutulmaz filmi Ah Nerede, g\u00fcn\u00fcm\u00fczde ayn\u0131 isimle uyarland\u0131 ce Star TV ekranlar\u0131nda yay\u0131n hayat\u0131na ba\u015flad\u0131. G\u00fcl\u015fen Bubiko\u011flu ve Tar\u0131k Akan\u2019\u0131n ba\u015frollerinde oldu\u011fu unutulmaz filmin dizi uyarlamas\u0131nda ise ba\u015frollerde Nil Keser ve Oktay \u00c7ubuk yer ald\u0131. Peki, Ah Nerede dizisi final mi yap\u0131yor? Ah Nerede bitiyor mu? Ah Nerede dizisi neden final yap\u0131yor? Ah Nerede oyuncu kadrosu kimler? \u0130\u015fte Ah Nerede oyuncu kadrosu ve karakterleri ile ilgili t\u00fcm detaylar\u2026<\/p>\n<p><strong>AH NEREDE D\u0130Z\u0130S\u0130NDEN SEVENLER\u0130N\u0130 \u00dcZEN F\u0130NAL KARARI<\/strong><\/p>\n<p>Ba\u015frollerinde G\u00fcl\u015fen Bubiko\u011flu ve Tar\u0131k Akan\u2019\u0131n yer ald\u0131\u011f\u0131 unutulmaz Ye\u015fil\u00e7am filmi Ah Nerede, g\u00fcn\u00fcm\u00fczde ayn\u0131 adla uyarlanarak ekrana ta\u015f\u0131nm\u0131\u015ft\u0131. Ah Nerede dizisinin ba\u015frol\u00fcnde Nil Keser ve Oktay \u00c7ubuk yer al\u0131rken dizinin final yapaca\u011f\u0131na dair iddialar sevenlerini bir hayli \u00fczd\u00fc. Temmuz ay\u0131n\u0131n ba\u015f\u0131nda ekran maceras\u0131na ba\u015flayan Ah Nerede dizisinin reytinglerde beklenen ilgiyi g\u00f6rememesi sebebiyle 19 A\u011fustos 2022 tarihinde final yaparak ekrana veda edece\u011fi \u00f6\u011frenildi.<\/p>\n<p><img loading=\"lazy\" decoding=\"async\" class=\"aligncenter wp-image-34077 size-full\" src=\"https:\/\/adanaseshaber.com.tr\/wp-content\/uploads\/2022\/08\/ah-nerede-dizisi-final-mi-yapiyor-ah-nerede-oyuncu-kadrosu-ve-karakterleri-1.jpg\" alt=\"\" width=\"1280\" height=\"720\" srcset=\"https:\/\/adanaseshaber.com.tr\/wp-content\/uploads\/2022\/08\/ah-nerede-dizisi-final-mi-yapiyor-ah-nerede-oyuncu-kadrosu-ve-karakterleri-1.jpg 1280w, https:\/\/adanaseshaber.com.tr\/wp-content\/uploads\/2022\/08\/ah-nerede-dizisi-final-mi-yapiyor-ah-nerede-oyuncu-kadrosu-ve-karakterleri-1-300x169.jpg 300w, https:\/\/adanaseshaber.com.tr\/wp-content\/uploads\/2022\/08\/ah-nerede-dizisi-final-mi-yapiyor-ah-nerede-oyuncu-kadrosu-ve-karakterleri-1-1024x576.jpg 1024w, https:\/\/adanaseshaber.com.tr\/wp-content\/uploads\/2022\/08\/ah-nerede-dizisi-final-mi-yapiyor-ah-nerede-oyuncu-kadrosu-ve-karakterleri-1-768x432.jpg 768w, https:\/\/adanaseshaber.com.tr\/wp-content\/uploads\/2022\/08\/ah-nerede-dizisi-final-mi-yapiyor-ah-nerede-oyuncu-kadrosu-ve-karakterleri-1-390x220.jpg 390w\" sizes=\"auto, (max-width: 1280px) 100vw, 1280px\" \/><\/p>\n<p><strong>AH NEREDE D\u0130Z\u0130S\u0130 OYUNCU KADROSU VE KARAKTERLER\u0130<\/strong><\/p>\n<p>&#8211; Nil Kese (Zehra)<\/p>\n<p>&#8211; Oktay \u00c7ubuk (Ferit)<\/p>\n<p>&#8211; Ay\u015fe K\u00f6k\u00e7\u00fc (Seniha)<\/p>\n<p>&#8211; Tar\u0131k Pabu\u00e7\u00e7uo\u011flu (Hakim)<\/p>\n<p>&#8211; Aycan Koptur (Huriye)<\/p>\n<p>&#8211; Derya Alabora (Perihan)<\/p>\n<p>&#8211; Merve Bengi (Nihal)<\/p>\n<p>&#8211; Ferit Aktu\u011f (Ali)<\/p>\n<p>&#8211; Korhan Herduran (Murat)<\/p>\n<p>&#8211; Miray Akay (Sera)<\/p>\n<p>&#8211; Asena Keskinci (Bur\u00e7ak)<\/p>\n<p>&#8211; Batuhan Sert (\u00d6mer)<\/p>\n","protected":false},"excerpt":{"rendered":"<p>Star TV\u2019nin tan\u0131t\u0131mlar\u0131yla dikkat \u00e7eken ve yay\u0131nland\u0131\u011f\u0131 ilk g\u00fcnden bu yana b\u00fcy\u00fck bir merakla takip edilen Ye\u015fil\u00e7am\u2019dan uyarlama dizisi Ah Nerede\u2019nin final yap\u0131p yapmayaca\u011f\u0131 sevenleri taraf\u0131ndan ara\u015ft\u0131r\u0131l\u0131yor. Dizinin final yapaca\u011f\u0131na dair iddialar\u0131n ard\u0131ndan dizinin yak\u0131n takip\u00e7ileri konuyla ilgili yo\u011fun bir ara\u015ft\u0131rmaya ba\u015flad\u0131. Ah nerede dizisinin final yap\u0131p yapmayaca\u011f\u0131 hakk\u0131ndaki ara\u015ft\u0131rmalar s\u00fcr\u00fcyor. Ye\u015fil\u00e7am\u2019\u0131n unutulmaz filmi Ah &hellip;<\/p>\n","protected":false},"author":6,"featured_media":34075,"comment_status":"closed","ping_status":"closed","sticky":false,"template":"","format":"standard","meta":{"footnotes":""},"categories":[15431],"tags":[],"class_list":["post-34074","post","type-post","status-publish","format-standard","has-post-thumbnail","hentry","category-medya"],"amp_enabled":true,"_links":{"self":[{"href":"https:\/\/adanaseshaber.com.tr\/index.php?rest_route=\/wp\/v2\/posts\/34074","targetHints":{"allow":["GET"]}}],"collection":[{"href":"https:\/\/adanaseshaber.com.tr\/index.php?rest_route=\/wp\/v2\/posts"}],"about":[{"href":"https:\/\/adanaseshaber.com.tr\/index.php?rest_route=\/wp\/v2\/types\/post"}],"author":[{"embeddable":true,"href":"https:\/\/adanaseshaber.com.tr\/index.php?rest_route=\/wp\/v2\/users\/6"}],"replies":[{"embeddable":true,"href":"https:\/\/adanaseshaber.com.tr\/index.php?rest_route=%2Fwp%2Fv2%2Fcomments&post=34074"}],"version-history":[{"count":3,"href":"https:\/\/adanaseshaber.com.tr\/index.php?rest_route=\/wp\/v2\/posts\/34074\/revisions"}],"predecessor-version":[{"id":34079,"href":"https:\/\/adanaseshaber.com.tr\/index.php?rest_route=\/wp\/v2\/posts\/34074\/revisions\/34079"}],"wp:featuredmedia":[{"embeddable":true,"href":"https:\/\/adanaseshaber.com.tr\/index.php?rest_route=\/wp\/v2\/media\/34075"}],"wp:attachment":[{"href":"https:\/\/adanaseshaber.com.tr\/index.php?rest_route=%2Fwp%2Fv2%2Fmedia&parent=34074"}],"wp:term":[{"taxonomy":"category","embeddable":true,"href":"https:\/\/adanaseshaber.com.tr\/index.php?rest_route=%2Fwp%2Fv2%2Fcategories&post=34074"},{"taxonomy":"post_tag","embeddable":true,"href":"https:\/\/adanaseshaber.com.tr\/index.php?rest_route=%2Fwp%2Fv2%2Ftags&post=34074"}],"curies":[{"name":"wp","href":"https:\/\/api.w.org\/{rel}","templated":true}]}}