{"id":34081,"date":"2022-08-12T19:59:03","date_gmt":"2022-08-12T16:59:03","guid":{"rendered":"https:\/\/www.adanaseshaber.com\/?p=34081"},"modified":"2022-08-12T19:59:21","modified_gmt":"2022-08-12T16:59:21","slug":"doya-doya-moda-banu-kimdir-banu-teker-diskalifiye-mi-oldu","status":"publish","type":"post","link":"https:\/\/adanaseshaber.com.tr\/?p=34081","title":{"rendered":"Doya Doya Moda Banu kimdir? Banu Teker diskalifiye mi oldu?"},"content":{"rendered":"<p>TV8 ekranlar\u0131nda yay\u0131nlanan sevilen moda yar\u0131\u015fmas\u0131 Doya Doya Moda\u2019n\u0131n yeni sezonu bomba gibi b\u00f6l\u00fcmlerle ekrana gelmeye devam ediyor. Her biri birbirinden iddial\u0131 yar\u0131\u015fmac\u0131lar\u0131 ve \u015fahane j\u00fcri \u00fcyeleri ile ekran maceras\u0131na devam eden sevilen programda \u00c7ar\u015famba g\u00fcn\u00fc yar\u0131\u015fmac\u0131lardan Banu\u2019nun formata ayk\u0131r\u0131 bir davran\u0131\u015fta bulunmas\u0131n\u0131n ard\u0131ndan yapt\u0131r\u0131m alaca\u011f\u0131 belirtilmi\u015fti. Doya Doya Moda\u2019n\u0131n dikkat \u00e7eken yar\u0131\u015fmac\u0131lar\u0131ndan biri olan Banu Teker\u2019in alaca\u011f\u0131 ceza merak konusu olurken Banu Teker\u2019in diskalifiye edilip edilmedi\u011fi ara\u015ft\u0131r\u0131lmaya ba\u015fland\u0131. Peki, Doya Doya Moda Banu kimdir? Doya Doya Moda Banu Teker diskalifiye mi oldu? Doya Doya Moda Banu cezas\u0131 ne? Doya Doya Moda Banu elendi mi? Doya Doya Moda Banu Teker Instagram hesab\u0131 nedir? \u0130\u015fte t\u00fcm merak edilenler\u2026<\/p>\n<p><strong>BANU TEKER K\u0130MD\u0130R?<\/strong><\/p>\n<p>4 Haziran 2000 y\u0131l\u0131nda Almanya\u2019da d\u00fcnyaya gelen Banu Teker, Marmara \u00dcniversitesi Tekstil Tasar\u0131m \u00f6\u011frencisidir. Banu Teker\u2019in daha \u00f6nce Kim Milyoner Olmak \u0130ster ve \u00c7ark\u0131felek yar\u0131\u015fmalar\u0131na da kat\u0131ld\u0131\u011f\u0131 \u00f6\u011frenildi. Doya Doya Moda\u2019n\u0131n yeni sezon yar\u0131\u015fmac\u0131lar\u0131 aras\u0131nda yer alan Banu Teker, moda konusunda \u00e7ok iddial\u0131 oldu\u011funu s\u00f6yl\u00fcyor. Banu, \u2018Bu zamana kadar alemin, arkada\u015flar\u0131m\u0131n ve \u00e7evremin prensesiydim. Buraya geldim. Doya Doya Moda\u2019n\u0131n ve T\u00fcrkiye\u2019nin prensesi olaca\u011f\u0131m.\u2019 s\u00f6zleriyle yar\u0131\u015fmadaki iddias\u0131n\u0131 dile getirdi.<\/p>\n<p><img loading=\"lazy\" decoding=\"async\" class=\"aligncenter wp-image-34091 size-full\" src=\"https:\/\/adanaseshaber.com.tr\/wp-content\/uploads\/2022\/08\/doya-doya-moda-banu-kimdir-banu-teker-diskalifiye-mi-oldu-1.jpg\" alt=\"\" width=\"1280\" height=\"720\" srcset=\"https:\/\/adanaseshaber.com.tr\/wp-content\/uploads\/2022\/08\/doya-doya-moda-banu-kimdir-banu-teker-diskalifiye-mi-oldu-1.jpg 1280w, https:\/\/adanaseshaber.com.tr\/wp-content\/uploads\/2022\/08\/doya-doya-moda-banu-kimdir-banu-teker-diskalifiye-mi-oldu-1-300x169.jpg 300w, https:\/\/adanaseshaber.com.tr\/wp-content\/uploads\/2022\/08\/doya-doya-moda-banu-kimdir-banu-teker-diskalifiye-mi-oldu-1-1024x576.jpg 1024w, https:\/\/adanaseshaber.com.tr\/wp-content\/uploads\/2022\/08\/doya-doya-moda-banu-kimdir-banu-teker-diskalifiye-mi-oldu-1-768x432.jpg 768w, https:\/\/adanaseshaber.com.tr\/wp-content\/uploads\/2022\/08\/doya-doya-moda-banu-kimdir-banu-teker-diskalifiye-mi-oldu-1-390x220.jpg 390w\" sizes=\"auto, (max-width: 1280px) 100vw, 1280px\" \/><\/p>\n<p><strong>DOYA DOYA MODA BANU D\u0130SKAL\u0130F\u0130YE M\u0130 OLDU?<\/strong><\/p>\n<p>Doya Doya Moda yar\u0131\u015fmac\u0131lar\u0131ndan Banu Teker, haz\u0131rlad\u0131\u011f\u0131 kombinin par\u00e7as\u0131 olan postal bot i\u00e7in ma\u011faza sahibi ile ileti\u015fime ge\u00e7erek yar\u0131\u015fma kurallar\u0131n\u0131 ihlal etti. Rakibi Aleyna ise durumu j\u00fcri \u00fcyeleri ile payla\u015ft\u0131. Yar\u0131\u015fma kurallar\u0131 gere\u011fince hi\u00e7bir yar\u0131\u015fmac\u0131 ma\u011faza sahibinin numaras\u0131n\u0131 alarak \u00f6nceden ara\u015ft\u0131rma yapamaz. Banu\u2019nun bu kural ihlalinin ard\u0131ndan j\u00fcri \u00fcyelerinden G\u00fcl\u015fah Sara\u00e7o\u011flu, bir yapt\u0131r\u0131m uygulanaca\u011f\u0131n\u0131 s\u00f6yledi ve oylama yap\u0131ld\u0131. J\u00fcri \u00fcyelerinden G\u00fcl\u015fah Sara\u00e7o\u011flu, Banu\u2019nun gitmesi y\u00f6n\u00fcnde oy kulland\u0131. U\u011furkan Erez, Yasemin Y\u0131lmaz ve Serdar Uzunta\u015f ise oyunu Banu\u2019nun kalmas\u0131ndan yana kulland\u0131. Bu durumda oy \u00e7oklu\u011fuyla Banu diskalifiye edilmedi. Banu\u2019ya verilen ceza ise 1 hafta boyunca 1 saat al\u0131\u015fveri\u015f yapmak oldu.<\/p>\n","protected":false},"excerpt":{"rendered":"<p>TV8 ekranlar\u0131nda yay\u0131nlanan sevilen moda yar\u0131\u015fmas\u0131 Doya Doya Moda\u2019n\u0131n yeni sezonu bomba gibi b\u00f6l\u00fcmlerle ekrana gelmeye devam ediyor. Her biri birbirinden iddial\u0131 yar\u0131\u015fmac\u0131lar\u0131 ve \u015fahane j\u00fcri \u00fcyeleri ile ekran maceras\u0131na devam eden sevilen programda \u00c7ar\u015famba g\u00fcn\u00fc yar\u0131\u015fmac\u0131lardan Banu\u2019nun formata ayk\u0131r\u0131 bir davran\u0131\u015fta bulunmas\u0131n\u0131n ard\u0131ndan yapt\u0131r\u0131m alaca\u011f\u0131 belirtilmi\u015fti. Doya Doya Moda\u2019n\u0131n dikkat \u00e7eken yar\u0131\u015fmac\u0131lar\u0131ndan biri olan &hellip;<\/p>\n","protected":false},"author":6,"featured_media":34082,"comment_status":"closed","ping_status":"closed","sticky":false,"template":"","format":"standard","meta":{"footnotes":""},"categories":[15431],"tags":[],"class_list":["post-34081","post","type-post","status-publish","format-standard","has-post-thumbnail","hentry","category-medya"],"amp_enabled":true,"_links":{"self":[{"href":"https:\/\/adanaseshaber.com.tr\/index.php?rest_route=\/wp\/v2\/posts\/34081","targetHints":{"allow":["GET"]}}],"collection":[{"href":"https:\/\/adanaseshaber.com.tr\/index.php?rest_route=\/wp\/v2\/posts"}],"about":[{"href":"https:\/\/adanaseshaber.com.tr\/index.php?rest_route=\/wp\/v2\/types\/post"}],"author":[{"embeddable":true,"href":"https:\/\/adanaseshaber.com.tr\/index.php?rest_route=\/wp\/v2\/users\/6"}],"replies":[{"embeddable":true,"href":"https:\/\/adanaseshaber.com.tr\/index.php?rest_route=%2Fwp%2Fv2%2Fcomments&post=34081"}],"version-history":[{"count":2,"href":"https:\/\/adanaseshaber.com.tr\/index.php?rest_route=\/wp\/v2\/posts\/34081\/revisions"}],"predecessor-version":[{"id":34093,"href":"https:\/\/adanaseshaber.com.tr\/index.php?rest_route=\/wp\/v2\/posts\/34081\/revisions\/34093"}],"wp:featuredmedia":[{"embeddable":true,"href":"https:\/\/adanaseshaber.com.tr\/index.php?rest_route=\/wp\/v2\/media\/34082"}],"wp:attachment":[{"href":"https:\/\/adanaseshaber.com.tr\/index.php?rest_route=%2Fwp%2Fv2%2Fmedia&parent=34081"}],"wp:term":[{"taxonomy":"category","embeddable":true,"href":"https:\/\/adanaseshaber.com.tr\/index.php?rest_route=%2Fwp%2Fv2%2Fcategories&post=34081"},{"taxonomy":"post_tag","embeddable":true,"href":"https:\/\/adanaseshaber.com.tr\/index.php?rest_route=%2Fwp%2Fv2%2Ftags&post=34081"}],"curies":[{"name":"wp","href":"https:\/\/api.w.org\/{rel}","templated":true}]}}