{"id":34097,"date":"2022-08-12T20:27:25","date_gmt":"2022-08-12T17:27:25","guid":{"rendered":"https:\/\/www.adanaseshaber.com\/?p=34097"},"modified":"2022-08-12T20:29:11","modified_gmt":"2022-08-12T17:29:11","slug":"yazar-salman-rusdi-new-yorkta-bicakli-saldiriya-ugradi","status":"publish","type":"post","link":"https:\/\/adanaseshaber.com.tr\/?p=34097","title":{"rendered":"Yazar Salman R\u00fc\u015fdi New York\u2019ta b\u0131\u00e7akl\u0131 sald\u0131r\u0131ya u\u011frad\u0131"},"content":{"rendered":"<p>Hint as\u0131ll\u0131 olan Britanyal\u0131 yazar ve romanc\u0131 Salman R\u00fc\u015fdi, New York\u2019ta bir etkinlik s\u0131ras\u0131nda b\u0131\u00e7akl\u0131 sald\u0131r\u0131ya u\u011frad\u0131. Boynundan b\u0131\u00e7ak darbesi ald\u0131\u011f\u0131 aktar\u0131lan Salman R\u00fc\u015fdi\u2019nin sa\u011fl\u0131k durumuyla ilgili herhangi bir bilgiye yer verilmedi. Yazd\u0131\u011f\u0131 kitaplarla s\u0131k s\u0131k \u00f6l\u00fcm tehditleri alan ve protestolara maruz kalan salman R\u00fc\u015fdi, \u2018\u015eeytan Ayetleri\u2019 kitab\u0131n\u0131n yazar\u0131d\u0131r. Yazd\u0131\u011f\u0131 kitaplarla d\u00fcnya genelinde \u00e7ok b\u00fcy\u00fck protestolarla kar\u015f\u0131la\u015fan ve s\u0131k s\u0131k \u00f6l\u00fcm tehditleri alan Salman R\u00fc\u015fdi, New York\u2019ta d\u00fczenlenen bir konferansta sahnede konu\u015fma yapt\u0131\u011f\u0131 s\u0131rada b\u0131\u00e7akl\u0131 sald\u0131r\u0131ya u\u011frad\u0131. Boynundan b\u0131\u00e7ak darbesi ald\u0131\u011f\u0131 a\u00e7\u0131klanan \u00fcnl\u00fc yazar\u0131n sa\u011fl\u0131k durumuyla ilgili herhangi bir bilgi bulunmuyor. \u0130\u015fte detaylar\u2026<\/p>\n<p><strong>BI\u00c7AKLI SALDIRI<\/strong><\/p>\n<p>\u2018\u015eeytan Ayetleri\u2019 kitab\u0131n\u0131n yazar\u0131 olan Salman R\u00fc\u015fdi, yazd\u0131\u011f\u0131 kitaplarla d\u00fcnya genelinde b\u00fcy\u00fck protestolar ve \u00f6l\u00fcm tehditleri al\u0131yordu. ABD\u2019nin New York eyaletinde d\u00fczenlenen bir konferansta sahneye \u00e7\u0131kan R\u00fc\u015fdi, sald\u0131r\u0131ya u\u011frad\u0131. Aktar\u0131lan bilgilere g\u00f6re izleyicilerden biri, Salman R\u00fc\u015fdi\u2019nin sahneye \u00e7\u0131kt\u0131\u011f\u0131 anlarda bir anda sahneye atlayarak R\u00fc\u015fdi\u2019ye yumruk att\u0131 ve ard\u0131ndan da b\u0131\u00e7aklad\u0131.<\/p>\n<p><img loading=\"lazy\" decoding=\"async\" class=\"aligncenter wp-image-34100 size-full\" src=\"https:\/\/adanaseshaber.com.tr\/wp-content\/uploads\/2022\/08\/yazar-salman-rusdi-new-yorkta-bicakli-saldiriya-ugradi-1.jpg\" alt=\"\" width=\"1280\" height=\"720\" srcset=\"https:\/\/adanaseshaber.com.tr\/wp-content\/uploads\/2022\/08\/yazar-salman-rusdi-new-yorkta-bicakli-saldiriya-ugradi-1.jpg 1280w, https:\/\/adanaseshaber.com.tr\/wp-content\/uploads\/2022\/08\/yazar-salman-rusdi-new-yorkta-bicakli-saldiriya-ugradi-1-300x169.jpg 300w, https:\/\/adanaseshaber.com.tr\/wp-content\/uploads\/2022\/08\/yazar-salman-rusdi-new-yorkta-bicakli-saldiriya-ugradi-1-1024x576.jpg 1024w, https:\/\/adanaseshaber.com.tr\/wp-content\/uploads\/2022\/08\/yazar-salman-rusdi-new-yorkta-bicakli-saldiriya-ugradi-1-768x432.jpg 768w, https:\/\/adanaseshaber.com.tr\/wp-content\/uploads\/2022\/08\/yazar-salman-rusdi-new-yorkta-bicakli-saldiriya-ugradi-1-390x220.jpg 390w\" sizes=\"auto, (max-width: 1280px) 100vw, 1280px\" \/><\/p>\n<p><strong>\u0130RAN D\u0130N\u0130 L\u0130DER\u0130 \u00d6L\u00dcM EMR\u0130 VERM\u0130\u015eT\u0130<\/strong><\/p>\n<p>\u00d6te yandan \u00fcnl\u00fc yazar Salman R\u00fc\u015fdi i\u00e7in yazd\u0131\u011f\u0131 yaz\u0131lar sebebiyle 1989 y\u0131l\u0131nda \u0130ran\u2019\u0131n dini lideri Ayetullah Humeyni taraf\u0131ndan \u00f6l\u00fcm emri verilmi\u015fti. \u0130ran dini lideri Ayetullah Humeyni, R\u00fc\u015fdi\u2019nin \u00f6ld\u00fcr\u00fclmesini emretmi\u015f ve bunun i\u00e7in 3 milyon dolar \u00f6d\u00fcl vadetmi\u015fti.<\/p>\n<p><strong>SALDIRGAN YAKALANDI<\/strong><\/p>\n<p>Salman R\u00fc\u015fdi\u2019ye \u00f6nce yumrukla sald\u0131ran daha sonra da b\u0131\u00e7aklayan sald\u0131rgan yakaland\u0131. New York polisi ise Salman R\u00fc\u015fdi\u2019nin sald\u0131r\u0131da boynundan b\u0131\u00e7ak darbesi ald\u0131\u011f\u0131n\u0131 a\u00e7\u0131klad\u0131. Hastaneye kald\u0131r\u0131lan Salman R\u00fc\u015fdi\u2019nin hayatta oldu\u011funu s\u00f6yleyen New York Valisi Kathy Hochul, etkinlik moderat\u00f6r\u00fcn\u00fcn de sald\u0131r\u0131ya u\u011frad\u0131\u011f\u0131 bilgisini kamuoyuyla payla\u015ft\u0131.<\/p>\n","protected":false},"excerpt":{"rendered":"<p>Hint as\u0131ll\u0131 olan Britanyal\u0131 yazar ve romanc\u0131 Salman R\u00fc\u015fdi, New York\u2019ta bir etkinlik s\u0131ras\u0131nda b\u0131\u00e7akl\u0131 sald\u0131r\u0131ya u\u011frad\u0131. Boynundan b\u0131\u00e7ak darbesi ald\u0131\u011f\u0131 aktar\u0131lan Salman R\u00fc\u015fdi\u2019nin sa\u011fl\u0131k durumuyla ilgili herhangi bir bilgiye yer verilmedi. Yazd\u0131\u011f\u0131 kitaplarla s\u0131k s\u0131k \u00f6l\u00fcm tehditleri alan ve protestolara maruz kalan salman R\u00fc\u015fdi, \u2018\u015eeytan Ayetleri\u2019 kitab\u0131n\u0131n yazar\u0131d\u0131r. Yazd\u0131\u011f\u0131 kitaplarla d\u00fcnya genelinde \u00e7ok b\u00fcy\u00fck &hellip;<\/p>\n","protected":false},"author":6,"featured_media":34098,"comment_status":"closed","ping_status":"closed","sticky":false,"template":"","format":"standard","meta":{"footnotes":""},"categories":[1],"tags":[],"class_list":["post-34097","post","type-post","status-publish","format-standard","has-post-thumbnail","hentry","category-genel"],"amp_enabled":true,"_links":{"self":[{"href":"https:\/\/adanaseshaber.com.tr\/index.php?rest_route=\/wp\/v2\/posts\/34097","targetHints":{"allow":["GET"]}}],"collection":[{"href":"https:\/\/adanaseshaber.com.tr\/index.php?rest_route=\/wp\/v2\/posts"}],"about":[{"href":"https:\/\/adanaseshaber.com.tr\/index.php?rest_route=\/wp\/v2\/types\/post"}],"author":[{"embeddable":true,"href":"https:\/\/adanaseshaber.com.tr\/index.php?rest_route=\/wp\/v2\/users\/6"}],"replies":[{"embeddable":true,"href":"https:\/\/adanaseshaber.com.tr\/index.php?rest_route=%2Fwp%2Fv2%2Fcomments&post=34097"}],"version-history":[{"count":3,"href":"https:\/\/adanaseshaber.com.tr\/index.php?rest_route=\/wp\/v2\/posts\/34097\/revisions"}],"predecessor-version":[{"id":34102,"href":"https:\/\/adanaseshaber.com.tr\/index.php?rest_route=\/wp\/v2\/posts\/34097\/revisions\/34102"}],"wp:featuredmedia":[{"embeddable":true,"href":"https:\/\/adanaseshaber.com.tr\/index.php?rest_route=\/wp\/v2\/media\/34098"}],"wp:attachment":[{"href":"https:\/\/adanaseshaber.com.tr\/index.php?rest_route=%2Fwp%2Fv2%2Fmedia&parent=34097"}],"wp:term":[{"taxonomy":"category","embeddable":true,"href":"https:\/\/adanaseshaber.com.tr\/index.php?rest_route=%2Fwp%2Fv2%2Fcategories&post=34097"},{"taxonomy":"post_tag","embeddable":true,"href":"https:\/\/adanaseshaber.com.tr\/index.php?rest_route=%2Fwp%2Fv2%2Ftags&post=34097"}],"curies":[{"name":"wp","href":"https:\/\/api.w.org\/{rel}","templated":true}]}}