{"id":34130,"date":"2022-08-13T00:34:52","date_gmt":"2022-08-12T21:34:52","guid":{"rendered":"https:\/\/www.adanaseshaber.com\/?p=34130"},"modified":"2022-08-13T00:35:34","modified_gmt":"2022-08-12T21:35:34","slug":"hazar-erguclu-show-tvnin-yeni-dizisinde-hazar-erguclu-kimdir-aslen-nereli","status":"publish","type":"post","link":"https:\/\/adanaseshaber.com.tr\/?p=34130","title":{"rendered":"Hazar Erg\u00fc\u00e7l\u00fc Show TV\u2019nin yeni dizisinde! Hazar Erg\u00fc\u00e7l\u00fc kimdir, aslen nereli?"},"content":{"rendered":"<p>Yeni sezonda Show TV\u2019de yay\u0131nlanacak olan Yeni \u0130stanbul dizisinin kadrosuna yeni bir isim daha kat\u0131ld\u0131. New Amsterdam dizisinden uyarlama olan dizinin ba\u015frol\u00fcnde \u00fcnl\u00fc oyuncu Ula\u015f Tuna Astepe yer al\u0131yor. Ula\u015f Tuna Astepe\u2019ye oyuncu Hazar Erg\u00fc\u00e7l\u00fc e\u015flik edecek. \u0130ki oyuncu y\u0131llar sonra yeniden partner olacak. Ula\u015f Tuna Astepe ve Hazar Erg\u00fc\u00e7l\u00fc, 2015 y\u0131l\u0131nda ekrana gelen Analar ve Anneler dizisinde rol alm\u0131\u015ft\u0131. Show TV\u2019nin yeni sezona damga vurmas\u0131 beklenen yeni dizisinin kadrosuna \u00fcnl\u00fc bir oyuncu daha eklendi. Yeni \u0130stanbul dizisinin kadrosuna dahil olan Hazar Erg\u00fc\u00e7l\u00fc g\u00fcndemin ilk s\u0131ralar\u0131na yerle\u015fti. Peki, Hazar Erg\u00fc\u00e7l\u00fc kimdir? Hazar Erg\u00fc\u00e7l\u00fc ka\u00e7 ya\u015f\u0131nda? Hazar Erg\u00fc\u00e7l\u00fc aslen nereli? \u0130\u015fte t\u00fcm merak edilenler\u2026<\/p>\n<p><strong>HAZAR ERG\u00dc\u00c7L\u00dc K\u0130MD\u0130R?<\/strong><\/p>\n<p>1 Ocak 1992 y\u0131l\u0131nda Kuzey K\u0131br\u0131s T\u00fcrk Cumhuriyeti\u2019nde d\u00fcnyaya gelen Hazar Erg\u00fc\u00e7l\u00fc, G\u00f6lgeler ve Suretler isimli sinema filmiyle profesyonel oyunculu\u011fa ilk ad\u0131m\u0131n\u0131 atm\u0131\u015ft\u0131r. Kanal D ekranlar\u0131nda yay\u0131nlanan Kuzey G\u00fcney adl\u0131 dizide Simay karakterine hayat verdi. Star TV ekranlar\u0131nda yay\u0131nlanan Medcezir isimli dizinin kadrosunda yer ald\u0131 ve dizide Eyl\u00fcl karakterine hayat verdi. Analar ve Aneler dizisinde Kader karakterini canland\u0131ran Hazar Erg\u00fc\u00e7l\u00fc, 2016 y\u0131l\u0131nda Star TV ekranlar\u0131nda yay\u0131nlanan Y\u00fcksek Sosyete dizisinde Engin \u00d6zt\u00fcrk ile ba\u015frol\u00fc payla\u015ft\u0131. 2017 y\u0131l\u0131nda yay\u0131nlanan Hayat S\u0131rlar\u0131 adl\u0131 dizide rol \u00fcstlenen Erg\u00fc\u00e7l\u00fc, \u00e7ok say\u0131da projede rol \u00fcstlenmi\u015f ve rol ald\u0131\u011f\u0131 yap\u0131mlarla ad\u0131n\u0131 geni\u015f kitlelere duyurmu\u015ftur.<\/p>\n<p><img loading=\"lazy\" decoding=\"async\" class=\"aligncenter wp-image-34132 size-full\" src=\"https:\/\/adanaseshaber.com.tr\/wp-content\/uploads\/2022\/08\/hazar-erguclu-show-tvnin-yeni-dizisinde-hazar-erguclu-kimdir-aslen-nereli-1.jpg\" alt=\"\" width=\"1280\" height=\"720\" srcset=\"https:\/\/adanaseshaber.com.tr\/wp-content\/uploads\/2022\/08\/hazar-erguclu-show-tvnin-yeni-dizisinde-hazar-erguclu-kimdir-aslen-nereli-1.jpg 1280w, https:\/\/adanaseshaber.com.tr\/wp-content\/uploads\/2022\/08\/hazar-erguclu-show-tvnin-yeni-dizisinde-hazar-erguclu-kimdir-aslen-nereli-1-300x169.jpg 300w, https:\/\/adanaseshaber.com.tr\/wp-content\/uploads\/2022\/08\/hazar-erguclu-show-tvnin-yeni-dizisinde-hazar-erguclu-kimdir-aslen-nereli-1-1024x576.jpg 1024w, https:\/\/adanaseshaber.com.tr\/wp-content\/uploads\/2022\/08\/hazar-erguclu-show-tvnin-yeni-dizisinde-hazar-erguclu-kimdir-aslen-nereli-1-768x432.jpg 768w, https:\/\/adanaseshaber.com.tr\/wp-content\/uploads\/2022\/08\/hazar-erguclu-show-tvnin-yeni-dizisinde-hazar-erguclu-kimdir-aslen-nereli-1-390x220.jpg 390w\" sizes=\"auto, (max-width: 1280px) 100vw, 1280px\" \/><\/p>\n<p><strong>SHOW TV\u2019N\u0130N YEN\u0130 D\u0130Z\u0130S\u0130N\u0130N KADROSUNA DAH\u0130L OLDU<\/strong><\/p>\n<p>\u00c7ok say\u0131da ba\u015far\u0131l\u0131 projede rol \u00fcstlenen \u00fcnl\u00fc oyuncu Hazar Erg\u00fc\u00e7l\u00fc, yeni sezonda Show TV ekranlar\u0131nda yay\u0131nlanacak olan Yeni \u0130stanbul dizisinin kadrosuna dahil oldu. \u00dcnl\u00fc oyuncu dizide Ula\u015f Tuna Astepe ile partner olacak.<\/p>\n<p>&nbsp;<\/p>\n","protected":false},"excerpt":{"rendered":"<p>Yeni sezonda Show TV\u2019de yay\u0131nlanacak olan Yeni \u0130stanbul dizisinin kadrosuna yeni bir isim daha kat\u0131ld\u0131. New Amsterdam dizisinden uyarlama olan dizinin ba\u015frol\u00fcnde \u00fcnl\u00fc oyuncu Ula\u015f Tuna Astepe yer al\u0131yor. Ula\u015f Tuna Astepe\u2019ye oyuncu Hazar Erg\u00fc\u00e7l\u00fc e\u015flik edecek. \u0130ki oyuncu y\u0131llar sonra yeniden partner olacak. Ula\u015f Tuna Astepe ve Hazar Erg\u00fc\u00e7l\u00fc, 2015 y\u0131l\u0131nda ekrana gelen Analar &hellip;<\/p>\n","protected":false},"author":6,"featured_media":34131,"comment_status":"closed","ping_status":"closed","sticky":false,"template":"","format":"standard","meta":{"footnotes":""},"categories":[15431],"tags":[],"class_list":["post-34130","post","type-post","status-publish","format-standard","has-post-thumbnail","hentry","category-medya"],"amp_enabled":true,"_links":{"self":[{"href":"https:\/\/adanaseshaber.com.tr\/index.php?rest_route=\/wp\/v2\/posts\/34130","targetHints":{"allow":["GET"]}}],"collection":[{"href":"https:\/\/adanaseshaber.com.tr\/index.php?rest_route=\/wp\/v2\/posts"}],"about":[{"href":"https:\/\/adanaseshaber.com.tr\/index.php?rest_route=\/wp\/v2\/types\/post"}],"author":[{"embeddable":true,"href":"https:\/\/adanaseshaber.com.tr\/index.php?rest_route=\/wp\/v2\/users\/6"}],"replies":[{"embeddable":true,"href":"https:\/\/adanaseshaber.com.tr\/index.php?rest_route=%2Fwp%2Fv2%2Fcomments&post=34130"}],"version-history":[{"count":2,"href":"https:\/\/adanaseshaber.com.tr\/index.php?rest_route=\/wp\/v2\/posts\/34130\/revisions"}],"predecessor-version":[{"id":34134,"href":"https:\/\/adanaseshaber.com.tr\/index.php?rest_route=\/wp\/v2\/posts\/34130\/revisions\/34134"}],"wp:featuredmedia":[{"embeddable":true,"href":"https:\/\/adanaseshaber.com.tr\/index.php?rest_route=\/wp\/v2\/media\/34131"}],"wp:attachment":[{"href":"https:\/\/adanaseshaber.com.tr\/index.php?rest_route=%2Fwp%2Fv2%2Fmedia&parent=34130"}],"wp:term":[{"taxonomy":"category","embeddable":true,"href":"https:\/\/adanaseshaber.com.tr\/index.php?rest_route=%2Fwp%2Fv2%2Fcategories&post=34130"},{"taxonomy":"post_tag","embeddable":true,"href":"https:\/\/adanaseshaber.com.tr\/index.php?rest_route=%2Fwp%2Fv2%2Ftags&post=34130"}],"curies":[{"name":"wp","href":"https:\/\/api.w.org\/{rel}","templated":true}]}}